{"id":52430,"date":"2016-07-12T21:15:25","date_gmt":"2016-07-13T00:15:25","guid":{"rendered":"http:\/\/www.hoymercedes.com.ar\/principal\/?p=52430"},"modified":"2016-07-12T21:22:21","modified_gmt":"2016-07-13T00:22:21","slug":"se-incendio-un-auto-en-12-y-25","status":"publish","type":"post","link":"https:\/\/www.hoymercedes.com.ar\/principal\/2016\/07\/12\/se-incendio-un-auto-en-12-y-25\/","title":{"rendered":"Se incendi\u00f3 un auto en 12 y 25"},"content":{"rendered":"<p>En las inmediaciones de la esquina de 12 y 25 un auto Ford Orion bord\u00f3 se prendi\u00f3 fuego en la parte delantera, debiendo intervenir el cuerpo de Bomberos Voluntarios de Mercedes de manera inmediata alejando a los vecinos puesto que el veh\u00edculo contaba con equipo a gas. El fuego fue sofocado. Afortunadamente no hubo v\u00edctimas y el propietario lleg\u00f3 a rescatar algunas de las pertenencias de su auto.<\/p>\n<p><span class=\"embed-youtube\" style=\"text-align:center; display: block;\"><iframe loading=\"lazy\" class=\"youtube-player\" width=\"1200\" height=\"675\" src=\"https:\/\/www.youtube.com\/embed\/tjXOWVwaj3E?version=3&#038;rel=1&#038;showsearch=0&#038;showinfo=1&#038;iv_load_policy=1&#038;fs=1&#038;hl=es-ES&#038;autohide=2&#038;wmode=transparent\" allowfullscreen=\"true\" style=\"border:0;\" sandbox=\"allow-scripts allow-same-origin allow-popups allow-presentation allow-popups-to-escape-sandbox\"><\/iframe><\/span><\/p>\n","protected":false},"excerpt":{"rendered":"<p>En las inmediaciones de la esquina de 12 y 25 un auto Ford Orion bord\u00f3 se prendi\u00f3 fuego en la &#8230; <a title=\"Se incendi\u00f3 un auto en 12 y 25\" class=\"read-more\" href=\"https:\/\/www.hoymercedes.com.ar\/principal\/2016\/07\/12\/se-incendio-un-auto-en-12-y-25\/\" aria-label=\"Leer m\u00e1s sobre Se incendi\u00f3 un auto en 12 y 25\">Leer m\u00e1s<\/a><\/p>\n","protected":false},"author":1,"featured_media":52436,"comment_status":"open","ping_status":"open","sticky":false,"template":"","format":"standard","meta":{"_monsterinsights_skip_tracking":false,"_monsterinsights_sitenote_active":false,"_monsterinsights_sitenote_note":"","_monsterinsights_sitenote_category":0,"jetpack_post_was_ever_published":false,"_jetpack_newsletter_access":"","_jetpack_dont_email_post_to_subs":false,"_jetpack_newsletter_tier_id":0,"_jetpack_memberships_contains_paywalled_content":false,"_jetpack_memberships_contains_paid_content":false,"footnotes":"","jetpack_publicize_message":"","jetpack_publicize_feature_enabled":true,"jetpack_social_post_already_shared":true,"jetpack_social_options":{"image_generator_settings":{"template":"highway","default_image_id":0,"font":"","enabled":false},"version":2},"_wpas_customize_per_network":false},"categories":[85],"tags":[865,286],"class_list":["post-52430","post","type-post","status-publish","format-standard","has-post-thumbnail","hentry","category-policial","tag-bomberos-voluntarios","tag-incendio","generate-columns","tablet-grid-50","mobile-grid-100","grid-parent","grid-50"],"jetpack_publicize_connections":[],"jetpack_featured_media_url":"https:\/\/www.hoymercedes.com.ar\/principal\/wp-content\/uploads\/2016\/07\/12-incendio.jpg","wps_subtitle":"Actividad de los bomberos","jetpack_sharing_enabled":true,"_links":{"self":[{"href":"https:\/\/www.hoymercedes.com.ar\/principal\/wp-json\/wp\/v2\/posts\/52430","targetHints":{"allow":["GET"]}}],"collection":[{"href":"https:\/\/www.hoymercedes.com.ar\/principal\/wp-json\/wp\/v2\/posts"}],"about":[{"href":"https:\/\/www.hoymercedes.com.ar\/principal\/wp-json\/wp\/v2\/types\/post"}],"author":[{"embeddable":true,"href":"https:\/\/www.hoymercedes.com.ar\/principal\/wp-json\/wp\/v2\/users\/1"}],"replies":[{"embeddable":true,"href":"https:\/\/www.hoymercedes.com.ar\/principal\/wp-json\/wp\/v2\/comments?post=52430"}],"version-history":[{"count":0,"href":"https:\/\/www.hoymercedes.com.ar\/principal\/wp-json\/wp\/v2\/posts\/52430\/revisions"}],"wp:featuredmedia":[{"embeddable":true,"href":"https:\/\/www.hoymercedes.com.ar\/principal\/wp-json\/wp\/v2\/media\/52436"}],"wp:attachment":[{"href":"https:\/\/www.hoymercedes.com.ar\/principal\/wp-json\/wp\/v2\/media?parent=52430"}],"wp:term":[{"taxonomy":"category","embeddable":true,"href":"https:\/\/www.hoymercedes.com.ar\/principal\/wp-json\/wp\/v2\/categories?post=52430"},{"taxonomy":"post_tag","embeddable":true,"href":"https:\/\/www.hoymercedes.com.ar\/principal\/wp-json\/wp\/v2\/tags?post=52430"}],"curies":[{"name":"wp","href":"https:\/\/api.w.org\/{rel}","templated":true}]}}