{"id":52446,"date":"2016-07-14T10:10:01","date_gmt":"2016-07-14T13:10:01","guid":{"rendered":"http:\/\/www.hoymercedes.com.ar\/principal\/?p=52446"},"modified":"2016-07-13T00:15:51","modified_gmt":"2016-07-13T03:15:51","slug":"el-cef-de-mercedes-participo-de-un-encuentro-minihandball","status":"publish","type":"post","link":"https:\/\/www.hoymercedes.com.ar\/principal\/2016\/07\/14\/el-cef-de-mercedes-participo-de-un-encuentro-minihandball\/","title":{"rendered":"El CEF de Mercedes particip\u00f3 de un Encuentro MiniHandball"},"content":{"rendered":"<p><em><strong>Prensa LiMeBa. El CEF N\u00b030 de Suipacha, organiz\u00f3 un nuevo Encuentro InterCEF de minihandball. El local, recibi\u00f3 a los de Mercedes y San Andr\u00e9s de Giles.<\/strong><\/em><\/p>\n<p><img loading=\"lazy\" decoding=\"async\" data-attachment-id=\"52447\" data-permalink=\"https:\/\/www.hoymercedes.com.ar\/principal\/2016\/07\/14\/el-cef-de-mercedes-participo-de-un-encuentro-minihandball\/minihandball-suipacha-1\/#main\" data-orig-file=\"https:\/\/www.hoymercedes.com.ar\/principal\/wp-content\/uploads\/2016\/07\/minihandball-suipacha-1.jpg\" data-orig-size=\"960,540\" data-comments-opened=\"1\" data-image-meta=\"{&quot;aperture&quot;:&quot;0&quot;,&quot;credit&quot;:&quot;&quot;,&quot;camera&quot;:&quot;&quot;,&quot;caption&quot;:&quot;&quot;,&quot;created_timestamp&quot;:&quot;0&quot;,&quot;copyright&quot;:&quot;&quot;,&quot;focal_length&quot;:&quot;0&quot;,&quot;iso&quot;:&quot;0&quot;,&quot;shutter_speed&quot;:&quot;0&quot;,&quot;title&quot;:&quot;&quot;,&quot;orientation&quot;:&quot;0&quot;}\" data-image-title=\"minihandball suipacha 1\" data-image-description=\"\" data-image-caption=\"\" data-large-file=\"https:\/\/www.hoymercedes.com.ar\/principal\/wp-content\/uploads\/2016\/07\/minihandball-suipacha-1.jpg\" class=\"aligncenter size-medium wp-image-52447\" src=\"https:\/\/www.hoymercedes.com.ar\/principal\/wp-content\/uploads\/2016\/07\/minihandball-suipacha-1-630x354.jpg\" alt=\"minihandball suipacha 1\" width=\"630\" height=\"354\" srcset=\"https:\/\/www.hoymercedes.com.ar\/principal\/wp-content\/uploads\/2016\/07\/minihandball-suipacha-1-630x354.jpg 630w, https:\/\/www.hoymercedes.com.ar\/principal\/wp-content\/uploads\/2016\/07\/minihandball-suipacha-1-150x84.jpg 150w, https:\/\/www.hoymercedes.com.ar\/principal\/wp-content\/uploads\/2016\/07\/minihandball-suipacha-1.jpg 960w\" sizes=\"auto, (max-width: 630px) 100vw, 630px\" \/><\/p>\n<p>Durante el d\u00eda martes 12, se realiz\u00f3 en Suipacha un nuevo encuentro de mini handball organizado por el CEF N\u00b030 de esa ciudad y cont\u00f3 con la participaci\u00f3n de los Centros de Educaci\u00f3n F\u00edsica de las ciudades de Mercedes y San Andr\u00e9s de Giles.<span id=\"more-1792\"><\/span><\/p>\n<p>El CEF N\u00b040 de Mercedes, particip\u00f3 con una delegaci\u00f3n de 30 alumnos, acompa\u00f1ados por los docentes Renato M\u00f3naco, M\u00f3nica Morell y Dami\u00e1n Altieri. Durante la jornada, los diferentes equipos pudieron disfrutar de 4 encuentros, enfrentando a distintos equipos de las diferentes ciudades en partidos de 10 minutos de duraci\u00f3n cada uno.<\/p>\n<p>Durante el receso del almuerzo, los alumnos de los tres Centros de Educaci\u00f3n F\u00edsica, recibieron una charla sobre \u201clesiones en el deporte\u201d, brindada por el m\u00e9dico de la instituci\u00f3n, que ilustr\u00f3 a los chicos sobre los cuidados que se deben tener al momento de golpes, esguinces o quebraduras.<\/p>\n<p>La jornada deportiva, finaliz\u00f3 a las 14 cuando se entregaron los reconocimientos a las instituciones participantes, siendo un reloj conmemorativo del CEF N\u00b030 y una foto con todos los participantes.<\/p>\n<p><img loading=\"lazy\" decoding=\"async\" data-attachment-id=\"52448\" data-permalink=\"https:\/\/www.hoymercedes.com.ar\/principal\/2016\/07\/14\/el-cef-de-mercedes-participo-de-un-encuentro-minihandball\/minihandball-suipacha-2\/#main\" data-orig-file=\"https:\/\/www.hoymercedes.com.ar\/principal\/wp-content\/uploads\/2016\/07\/minihandball-suipacha-2.jpg\" data-orig-size=\"960,540\" data-comments-opened=\"1\" data-image-meta=\"{&quot;aperture&quot;:&quot;0&quot;,&quot;credit&quot;:&quot;&quot;,&quot;camera&quot;:&quot;&quot;,&quot;caption&quot;:&quot;&quot;,&quot;created_timestamp&quot;:&quot;0&quot;,&quot;copyright&quot;:&quot;&quot;,&quot;focal_length&quot;:&quot;0&quot;,&quot;iso&quot;:&quot;0&quot;,&quot;shutter_speed&quot;:&quot;0&quot;,&quot;title&quot;:&quot;&quot;,&quot;orientation&quot;:&quot;0&quot;}\" data-image-title=\"minihandball suipacha 2\" data-image-description=\"\" data-image-caption=\"\" data-large-file=\"https:\/\/www.hoymercedes.com.ar\/principal\/wp-content\/uploads\/2016\/07\/minihandball-suipacha-2.jpg\" class=\"aligncenter size-medium wp-image-52448\" src=\"https:\/\/www.hoymercedes.com.ar\/principal\/wp-content\/uploads\/2016\/07\/minihandball-suipacha-2-630x354.jpg\" alt=\"minihandball suipacha 2\" width=\"630\" height=\"354\" srcset=\"https:\/\/www.hoymercedes.com.ar\/principal\/wp-content\/uploads\/2016\/07\/minihandball-suipacha-2-630x354.jpg 630w, https:\/\/www.hoymercedes.com.ar\/principal\/wp-content\/uploads\/2016\/07\/minihandball-suipacha-2-150x84.jpg 150w, https:\/\/www.hoymercedes.com.ar\/principal\/wp-content\/uploads\/2016\/07\/minihandball-suipacha-2.jpg 960w\" sizes=\"auto, (max-width: 630px) 100vw, 630px\" \/><\/p>\n","protected":false},"excerpt":{"rendered":"<p>Prensa LiMeBa. El CEF N\u00b030 de Suipacha, organiz\u00f3 un nuevo Encuentro InterCEF de minihandball. El local, recibi\u00f3 a los de &#8230; <a title=\"El CEF de Mercedes particip\u00f3 de un Encuentro MiniHandball\" class=\"read-more\" href=\"https:\/\/www.hoymercedes.com.ar\/principal\/2016\/07\/14\/el-cef-de-mercedes-participo-de-un-encuentro-minihandball\/\" aria-label=\"Leer m\u00e1s sobre El CEF de Mercedes particip\u00f3 de un Encuentro MiniHandball\">Leer m\u00e1s<\/a><\/p>\n","protected":false},"author":1,"featured_media":52448,"comment_status":"open","ping_status":"open","sticky":false,"template":"","format":"standard","meta":{"_monsterinsights_skip_tracking":false,"_monsterinsights_sitenote_active":false,"_monsterinsights_sitenote_note":"","_monsterinsights_sitenote_category":0,"jetpack_post_was_ever_published":false,"_jetpack_newsletter_access":"","_jetpack_dont_email_post_to_subs":false,"_jetpack_newsletter_tier_id":0,"_jetpack_memberships_contains_paywalled_content":false,"_jetpack_memberships_contains_paid_content":false,"footnotes":"","jetpack_publicize_message":"","jetpack_publicize_feature_enabled":true,"jetpack_social_post_already_shared":true,"jetpack_social_options":{"image_generator_settings":{"template":"highway","default_image_id":0,"font":"","enabled":false},"version":2},"_wpas_customize_per_network":false},"categories":[21],"tags":[9071,8487,9713,9371,2123,559],"class_list":["post-52446","post","type-post","status-publish","format-standard","has-post-thumbnail","hentry","category-deportes","tag-cef","tag-handball","tag-intercef","tag-limeba","tag-san-andres-de-giles","tag-suipacha","generate-columns","tablet-grid-50","mobile-grid-100","grid-parent","grid-50"],"jetpack_publicize_connections":[],"jetpack_featured_media_url":"https:\/\/www.hoymercedes.com.ar\/principal\/wp-content\/uploads\/2016\/07\/minihandball-suipacha-2.jpg","wps_subtitle":"En Suipacha, junto a Giles","jetpack_sharing_enabled":true,"_links":{"self":[{"href":"https:\/\/www.hoymercedes.com.ar\/principal\/wp-json\/wp\/v2\/posts\/52446","targetHints":{"allow":["GET"]}}],"collection":[{"href":"https:\/\/www.hoymercedes.com.ar\/principal\/wp-json\/wp\/v2\/posts"}],"about":[{"href":"https:\/\/www.hoymercedes.com.ar\/principal\/wp-json\/wp\/v2\/types\/post"}],"author":[{"embeddable":true,"href":"https:\/\/www.hoymercedes.com.ar\/principal\/wp-json\/wp\/v2\/users\/1"}],"replies":[{"embeddable":true,"href":"https:\/\/www.hoymercedes.com.ar\/principal\/wp-json\/wp\/v2\/comments?post=52446"}],"version-history":[{"count":0,"href":"https:\/\/www.hoymercedes.com.ar\/principal\/wp-json\/wp\/v2\/posts\/52446\/revisions"}],"wp:featuredmedia":[{"embeddable":true,"href":"https:\/\/www.hoymercedes.com.ar\/principal\/wp-json\/wp\/v2\/media\/52448"}],"wp:attachment":[{"href":"https:\/\/www.hoymercedes.com.ar\/principal\/wp-json\/wp\/v2\/media?parent=52446"}],"wp:term":[{"taxonomy":"category","embeddable":true,"href":"https:\/\/www.hoymercedes.com.ar\/principal\/wp-json\/wp\/v2\/categories?post=52446"},{"taxonomy":"post_tag","embeddable":true,"href":"https:\/\/www.hoymercedes.com.ar\/principal\/wp-json\/wp\/v2\/tags?post=52446"}],"curies":[{"name":"wp","href":"https:\/\/api.w.org\/{rel}","templated":true}]}}