{"id":52474,"date":"2016-07-13T16:21:53","date_gmt":"2016-07-13T19:21:53","guid":{"rendered":"http:\/\/www.hoymercedes.com.ar\/principal\/?p=52474"},"modified":"2016-07-13T16:23:45","modified_gmt":"2016-07-13T19:23:45","slug":"invitan-a-comerciantes-a-foro-de-seguridad","status":"publish","type":"post","link":"https:\/\/www.hoymercedes.com.ar\/principal\/2016\/07\/13\/invitan-a-comerciantes-a-foro-de-seguridad\/","title":{"rendered":"Invitan a comerciantes a Foro de Seguridad"},"content":{"rendered":"<p>El pr\u00f3ximo lunes 18 de julio, 15 horas, en la C\u00e1mara Econ\u00f3mica Mercedina (avenida 29 N\u00b0638),\u00a0se propone el espacio del foro de seguridad para todos los comerciantes.<\/p>\n<p>El encuentro se llevar\u00e1 a cabo con la presencia de la Secretaria de Control Urbano Dra. Josefina Kelly,\u00a0el Director de Seguridad Esteban Rossi, el comisario de la polic\u00eda de prevenci\u00f3n local Jos\u00e9 Luis Gimeno \u00a0y el equipo interdisciplinario de la Oficina de Abordaje de Conflicto y Violencia.<\/p>\n<p>Todos los lunes la oficina de abordaje en conflicto y violencia realiza en los distintos barrios de nuestra ciudad un foro de seguridad. Se trata de un espacio de intercambio en el que los vecinos puedan manifestar aquellas cuestiones que hacen a la falta de seguridad en las respectivas zonas.<\/p>\n<p>Se indaga acerca de tres ejes que indican la situaci\u00f3n de seguridad actual: la conflictividad social, las condiciones del espacio p\u00fablico y los recursos de prevenci\u00f3n del delito.<\/p>\n","protected":false},"excerpt":{"rendered":"<p>El pr\u00f3ximo lunes 18 de julio, 15 horas, en la C\u00e1mara Econ\u00f3mica Mercedina (avenida 29 N\u00b0638),\u00a0se propone el espacio del &#8230; <a title=\"Invitan a comerciantes a Foro de Seguridad\" class=\"read-more\" href=\"https:\/\/www.hoymercedes.com.ar\/principal\/2016\/07\/13\/invitan-a-comerciantes-a-foro-de-seguridad\/\" aria-label=\"Leer m\u00e1s sobre Invitan a comerciantes a Foro de Seguridad\">Leer m\u00e1s<\/a><\/p>\n","protected":false},"author":1,"featured_media":0,"comment_status":"open","ping_status":"open","sticky":false,"template":"","format":"standard","meta":{"_monsterinsights_skip_tracking":false,"_monsterinsights_sitenote_active":false,"_monsterinsights_sitenote_note":"","_monsterinsights_sitenote_category":0,"jetpack_post_was_ever_published":false,"_jetpack_newsletter_access":"","_jetpack_dont_email_post_to_subs":false,"_jetpack_newsletter_tier_id":0,"_jetpack_memberships_contains_paywalled_content":false,"_jetpack_memberships_contains_paid_content":false,"footnotes":"","jetpack_publicize_message":"","jetpack_publicize_feature_enabled":true,"jetpack_social_post_already_shared":true,"jetpack_social_options":{"image_generator_settings":{"template":"highway","default_image_id":0,"font":"","enabled":false},"version":2},"_wpas_customize_per_network":false},"categories":[11],"tags":[9723,9722,802],"class_list":["post-52474","post","type-post","status-publish","format-standard","hentry","category-ciudad","tag-comerciantes","tag-foro","tag-seguridad","generate-columns","tablet-grid-50","mobile-grid-100","grid-parent","grid-50"],"jetpack_publicize_connections":[],"jetpack_featured_media_url":"","wps_subtitle":"","jetpack_sharing_enabled":true,"_links":{"self":[{"href":"https:\/\/www.hoymercedes.com.ar\/principal\/wp-json\/wp\/v2\/posts\/52474","targetHints":{"allow":["GET"]}}],"collection":[{"href":"https:\/\/www.hoymercedes.com.ar\/principal\/wp-json\/wp\/v2\/posts"}],"about":[{"href":"https:\/\/www.hoymercedes.com.ar\/principal\/wp-json\/wp\/v2\/types\/post"}],"author":[{"embeddable":true,"href":"https:\/\/www.hoymercedes.com.ar\/principal\/wp-json\/wp\/v2\/users\/1"}],"replies":[{"embeddable":true,"href":"https:\/\/www.hoymercedes.com.ar\/principal\/wp-json\/wp\/v2\/comments?post=52474"}],"version-history":[{"count":0,"href":"https:\/\/www.hoymercedes.com.ar\/principal\/wp-json\/wp\/v2\/posts\/52474\/revisions"}],"wp:attachment":[{"href":"https:\/\/www.hoymercedes.com.ar\/principal\/wp-json\/wp\/v2\/media?parent=52474"}],"wp:term":[{"taxonomy":"category","embeddable":true,"href":"https:\/\/www.hoymercedes.com.ar\/principal\/wp-json\/wp\/v2\/categories?post=52474"},{"taxonomy":"post_tag","embeddable":true,"href":"https:\/\/www.hoymercedes.com.ar\/principal\/wp-json\/wp\/v2\/tags?post=52474"}],"curies":[{"name":"wp","href":"https:\/\/api.w.org\/{rel}","templated":true}]}}