{"id":5248,"date":"2011-06-25T23:33:22","date_gmt":"2011-06-25T23:33:22","guid":{"rendered":"http:\/\/www.hoymercedes.com.ar\/principal\/?p=5248"},"modified":"2011-06-25T23:34:38","modified_gmt":"2011-06-25T23:34:38","slug":"wado-de-pedro-mencionado-como-candidato-al-senado-o-a-diputados","status":"publish","type":"post","link":"https:\/\/www.hoymercedes.com.ar\/principal\/2011\/06\/25\/wado-de-pedro-mencionado-como-candidato-al-senado-o-a-diputados\/","title":{"rendered":"Wado de Pedro mencionado como candidato al Senado o a Diputados"},"content":{"rendered":"<p>Dentro de la cantidad de versiones que circulan alrededor del oficialismo se est\u00e1 manejando desde la tarde del s\u00e1bado que al interior de la lista del Frente para la Victoria para el Senado de la Naci\u00f3n estar\u00eda el mercedino Eduargo \u00abWado\u00bb de Pedro.<\/p>\n<p>En algunos sitios de intentet no saben si colocarlo en el Senado o en la C\u00e1mara de Diputados dado que las especulaciones son grandes, sin embargo, dentro de los espacios que se dice ser\u00e1n adjudicados a la Agrupaci\u00f3n Pol\u00edtica La C\u00e1mpora ir\u00edan a una de las C\u00e1maras Laroque mientras que a la otra De Pedro.<\/p>\n<p>A su vez se afirma que tambi\u00e9n por la Provincia de Buenos Aires ir\u00eda Facundo Moyano.<\/p>\n<p>En las pr\u00f3ximas horas se conocer\u00e1 con mayor precisi\u00f3n dado que es el d\u00eda clave de las presentaciones.<\/p>\n","protected":false},"excerpt":{"rendered":"<p>Dentro de la cantidad de versiones que circulan alrededor del oficialismo se est\u00e1 manejando desde la tarde del s\u00e1bado que &#8230; <a title=\"Wado de Pedro mencionado como candidato al Senado o a Diputados\" class=\"read-more\" href=\"https:\/\/www.hoymercedes.com.ar\/principal\/2011\/06\/25\/wado-de-pedro-mencionado-como-candidato-al-senado-o-a-diputados\/\" aria-label=\"Leer m\u00e1s sobre Wado de Pedro mencionado como candidato al Senado o a Diputados\">Leer m\u00e1s<\/a><\/p>\n","protected":false},"author":1,"featured_media":0,"comment_status":"open","ping_status":"open","sticky":false,"template":"","format":"standard","meta":{"_monsterinsights_skip_tracking":false,"_monsterinsights_sitenote_active":false,"_monsterinsights_sitenote_note":"","_monsterinsights_sitenote_category":0,"jetpack_post_was_ever_published":false,"_jetpack_newsletter_access":"","_jetpack_dont_email_post_to_subs":false,"_jetpack_newsletter_tier_id":0,"_jetpack_memberships_contains_paywalled_content":false,"_jetpack_memberships_contains_paid_content":false,"footnotes":"","jetpack_publicize_message":"","jetpack_publicize_feature_enabled":true,"jetpack_social_post_already_shared":false,"jetpack_social_options":{"image_generator_settings":{"template":"highway","default_image_id":0,"font":"","enabled":false},"version":2},"_wpas_customize_per_network":false},"categories":[5],"tags":[281],"class_list":["post-5248","post","type-post","status-publish","format-standard","hentry","category-politica","tag-wado-de-pedro","generate-columns","tablet-grid-50","mobile-grid-100","grid-parent","grid-50"],"jetpack_publicize_connections":[],"jetpack_featured_media_url":"","wps_subtitle":"","jetpack_sharing_enabled":true,"_links":{"self":[{"href":"https:\/\/www.hoymercedes.com.ar\/principal\/wp-json\/wp\/v2\/posts\/5248","targetHints":{"allow":["GET"]}}],"collection":[{"href":"https:\/\/www.hoymercedes.com.ar\/principal\/wp-json\/wp\/v2\/posts"}],"about":[{"href":"https:\/\/www.hoymercedes.com.ar\/principal\/wp-json\/wp\/v2\/types\/post"}],"author":[{"embeddable":true,"href":"https:\/\/www.hoymercedes.com.ar\/principal\/wp-json\/wp\/v2\/users\/1"}],"replies":[{"embeddable":true,"href":"https:\/\/www.hoymercedes.com.ar\/principal\/wp-json\/wp\/v2\/comments?post=5248"}],"version-history":[{"count":0,"href":"https:\/\/www.hoymercedes.com.ar\/principal\/wp-json\/wp\/v2\/posts\/5248\/revisions"}],"wp:attachment":[{"href":"https:\/\/www.hoymercedes.com.ar\/principal\/wp-json\/wp\/v2\/media?parent=5248"}],"wp:term":[{"taxonomy":"category","embeddable":true,"href":"https:\/\/www.hoymercedes.com.ar\/principal\/wp-json\/wp\/v2\/categories?post=5248"},{"taxonomy":"post_tag","embeddable":true,"href":"https:\/\/www.hoymercedes.com.ar\/principal\/wp-json\/wp\/v2\/tags?post=5248"}],"curies":[{"name":"wp","href":"https:\/\/api.w.org\/{rel}","templated":true}]}}