{"id":52531,"date":"2016-07-15T15:26:53","date_gmt":"2016-07-15T18:26:53","guid":{"rendered":"http:\/\/www.hoymercedes.com.ar\/principal\/?p=52531"},"modified":"2016-07-15T15:26:53","modified_gmt":"2016-07-15T18:26:53","slug":"entregan-certificados-de-cursos-en-la-unidad-5","status":"publish","type":"post","link":"https:\/\/www.hoymercedes.com.ar\/principal\/2016\/07\/15\/entregan-certificados-de-cursos-en-la-unidad-5\/","title":{"rendered":"Entregan certificados de cursos en la Unidad 5"},"content":{"rendered":"<p>&nbsp;<\/p>\n<p>El mi\u00e9rcoles culmin\u00f3, en la Unidad Penitenciaria N\u00ba 5 la capacitaci\u00f3n en Manipulaci\u00f3n de Alimentos en el marco de la puesta en valor del Sector Panader\u00eda.<\/p>\n<p>En el acto, estuvieron presentes el Ing.\u00a0Jorge Mehaudy, asesor del ministro de Justicia de la provincia de Buenos Aires,\u00a0 el Director de Trabajo Penitenciario, Mart\u00edn Marcos, el Jefe de Complejo Penitenciario Norte Ram\u00f3n Gimenez, el Director de la Unidad 5, Adolfo Cersosimo, la Presidenta del Consejo Escolar local, Ana Darritchon,\u00a0 el profesor a cargo el Analista en Calidad de Alimentos Gustavo Soll\u00e9\u00a0 y personal penitenciario.<\/p>\n<p>Cersosimo dio la bienvenida a las autoridades y agradeci\u00f3 que se capacite a los internos, y que se empiece con las refacciones necesarias en la panader\u00eda.<\/p>\n<p>Por su parte el Director de Trabajo Mart\u00edn Marcos, resalto el compromiso del asesor Mehaudy, del profesor en viajar y dar el curso, de los Directivos y personal de la Unidad\u00a0 y de los internos, que pusieron todo para aprender de manera intensiva los conocimientos que se les brindo.<\/p>\n<p>En el cierre del acto hablo el Asesor del Ministerio de Justicia, Ing. Jorge Mehaudy, quien expreso: \u201cque la Unidad 5 est\u00e1 haciendo historia, marc\u00f3 un camino importante dentro del Servicio Penitenciario Bonaerense, fue la primera en inaugurarse y construirse y ahora, comenzamos ac\u00e1 un proyecto de producci\u00f3n para consumo interno y externo, esta vez estamos haciendo todo para cumplir con toda la parte legal necear\u00eda. Les entregaremos la Libreta Sanitaria para que los autorice a la Manipulaci\u00f3n de Alimentos, pediremos la habilitaci\u00f3n de Bromatolog\u00eda de la Municipalidad y pondremos en valor la panader\u00eda, y luego este proyecto lo vamos a replicar en las panader\u00edas de las dem\u00e1s unidades. Vamos a hacer el pan, junto a otros proyectores productivos como taller de costura, taller de chapa y pintura, que en esta unidad ya esta funcionando, entre otros. Las Unidades tienen que estar bien, para que ustedes, los internos, est\u00e9n tambi\u00e9n bien, porque el castigo es que est\u00e9n ac\u00e1, el transito por la c\u00e1rcel debe ser bueno para que tengan un buen futuro.<\/p>\n<p>En otra parte se refiri\u00f3 al convenio que se esta gestando con el Consejo Escolar y destac\u00f3 que por todo lo que se consuma y venda (en este caso para los comedores de las escuelas) recibir\u00e1n un pago y adem\u00e1s la parte social es muy importante.<\/p>\n<p>Recibieron sus diplomas 19 internos y 5 maestros \u2013personal de la Unidad que ense\u00f1an el oficio-. y tema del que aprendieron fue\u00a0 la manipulaci\u00f3n de alimentos en general, y la contaminaci\u00f3n o ETA (Enfermedades Trasmitidas por Alimentos) espec\u00edfica del rubro panader\u00eda.<\/p>\n<p>&nbsp;<\/p>\n<p>Fuente; Prensa Unidad 5<\/p>\n","protected":false},"excerpt":{"rendered":"<p>&nbsp; El mi\u00e9rcoles culmin\u00f3, en la Unidad Penitenciaria N\u00ba 5 la capacitaci\u00f3n en Manipulaci\u00f3n de Alimentos en el marco de &#8230; <a title=\"Entregan certificados de cursos en la Unidad 5\" class=\"read-more\" href=\"https:\/\/www.hoymercedes.com.ar\/principal\/2016\/07\/15\/entregan-certificados-de-cursos-en-la-unidad-5\/\" aria-label=\"Leer m\u00e1s sobre Entregan certificados de cursos en la Unidad 5\">Leer m\u00e1s<\/a><\/p>\n","protected":false},"author":1,"featured_media":52532,"comment_status":"open","ping_status":"open","sticky":false,"template":"","format":"standard","meta":{"_monsterinsights_skip_tracking":false,"_monsterinsights_sitenote_active":false,"_monsterinsights_sitenote_note":"","_monsterinsights_sitenote_category":0,"jetpack_post_was_ever_published":false,"_jetpack_newsletter_access":"","_jetpack_dont_email_post_to_subs":false,"_jetpack_newsletter_tier_id":0,"_jetpack_memberships_contains_paywalled_content":false,"_jetpack_memberships_contains_paid_content":false,"footnotes":"","jetpack_publicize_message":"","jetpack_publicize_feature_enabled":true,"jetpack_social_post_already_shared":true,"jetpack_social_options":{"image_generator_settings":{"template":"highway","default_image_id":0,"font":"","enabled":false},"version":2},"_wpas_customize_per_network":false},"categories":[8],"tags":[1011,6411,113],"class_list":["post-52531","post","type-post","status-publish","format-standard","has-post-thumbnail","hentry","category-sociedad","tag-carcel","tag-manipulacion-de-alimentos","tag-unidad-5","generate-columns","tablet-grid-50","mobile-grid-100","grid-parent","grid-50"],"jetpack_publicize_connections":[],"jetpack_featured_media_url":"https:\/\/www.hoymercedes.com.ar\/principal\/wp-content\/uploads\/2016\/07\/15-unidad-5.jpg","wps_subtitle":"Manipulaci\u00f3n de Alimentos","jetpack_sharing_enabled":true,"_links":{"self":[{"href":"https:\/\/www.hoymercedes.com.ar\/principal\/wp-json\/wp\/v2\/posts\/52531","targetHints":{"allow":["GET"]}}],"collection":[{"href":"https:\/\/www.hoymercedes.com.ar\/principal\/wp-json\/wp\/v2\/posts"}],"about":[{"href":"https:\/\/www.hoymercedes.com.ar\/principal\/wp-json\/wp\/v2\/types\/post"}],"author":[{"embeddable":true,"href":"https:\/\/www.hoymercedes.com.ar\/principal\/wp-json\/wp\/v2\/users\/1"}],"replies":[{"embeddable":true,"href":"https:\/\/www.hoymercedes.com.ar\/principal\/wp-json\/wp\/v2\/comments?post=52531"}],"version-history":[{"count":0,"href":"https:\/\/www.hoymercedes.com.ar\/principal\/wp-json\/wp\/v2\/posts\/52531\/revisions"}],"wp:featuredmedia":[{"embeddable":true,"href":"https:\/\/www.hoymercedes.com.ar\/principal\/wp-json\/wp\/v2\/media\/52532"}],"wp:attachment":[{"href":"https:\/\/www.hoymercedes.com.ar\/principal\/wp-json\/wp\/v2\/media?parent=52531"}],"wp:term":[{"taxonomy":"category","embeddable":true,"href":"https:\/\/www.hoymercedes.com.ar\/principal\/wp-json\/wp\/v2\/categories?post=52531"},{"taxonomy":"post_tag","embeddable":true,"href":"https:\/\/www.hoymercedes.com.ar\/principal\/wp-json\/wp\/v2\/tags?post=52531"}],"curies":[{"name":"wp","href":"https:\/\/api.w.org\/{rel}","templated":true}]}}