{"id":52534,"date":"2016-07-15T15:51:08","date_gmt":"2016-07-15T18:51:08","guid":{"rendered":"http:\/\/www.hoymercedes.com.ar\/principal\/?p=52534"},"modified":"2016-07-15T15:51:08","modified_gmt":"2016-07-15T18:51:08","slug":"lanzaron-convocatoria-para-el-salon-de-fotografia","status":"publish","type":"post","link":"https:\/\/www.hoymercedes.com.ar\/principal\/2016\/07\/15\/lanzaron-convocatoria-para-el-salon-de-fotografia\/","title":{"rendered":"Lanzaron convocatoria para el Sal\u00f3n de Fotograf\u00eda"},"content":{"rendered":"<p>Esperada por los fot\u00f3grafos de la regi\u00f3n, se lanz\u00f3 la convocatoria para participar del\u00a08\u00ba Sal\u00f3n Anual Nacional de Fotograf\u00eda \u00abCiudad de Mercedes\u00bb, muestra que se inaugurar\u00e1 el pr\u00f3ximo 17 de septiembre en el Museo de Arte \u00abMunicipalidad de Mercedes\u00bb.<\/p>\n<p>Las <a href=\"http:\/\/www.mediafire.com\/download\/fhpapwpxu6wgc84\/Reglamento+8\u00ba+Sal\u00f3n+de+Fotograf\u00eda+2016.pdf\" target=\"_blank\" rel=\"noopener\">bases y condiciones<\/a>\u00a0est\u00e1n disponibles en la web o\u00a0se puede pedir en el Museo de Arte. No obstante, se anticipa que la recepci\u00f3n de las obras ser\u00e1 del 9 al 31 de agosto.<\/p>\n<p>Los premios anunciados:<\/p>\n<p>1\u00ba Premio $6.000, medalla y diploma (Adquisici\u00f3n)<br \/>\n2\u00ba Premio $5.000 medalla y diploma (Adquisici\u00f3n)<br \/>\n3\u00ba Premio medalla y diploma<br \/>\nPremio especial para mejor clasificado local $6.000,\u00a0medalla y diploma (Adquisici\u00f3n)<\/p>\n<p>En caso que el 1\u00ba. o el 2\u00ba. fuese local, no participar\u00e1 por\u00a0el premio local. Se entregar\u00e1n Diplomas de Menci\u00f3n a las\u00a0obras que determine el jurado.<\/p>\n<p>&nbsp;<\/p>\n<p>&nbsp;<\/p>\n","protected":false},"excerpt":{"rendered":"<p>Esperada por los fot\u00f3grafos de la regi\u00f3n, se lanz\u00f3 la convocatoria para participar del\u00a08\u00ba Sal\u00f3n Anual Nacional de Fotograf\u00eda \u00abCiudad &#8230; <a title=\"Lanzaron convocatoria para el Sal\u00f3n de Fotograf\u00eda\" class=\"read-more\" href=\"https:\/\/www.hoymercedes.com.ar\/principal\/2016\/07\/15\/lanzaron-convocatoria-para-el-salon-de-fotografia\/\" aria-label=\"Leer m\u00e1s sobre Lanzaron convocatoria para el Sal\u00f3n de Fotograf\u00eda\">Leer m\u00e1s<\/a><\/p>\n","protected":false},"author":1,"featured_media":52535,"comment_status":"open","ping_status":"open","sticky":false,"template":"","format":"standard","meta":{"_monsterinsights_skip_tracking":false,"_monsterinsights_sitenote_active":false,"_monsterinsights_sitenote_note":"","_monsterinsights_sitenote_category":0,"jetpack_post_was_ever_published":false,"_jetpack_newsletter_access":"","_jetpack_dont_email_post_to_subs":false,"_jetpack_newsletter_tier_id":0,"_jetpack_memberships_contains_paywalled_content":false,"_jetpack_memberships_contains_paid_content":false,"footnotes":"","jetpack_publicize_message":"","jetpack_publicize_feature_enabled":true,"jetpack_social_post_already_shared":true,"jetpack_social_options":{"image_generator_settings":{"template":"highway","default_image_id":0,"font":"","enabled":false},"version":2},"_wpas_customize_per_network":false},"categories":[104],"tags":[9168,7805,9632],"class_list":["post-52534","post","type-post","status-publish","format-standard","has-post-thumbnail","hentry","category-cultura","tag-convocatoria","tag-cultura","tag-salon-de-fotografia","generate-columns","tablet-grid-50","mobile-grid-100","grid-parent","grid-50"],"jetpack_publicize_connections":[],"jetpack_featured_media_url":"https:\/\/www.hoymercedes.com.ar\/principal\/wp-content\/uploads\/2016\/07\/15-salon-fotograf\u00eda.jpg","wps_subtitle":"Entrega de obras del 9 al 31 de agosto","jetpack_sharing_enabled":true,"_links":{"self":[{"href":"https:\/\/www.hoymercedes.com.ar\/principal\/wp-json\/wp\/v2\/posts\/52534","targetHints":{"allow":["GET"]}}],"collection":[{"href":"https:\/\/www.hoymercedes.com.ar\/principal\/wp-json\/wp\/v2\/posts"}],"about":[{"href":"https:\/\/www.hoymercedes.com.ar\/principal\/wp-json\/wp\/v2\/types\/post"}],"author":[{"embeddable":true,"href":"https:\/\/www.hoymercedes.com.ar\/principal\/wp-json\/wp\/v2\/users\/1"}],"replies":[{"embeddable":true,"href":"https:\/\/www.hoymercedes.com.ar\/principal\/wp-json\/wp\/v2\/comments?post=52534"}],"version-history":[{"count":0,"href":"https:\/\/www.hoymercedes.com.ar\/principal\/wp-json\/wp\/v2\/posts\/52534\/revisions"}],"wp:featuredmedia":[{"embeddable":true,"href":"https:\/\/www.hoymercedes.com.ar\/principal\/wp-json\/wp\/v2\/media\/52535"}],"wp:attachment":[{"href":"https:\/\/www.hoymercedes.com.ar\/principal\/wp-json\/wp\/v2\/media?parent=52534"}],"wp:term":[{"taxonomy":"category","embeddable":true,"href":"https:\/\/www.hoymercedes.com.ar\/principal\/wp-json\/wp\/v2\/categories?post=52534"},{"taxonomy":"post_tag","embeddable":true,"href":"https:\/\/www.hoymercedes.com.ar\/principal\/wp-json\/wp\/v2\/tags?post=52534"}],"curies":[{"name":"wp","href":"https:\/\/api.w.org\/{rel}","templated":true}]}}