{"id":5257,"date":"2011-06-27T03:20:07","date_gmt":"2011-06-27T03:20:07","guid":{"rendered":"http:\/\/www.hoymercedes.com.ar\/principal\/?p=5257"},"modified":"2011-06-28T00:03:18","modified_gmt":"2011-06-28T00:03:18","slug":"el-frente-mercedino-para-la-victoria-por-fuera-de-la-estructura-partidaria-del-fpv","status":"publish","type":"post","link":"https:\/\/www.hoymercedes.com.ar\/principal\/2011\/06\/27\/el-frente-mercedino-para-la-victoria-por-fuera-de-la-estructura-partidaria-del-fpv\/","title":{"rendered":"El Frente Mercedino para la Victoria por fuera de la estructura partidaria del FpV"},"content":{"rendered":"<p>Finalmente en las \u00faltimas horas se pudo conocer atrav\u00e9s de lo manifestado por voceros bien informados\u00a0que los representantes del Frente Mercedino para la Victoria se inscribieron para participar de las elecciones de octubre por fuera de las estructuras del Frente para la Victoria, aunque respetan y apoyan las candidaturas de Cristina Fern\u00e1ndez de Kirchner a presidente y de Daniel Scioli a gobernador.<\/p>\n<p>Posteriormente Ustarroz al ser consultado sobre cuando se presentar\u00eda oficialmente su lista sostuvo que lo har\u00eda en el transcurso de la semana que se inica este lunes aunque tampoco precis\u00f3 el d\u00eda, m\u00e1s all\u00e1 que en principio se sostiene que podr\u00eda hacerlo el viernes venidero.<\/p>\n<p>De acuerdo a los datos obtenidos por <a href=\"http:\/\/www.hoymercedes.com.ar\">HOYMERCEDES.COM.AR<\/a>, el cuarto lugar en la lista lo ocupa Roberto Cirilo, qui\u00e9n como se recordar\u00e1 dentro del \u00e1rea de Minoridad se desempe\u00f1ara al fente de la Casa del Menor en 24 entre 109 y\u00a0111<\/p>\n<p>El quinto nombre en la lista es el de \u00a0Juan Mart\u00edn Andres, quien se desempe\u00f1a en el \u00e1mbbito de la AEAFIP, Asociaci\u00f3n de Empleados de la AFIP de nuestra Regi\u00f3n, el sexto lo ocupa Marianella Arenillas, el s\u00e9ptimo el m\u00e9dico veterinario \u00a0Eduardo Jos\u00e9 R\u00e9vora y el noveno Paulina Talavera.<\/p>\n<p>Mientras tanto para opcupar sus lugares en el Consejo Escolar quenes se postulan finalmente son Patricio Aschero en el primer lugar, In\u00e9s Alvis en el segundo yel profesor Federico Belsunces en el tercero<\/p>\n<p>Els\u00e1bado\u00a0 pasdado por la ma\u00f1ana en una confiter\u00eda c\u00e9ntrica,\u00a0Juan Ignmacio Ustarroz cerca del mediod\u00eda hab\u00eda confirmado a HM \u00a0que <em>\u00abestamos dando el ultimo toque a nuestra lista para ya presentarla oficialmente \u00bb <\/em>pero declino de especificar de que manera lo haria aunque ratific\u00f3 la postulaci\u00f3n del representante de Casa Joven, Juan Pablo L\u00f3pez como candidato a primer concejal seguido que quien ocupa la jefatura del PAMI local Pablo Perazzo en segundo lugar y de la ex cnductora de televisi\u00f3n\u00a0 y actual Trabajadora Social Celeste Burone en tercer lugar.<\/p>\n","protected":false},"excerpt":{"rendered":"<p>Finalmente en las \u00faltimas horas se pudo conocer atrav\u00e9s de lo manifestado por voceros bien informados\u00a0que los representantes del Frente &#8230; <a title=\"El Frente Mercedino para la Victoria por fuera de la estructura partidaria del FpV\" class=\"read-more\" href=\"https:\/\/www.hoymercedes.com.ar\/principal\/2011\/06\/27\/el-frente-mercedino-para-la-victoria-por-fuera-de-la-estructura-partidaria-del-fpv\/\" aria-label=\"Leer m\u00e1s sobre El Frente Mercedino para la Victoria por fuera de la estructura partidaria del FpV\">Leer m\u00e1s<\/a><\/p>\n","protected":false},"author":1,"featured_media":0,"comment_status":"open","ping_status":"open","sticky":false,"template":"","format":"standard","meta":{"_monsterinsights_skip_tracking":false,"_monsterinsights_sitenote_active":false,"_monsterinsights_sitenote_note":"","_monsterinsights_sitenote_category":0,"jetpack_post_was_ever_published":false,"_jetpack_newsletter_access":"","_jetpack_dont_email_post_to_subs":false,"_jetpack_newsletter_tier_id":0,"_jetpack_memberships_contains_paywalled_content":false,"_jetpack_memberships_contains_paid_content":false,"footnotes":"","jetpack_publicize_message":"","jetpack_publicize_feature_enabled":true,"jetpack_social_post_already_shared":false,"jetpack_social_options":{"image_generator_settings":{"template":"highway","default_image_id":0,"font":"","enabled":false},"version":2},"_wpas_customize_per_network":false},"categories":[5],"tags":[379],"class_list":["post-5257","post","type-post","status-publish","format-standard","hentry","category-politica","tag-frente-mercedino-para-la-victoria","generate-columns","tablet-grid-50","mobile-grid-100","grid-parent","grid-50"],"jetpack_publicize_connections":[],"jetpack_featured_media_url":"","wps_subtitle":"","jetpack_sharing_enabled":true,"_links":{"self":[{"href":"https:\/\/www.hoymercedes.com.ar\/principal\/wp-json\/wp\/v2\/posts\/5257","targetHints":{"allow":["GET"]}}],"collection":[{"href":"https:\/\/www.hoymercedes.com.ar\/principal\/wp-json\/wp\/v2\/posts"}],"about":[{"href":"https:\/\/www.hoymercedes.com.ar\/principal\/wp-json\/wp\/v2\/types\/post"}],"author":[{"embeddable":true,"href":"https:\/\/www.hoymercedes.com.ar\/principal\/wp-json\/wp\/v2\/users\/1"}],"replies":[{"embeddable":true,"href":"https:\/\/www.hoymercedes.com.ar\/principal\/wp-json\/wp\/v2\/comments?post=5257"}],"version-history":[{"count":0,"href":"https:\/\/www.hoymercedes.com.ar\/principal\/wp-json\/wp\/v2\/posts\/5257\/revisions"}],"wp:attachment":[{"href":"https:\/\/www.hoymercedes.com.ar\/principal\/wp-json\/wp\/v2\/media?parent=5257"}],"wp:term":[{"taxonomy":"category","embeddable":true,"href":"https:\/\/www.hoymercedes.com.ar\/principal\/wp-json\/wp\/v2\/categories?post=5257"},{"taxonomy":"post_tag","embeddable":true,"href":"https:\/\/www.hoymercedes.com.ar\/principal\/wp-json\/wp\/v2\/tags?post=5257"}],"curies":[{"name":"wp","href":"https:\/\/api.w.org\/{rel}","templated":true}]}}