{"id":52584,"date":"2016-07-16T20:41:30","date_gmt":"2016-07-16T23:41:30","guid":{"rendered":"http:\/\/www.hoymercedes.com.ar\/principal\/?p=52584"},"modified":"2016-07-16T19:28:21","modified_gmt":"2016-07-16T22:28:21","slug":"diferentes-actividades-en-espacios-municipales","status":"publish","type":"post","link":"https:\/\/www.hoymercedes.com.ar\/principal\/2016\/07\/16\/diferentes-actividades-en-espacios-municipales\/","title":{"rendered":"Diferentes actividades en espacios municipales"},"content":{"rendered":"<p>La Municipalidad de Mercedes, a trav\u00e9s de la Direcci\u00f3n de Cultura y Educaci\u00f3n y la Secretar\u00eda de Desarrollo Social,\u00a0anunci\u00f3\u00a0el programa completo de actividades gratuitas para vacaciones de invierno. El Teatro Argentino, los museos municipales y los SUM barriales, se preparan para brindar una oferta cultural diversa para chicos y grandes.<\/p>\n<p>El Museo Hist\u00f3rico \u201cV\u00edctor E. M\u00edguez\u201d tendr\u00e1 a lo largo de los 15 d\u00edas talleres de danzas, murgas, circo y actividades did\u00e1cticas para ni\u00f1os. Horarios de atenci\u00f3n: de martes a viernes de 8 a 16 hs.; s\u00e1bados y domingos de 10 a 14 hs<\/p>\n<p>En el caso del Museo de Arte, tiene preparado una gran cantidad de talleres a lo largo de las dos semanas de receso invernal. En todos los casos (excepto\u00a0 el show del payaso Arturello Di P\u00f3polo), se requiere de inscripci\u00f3n previa para cada una de las actividades, personalmente o a trav\u00e9s del tel\u00e9fono: (02324) 435368 y correo electr\u00f3nico: museodearte@mercedes.gob.ar. Los horarios de atenci\u00f3n: Lunes a Viernes de 8:30 a 18:50 hs. &#8211;\u00a0 S\u00e1bados, domingos y feriados de 16 a 20 hs.<\/p>\n<p>El Museo de Cs. Naturales \u201cCarlos Ameghino\u201d llevar\u00e1 adelante un ciclo de pel\u00edculas tem\u00e1ticas y did\u00e1cticas (lunes, mi\u00e9rcoles y viernes desde las 14 hs.); y un espacio de juegos y actividades did\u00e1cticas (martes y jueves de desde las 14 hs). Horarios de atenci\u00f3n: lunes a viernes de 12 a 18 hs.<\/p>\n<p>El Teatro Argentino tendr\u00e1 una cargada agenda de espect\u00e1culos privados (infantiles y musicales), y el Ciclo de Cine Infantil (totalmente gratuito) con algunos de los mejores filmes de animaci\u00f3n.<\/p>\n<p>Programaci\u00f3n del Teatro:<\/p>\n<p>Lunes 18\u00a0\u00abCenicienta y Peter Pan en la Escuela de las Hadas\u00bb. 16:00 horas. Entradas a $200 y $ 180 (numeradas)<\/p>\n<p>Martes 19 \u00a0\u201cRapunzel y la L\u00e1mpara M\u00e1gica\u00bb 16:00 horas. Entradas a\u00a0$130<\/p>\n<p>Mi\u00e9rcoles 20. \u201cControl M\u00e1gico\u00bb \u00a016:00 horas. Entradas a\u00a0$200<\/p>\n<p>Jueves 21. \u00abArca de No\u00e9\u00bb 15:00 y\u00a019:00 horas.\u00a0Menores de 12 a\u00f1os: $20 y Mayores a\u00a0$30<\/p>\n<p>Viernes 22. \u201cCaperucita Roja y el Lobo\u00bb 16:00 horas. Entradas a\u00a0$200 y $ 180 (numeradas)<\/p>\n<p>S\u00e1bado\u00a023. \u201cEl Show de TA-TE-TI\u201d 16:00 horas. Entradas a\u00a0$100<\/p>\n<p>Domingo 24. Cine Infantil: \u201cIntensamente\u00bb 16:00 horas. Entrada\u00a0gratis.<\/p>\n<p>Lunes 25. \u00abGaturro El Musical\u201d. 16:00 horas. Entradas a\u00a0$200 y\u00a0$ 180 (numeradas)<\/p>\n<p>Martes 26. \u201cBlancanieves y Peter Pan\u00bb (una divertida historia de amor) 16:00 horas. Entrada a $130<\/p>\n<p>Mi\u00e9rcoles 27 Cine Infantil: \u00abHome: Hogar, dulce hogar\u00bb 16:00 horas. Entrada gratis.<\/p>\n<p>Jueves\u00a028. Cine Infantil: \u00abEl Libro de la Vida\u00bb16:00 horas. Entrada gratis.<\/p>\n<p>Viernes 29 Cine Infantil: \u00abKung Fu Panda 3&#8243;16:00 horas. Entrada gratis.<\/p>\n<p>S\u00e1bado 30 \u201cCaravanas\u201d 21:00 horas. Entradas a\u00a0$100<\/p>\n<p>Domingo 31 Cine Infantil: \u00abLos Minions\u00bb16:00 horas. Entrada gratis.<\/p>\n<p>La Secretar\u00eda de Desarrollo Social por\u00a0 su parte, tiene preparado una innumerable cantidad de actividades en los barrios de nuestra ciudad. Ser\u00e1n juegos did\u00e1cticos, torneos interbarriales, ajedrez, cine, percusi\u00f3n, teatro, malabares, talleres de cocina; y adem\u00e1s la Municipalidad estar\u00e1 proveyendo de meriendas para los chicos en cada Sum: B\u00b0 San Mart\u00edn, B\u00b0 Blandengues, B\u00b0 Esperanza, Gowland, Tom\u00e1s Jofr\u00e9 y Centro Comunitario \u201cLos Pampitas\u201d<\/p>\n<p>&nbsp;<\/p>\n<p>&nbsp;<\/p>\n","protected":false},"excerpt":{"rendered":"<p>La Municipalidad de Mercedes, a trav\u00e9s de la Direcci\u00f3n de Cultura y Educaci\u00f3n y la Secretar\u00eda de Desarrollo Social,\u00a0anunci\u00f3\u00a0el programa &#8230; <a title=\"Diferentes actividades en espacios municipales\" class=\"read-more\" href=\"https:\/\/www.hoymercedes.com.ar\/principal\/2016\/07\/16\/diferentes-actividades-en-espacios-municipales\/\" aria-label=\"Leer m\u00e1s sobre Diferentes actividades en espacios municipales\">Leer m\u00e1s<\/a><\/p>\n","protected":false},"author":1,"featured_media":52585,"comment_status":"open","ping_status":"open","sticky":false,"template":"","format":"standard","meta":{"_monsterinsights_skip_tracking":false,"_monsterinsights_sitenote_active":false,"_monsterinsights_sitenote_note":"","_monsterinsights_sitenote_category":0,"jetpack_post_was_ever_published":false,"_jetpack_newsletter_access":"","_jetpack_dont_email_post_to_subs":false,"_jetpack_newsletter_tier_id":0,"_jetpack_memberships_contains_paywalled_content":false,"_jetpack_memberships_contains_paid_content":false,"footnotes":"","jetpack_publicize_message":"","jetpack_publicize_feature_enabled":true,"jetpack_social_post_already_shared":true,"jetpack_social_options":{"image_generator_settings":{"template":"highway","default_image_id":0,"font":"","enabled":false},"version":2},"_wpas_customize_per_network":false},"categories":[104],"tags":[7805,7629],"class_list":["post-52584","post","type-post","status-publish","format-standard","has-post-thumbnail","hentry","category-cultura","tag-cultura","tag-vacaciones-de-invierno","generate-columns","tablet-grid-50","mobile-grid-100","grid-parent","grid-50"],"jetpack_publicize_connections":[],"jetpack_featured_media_url":"https:\/\/www.hoymercedes.com.ar\/principal\/wp-content\/uploads\/2016\/07\/17-vacaciones-de-invierno.jpg","wps_subtitle":"Vacaciones de Invierno","jetpack_sharing_enabled":true,"_links":{"self":[{"href":"https:\/\/www.hoymercedes.com.ar\/principal\/wp-json\/wp\/v2\/posts\/52584","targetHints":{"allow":["GET"]}}],"collection":[{"href":"https:\/\/www.hoymercedes.com.ar\/principal\/wp-json\/wp\/v2\/posts"}],"about":[{"href":"https:\/\/www.hoymercedes.com.ar\/principal\/wp-json\/wp\/v2\/types\/post"}],"author":[{"embeddable":true,"href":"https:\/\/www.hoymercedes.com.ar\/principal\/wp-json\/wp\/v2\/users\/1"}],"replies":[{"embeddable":true,"href":"https:\/\/www.hoymercedes.com.ar\/principal\/wp-json\/wp\/v2\/comments?post=52584"}],"version-history":[{"count":0,"href":"https:\/\/www.hoymercedes.com.ar\/principal\/wp-json\/wp\/v2\/posts\/52584\/revisions"}],"wp:featuredmedia":[{"embeddable":true,"href":"https:\/\/www.hoymercedes.com.ar\/principal\/wp-json\/wp\/v2\/media\/52585"}],"wp:attachment":[{"href":"https:\/\/www.hoymercedes.com.ar\/principal\/wp-json\/wp\/v2\/media?parent=52584"}],"wp:term":[{"taxonomy":"category","embeddable":true,"href":"https:\/\/www.hoymercedes.com.ar\/principal\/wp-json\/wp\/v2\/categories?post=52584"},{"taxonomy":"post_tag","embeddable":true,"href":"https:\/\/www.hoymercedes.com.ar\/principal\/wp-json\/wp\/v2\/tags?post=52584"}],"curies":[{"name":"wp","href":"https:\/\/api.w.org\/{rel}","templated":true}]}}