{"id":5264,"date":"2011-06-28T01:08:07","date_gmt":"2011-06-28T01:08:07","guid":{"rendered":"http:\/\/www.hoymercedes.com.ar\/principal\/?p=5264"},"modified":"2011-06-28T01:08:07","modified_gmt":"2011-06-28T01:08:07","slug":"el-presidente-de-la-camara-argentina-de-turismo-estara-en-mercedes","status":"publish","type":"post","link":"https:\/\/www.hoymercedes.com.ar\/principal\/2011\/06\/28\/el-presidente-de-la-camara-argentina-de-turismo-estara-en-mercedes\/","title":{"rendered":"El presidente de la C\u00e1mara Argentina de Turismo estar\u00e1 en Mercedes"},"content":{"rendered":"<figure id=\"attachment_5266\" aria-describedby=\"caption-attachment-5266\" style=\"width: 290px\" class=\"wp-caption alignleft\"><a href=\"https:\/\/www.hoymercedes.com.ar\/principal\/wp-content\/uploads\/2011\/06\/Ghezzi.jpg\"><img loading=\"lazy\" decoding=\"async\" data-attachment-id=\"5266\" data-permalink=\"https:\/\/www.hoymercedes.com.ar\/principal\/2011\/06\/28\/el-presidente-de-la-camara-argentina-de-turismo-estara-en-mercedes\/ghezzi\/#main\" data-orig-file=\"https:\/\/www.hoymercedes.com.ar\/principal\/wp-content\/uploads\/2011\/06\/Ghezzi.jpg\" data-orig-size=\"465,261\" data-comments-opened=\"1\" data-image-meta=\"{&quot;aperture&quot;:&quot;0&quot;,&quot;credit&quot;:&quot;&quot;,&quot;camera&quot;:&quot;&quot;,&quot;caption&quot;:&quot;&quot;,&quot;created_timestamp&quot;:&quot;0&quot;,&quot;copyright&quot;:&quot;&quot;,&quot;focal_length&quot;:&quot;0&quot;,&quot;iso&quot;:&quot;0&quot;,&quot;shutter_speed&quot;:&quot;0&quot;,&quot;title&quot;:&quot;&quot;}\" data-image-title=\"Ghezzi\" data-image-description=\"&lt;p&gt;Ghezzi&lt;\/p&gt;\n\" data-image-caption=\"&lt;p&gt;Ghezzi&lt;\/p&gt;\n\" data-large-file=\"https:\/\/www.hoymercedes.com.ar\/principal\/wp-content\/uploads\/2011\/06\/Ghezzi.jpg\" class=\"size-medium wp-image-5266\" title=\"Ghezzi\" src=\"https:\/\/www.hoymercedes.com.ar\/principal\/wp-content\/uploads\/2011\/06\/Ghezzi-300x168.jpg\" alt=\"Ghezzi\" width=\"300\" height=\"168\" srcset=\"https:\/\/www.hoymercedes.com.ar\/principal\/wp-content\/uploads\/2011\/06\/Ghezzi-300x168.jpg 300w, https:\/\/www.hoymercedes.com.ar\/principal\/wp-content\/uploads\/2011\/06\/Ghezzi.jpg 465w\" sizes=\"auto, (max-width: 300px) 100vw, 300px\" \/><\/a><figcaption id=\"caption-attachment-5266\" class=\"wp-caption-text\">Ghezzi<\/figcaption><\/figure>\n<p>El pr\u00f3ximo mi\u00e9rcoles 29 de junio a las 10.30 en el Hotel Mercedes dar\u00e1 una charla el presidente de la C\u00e1mara Argentina de Turismo, Oscar Ghezzi. La visita fue gestionada por Juan Ustarroz, precandidato a Intendente por el Frente Mercedino Para la Victoria, y se realiza despu\u00e9s de que Juani se haya reunido con prestadores de servicios tur\u00edsticos de la ciudad.<\/p>\n<p>En la reuni\u00f3n, los empresarios del sector hicieron referencia a la problem\u00e1tica del sector y realizar propuestas que tiene el Frente Mercedino, en el marco de un estrat\u00e9gico plan de desarrollo integral que est\u00e1 preparando Ustarroz para Mercedes.<\/p>\n<p>Junto con la visita de Ghezzi, tambi\u00e9n se har\u00e1n presentes la Secretaria de Promoci\u00f3n Tur\u00edstica de la Naci\u00f3n, Patricia Vismara y Mario Aguilar, Presidente  de la Asociacion Empresaria Hotelera y Gastronomica de la Ciudad de La Plata y su Zona de Influencia.<\/p>\n<p>Dentro del proyecto de Juan Ustarroz, \u00e9stas son algunas propuestas que tiene en materia tur\u00edstica:<\/p>\n<p>\u2013 Aplicar la ordenanza 5668\/03 \u201cPrograma integral de turismo\u201d, que en 8 a\u00f1os nunca se cumpli\u00f3, creando una comisi\u00f3n mixta p\u00fablico-privada con mandato de 2 a\u00f1os.<\/p>\n<p>\u2013 Promover y poner en funcionamiento \u201cTurismo en reuni\u00f3n\u201d, gestionando con empresas la realizaci\u00f3n de congresos y eventos entre semana.<\/p>\n<p>\u2013 Posicionar la marca \u201cMercedes\u201d, participando en forma permanente en todos los workshops que se realicen y ferias del pa\u00eds.<\/p>\n<p>\u2013 Incluir el destino Mercedes al turista extranjero, gestionando ante el Ministerio de Turismo la participaci\u00f3n de Mercedes en promociones en el exterior.<\/p>\n<p>\u2013 Consolidar el turismo rural, con la generaci\u00f3n de rutas alimenticias, el fortalecimiento del polo gastron\u00f3mico, y transformando recursos ociosos en destinos tur\u00edsticos.<\/p>\n<p>\u2013 Integrar el turismo rural con turismo urbano, desarrollando productos tur\u00edsticos con la participaci\u00f3n de todo el sector<\/p>\n<p>\u201cLa idea de Juan Ustarroz es que \u201cMercedes tur\u00edstico\u201d lo hacemos entre todos, por este motivo invita a todos los prestadores de servicios tur\u00edsticos y p\u00fablico en general a participar de este importante evento\u201d, precisaron desde el FMpV e indicaron que por estas horas est\u00e1n definiendo el lugar de reuni\u00f3n.<\/p>\n<p>&nbsp;<\/p>\n","protected":false},"excerpt":{"rendered":"<p>El pr\u00f3ximo mi\u00e9rcoles 29 de junio a las 10.30 en el Hotel Mercedes dar\u00e1 una charla el presidente de la &#8230; <a title=\"El presidente de la C\u00e1mara Argentina de Turismo estar\u00e1 en Mercedes\" class=\"read-more\" href=\"https:\/\/www.hoymercedes.com.ar\/principal\/2011\/06\/28\/el-presidente-de-la-camara-argentina-de-turismo-estara-en-mercedes\/\" aria-label=\"Leer m\u00e1s sobre El presidente de la C\u00e1mara Argentina de Turismo estar\u00e1 en Mercedes\">Leer m\u00e1s<\/a><\/p>\n","protected":false},"author":1,"featured_media":0,"comment_status":"open","ping_status":"open","sticky":false,"template":"","format":"standard","meta":{"_monsterinsights_skip_tracking":false,"_monsterinsights_sitenote_active":false,"_monsterinsights_sitenote_note":"","_monsterinsights_sitenote_category":0,"jetpack_post_was_ever_published":false,"_jetpack_newsletter_access":"","_jetpack_dont_email_post_to_subs":false,"_jetpack_newsletter_tier_id":0,"_jetpack_memberships_contains_paywalled_content":false,"_jetpack_memberships_contains_paid_content":false,"footnotes":"","jetpack_publicize_message":"","jetpack_publicize_feature_enabled":true,"jetpack_social_post_already_shared":false,"jetpack_social_options":{"image_generator_settings":{"template":"highway","default_image_id":0,"font":"","enabled":false},"version":2},"_wpas_customize_per_network":false},"categories":[5],"tags":[961,209,424],"class_list":["post-5264","post","type-post","status-publish","format-standard","hentry","category-politica","tag-ghezzi","tag-turismo-mercedes","tag-ustarroz","generate-columns","tablet-grid-50","mobile-grid-100","grid-parent","grid-50"],"jetpack_publicize_connections":[],"jetpack_featured_media_url":"","wps_subtitle":"","jetpack_sharing_enabled":true,"_links":{"self":[{"href":"https:\/\/www.hoymercedes.com.ar\/principal\/wp-json\/wp\/v2\/posts\/5264","targetHints":{"allow":["GET"]}}],"collection":[{"href":"https:\/\/www.hoymercedes.com.ar\/principal\/wp-json\/wp\/v2\/posts"}],"about":[{"href":"https:\/\/www.hoymercedes.com.ar\/principal\/wp-json\/wp\/v2\/types\/post"}],"author":[{"embeddable":true,"href":"https:\/\/www.hoymercedes.com.ar\/principal\/wp-json\/wp\/v2\/users\/1"}],"replies":[{"embeddable":true,"href":"https:\/\/www.hoymercedes.com.ar\/principal\/wp-json\/wp\/v2\/comments?post=5264"}],"version-history":[{"count":0,"href":"https:\/\/www.hoymercedes.com.ar\/principal\/wp-json\/wp\/v2\/posts\/5264\/revisions"}],"wp:attachment":[{"href":"https:\/\/www.hoymercedes.com.ar\/principal\/wp-json\/wp\/v2\/media?parent=5264"}],"wp:term":[{"taxonomy":"category","embeddable":true,"href":"https:\/\/www.hoymercedes.com.ar\/principal\/wp-json\/wp\/v2\/categories?post=5264"},{"taxonomy":"post_tag","embeddable":true,"href":"https:\/\/www.hoymercedes.com.ar\/principal\/wp-json\/wp\/v2\/tags?post=5264"}],"curies":[{"name":"wp","href":"https:\/\/api.w.org\/{rel}","templated":true}]}}