{"id":52659,"date":"2016-07-19T12:55:13","date_gmt":"2016-07-19T15:55:13","guid":{"rendered":"http:\/\/www.hoymercedes.com.ar\/principal\/?p=52659"},"modified":"2016-07-19T12:55:13","modified_gmt":"2016-07-19T15:55:13","slug":"varias-actuaciones-policiales-el-fin-de-semana","status":"publish","type":"post","link":"https:\/\/www.hoymercedes.com.ar\/principal\/2016\/07\/19\/varias-actuaciones-policiales-el-fin-de-semana\/","title":{"rendered":"Varias actuaciones policiales el fin de semana"},"content":{"rendered":"<p><img loading=\"lazy\" decoding=\"async\" data-attachment-id=\"52660\" data-permalink=\"https:\/\/www.hoymercedes.com.ar\/principal\/2016\/07\/19\/varias-actuaciones-policiales-el-fin-de-semana\/poli-9\/#main\" data-orig-file=\"https:\/\/www.hoymercedes.com.ar\/principal\/wp-content\/uploads\/2016\/07\/poli-1.jpg\" data-orig-size=\"600,340\" data-comments-opened=\"1\" data-image-meta=\"{&quot;aperture&quot;:&quot;0&quot;,&quot;credit&quot;:&quot;&quot;,&quot;camera&quot;:&quot;&quot;,&quot;caption&quot;:&quot;&quot;,&quot;created_timestamp&quot;:&quot;0&quot;,&quot;copyright&quot;:&quot;&quot;,&quot;focal_length&quot;:&quot;0&quot;,&quot;iso&quot;:&quot;0&quot;,&quot;shutter_speed&quot;:&quot;0&quot;,&quot;title&quot;:&quot;&quot;,&quot;orientation&quot;:&quot;0&quot;}\" data-image-title=\"poli\" data-image-description=\"\" data-image-caption=\"\" data-large-file=\"https:\/\/www.hoymercedes.com.ar\/principal\/wp-content\/uploads\/2016\/07\/poli-1.jpg\" class=\"aligncenter size-full wp-image-52660\" src=\"https:\/\/www.hoymercedes.com.ar\/principal\/wp-content\/uploads\/2016\/07\/poli-1.jpg\" alt=\"poli\" width=\"600\" height=\"340\" srcset=\"https:\/\/www.hoymercedes.com.ar\/principal\/wp-content\/uploads\/2016\/07\/poli-1.jpg 600w, https:\/\/www.hoymercedes.com.ar\/principal\/wp-content\/uploads\/2016\/07\/poli-1-150x85.jpg 150w\" sizes=\"auto, (max-width: 600px) 100vw, 600px\" \/>El s\u00e1bado, en horas de la ma\u00f1ana, personal policial tom\u00f3 conocimiento que tres personas estaban ocasionando incidentes en la\u00a0 agencia de remis de calle 24 entre 29 y 31. Estas personas amenazaban al personal de choferes que se encontraban trabajando.<\/p>\n<p>Cuando lleg\u00f3 la polic\u00eda se logr\u00f3 llevar a estas personas a la comisar\u00eda para ser identificadas y fueron imputados por amenazas con intervenci\u00f3n de la UFI N\u00ba 5<\/p>\n<p>&nbsp;<\/p>\n<p><strong>Tenencia de drogas<\/strong><\/p>\n<p>El viernes, personal de la Polic\u00eda Comunal, en calles 29 y v\u00edas, procedi\u00f3 a la demora de un menor de edad, al cual en presencia de un testigo se le incaut\u00f3, un envoltorio conteniendo picadura de marihuana. Se inici\u00f3 actuaci\u00f3n en la UFI N\u00ba 8.<\/p>\n<p>&nbsp;<\/p>\n<p><strong>Encubrimiento<\/strong><\/p>\n<p>El domingo 10, se intercept\u00f3 en calles 29 y 64 una moto marca Yamaha 110 cc. conducida por un menor de edad. Tras requerir la documentaci\u00f3n no contaba con la misma. Y se determin\u00f3 que el rodado pose\u00eda pedido de secuestro activo por el delito de hurto.<\/p>\n<p>&nbsp;<\/p>\n<p><strong>Desorden<\/strong><\/p>\n<p>El viernes, se procedi\u00f3 a la aprehensi\u00f3n de Dar\u00edo Medina, mayor de edad, quien se encontraba provocando desorden en la v\u00eda p\u00fablica. Fue en calle 10 y avenida San Mart\u00edn, cuando intentaban identificarlo y se comport\u00f3 hostil.<\/p>\n<p>Es por ello que fue reducido e imputado por resistencia y desorden.<\/p>\n","protected":false},"excerpt":{"rendered":"<p>El s\u00e1bado, en horas de la ma\u00f1ana, personal policial tom\u00f3 conocimiento que tres personas estaban ocasionando incidentes en la\u00a0 agencia &#8230; <a title=\"Varias actuaciones policiales el fin de semana\" class=\"read-more\" href=\"https:\/\/www.hoymercedes.com.ar\/principal\/2016\/07\/19\/varias-actuaciones-policiales-el-fin-de-semana\/\" aria-label=\"Leer m\u00e1s sobre Varias actuaciones policiales el fin de semana\">Leer m\u00e1s<\/a><\/p>\n","protected":false},"author":1,"featured_media":52660,"comment_status":"open","ping_status":"open","sticky":false,"template":"","format":"standard","meta":{"_monsterinsights_skip_tracking":false,"_monsterinsights_sitenote_active":false,"_monsterinsights_sitenote_note":"","_monsterinsights_sitenote_category":0,"jetpack_post_was_ever_published":false,"_jetpack_newsletter_access":"","_jetpack_dont_email_post_to_subs":false,"_jetpack_newsletter_tier_id":0,"_jetpack_memberships_contains_paywalled_content":false,"_jetpack_memberships_contains_paid_content":false,"footnotes":"","jetpack_publicize_message":"","jetpack_publicize_feature_enabled":true,"jetpack_social_post_already_shared":true,"jetpack_social_options":{"image_generator_settings":{"template":"highway","default_image_id":0,"font":"","enabled":false},"version":2},"_wpas_customize_per_network":false},"categories":[85],"tags":[],"class_list":["post-52659","post","type-post","status-publish","format-standard","has-post-thumbnail","hentry","category-policial","generate-columns","tablet-grid-50","mobile-grid-100","grid-parent","grid-50"],"jetpack_publicize_connections":[],"jetpack_featured_media_url":"https:\/\/www.hoymercedes.com.ar\/principal\/wp-content\/uploads\/2016\/07\/poli-1.jpg","wps_subtitle":"Detenidos","jetpack_sharing_enabled":true,"_links":{"self":[{"href":"https:\/\/www.hoymercedes.com.ar\/principal\/wp-json\/wp\/v2\/posts\/52659","targetHints":{"allow":["GET"]}}],"collection":[{"href":"https:\/\/www.hoymercedes.com.ar\/principal\/wp-json\/wp\/v2\/posts"}],"about":[{"href":"https:\/\/www.hoymercedes.com.ar\/principal\/wp-json\/wp\/v2\/types\/post"}],"author":[{"embeddable":true,"href":"https:\/\/www.hoymercedes.com.ar\/principal\/wp-json\/wp\/v2\/users\/1"}],"replies":[{"embeddable":true,"href":"https:\/\/www.hoymercedes.com.ar\/principal\/wp-json\/wp\/v2\/comments?post=52659"}],"version-history":[{"count":0,"href":"https:\/\/www.hoymercedes.com.ar\/principal\/wp-json\/wp\/v2\/posts\/52659\/revisions"}],"wp:featuredmedia":[{"embeddable":true,"href":"https:\/\/www.hoymercedes.com.ar\/principal\/wp-json\/wp\/v2\/media\/52660"}],"wp:attachment":[{"href":"https:\/\/www.hoymercedes.com.ar\/principal\/wp-json\/wp\/v2\/media?parent=52659"}],"wp:term":[{"taxonomy":"category","embeddable":true,"href":"https:\/\/www.hoymercedes.com.ar\/principal\/wp-json\/wp\/v2\/categories?post=52659"},{"taxonomy":"post_tag","embeddable":true,"href":"https:\/\/www.hoymercedes.com.ar\/principal\/wp-json\/wp\/v2\/tags?post=52659"}],"curies":[{"name":"wp","href":"https:\/\/api.w.org\/{rel}","templated":true}]}}