{"id":52697,"date":"2016-07-22T10:13:31","date_gmt":"2016-07-22T13:13:31","guid":{"rendered":"http:\/\/www.hoymercedes.com.ar\/principal\/?p=52697"},"modified":"2016-07-20T13:47:20","modified_gmt":"2016-07-20T16:47:20","slug":"juan-ignacio-menendez-al-mercedino-no-le-gusta-pelear-el-puesto","status":"publish","type":"post","link":"https:\/\/www.hoymercedes.com.ar\/principal\/2016\/07\/22\/juan-ignacio-menendez-al-mercedino-no-le-gusta-pelear-el-puesto\/","title":{"rendered":"Juan Ignacio Men\u00e9ndez: \u00abAl mercedino no le gusta pelear el puesto\u00bb"},"content":{"rendered":"<p><em><strong>Llega el final del torneo Apertura de Primera Divisi\u00f3n de la Liga Mercedina y comienzan a realizarse algunos balances por parte de los protagonistas. Durante la semana, Juan Ignacio Men\u00e9ndez dialog\u00f3 con el programa El Pulso, que se emite de lunes a viernes de 8 a 12 por FM La Tribuna sobre la realidad del f\u00fatbol local.<\/strong><\/em><\/p>\n<p><img loading=\"lazy\" decoding=\"async\" data-attachment-id=\"52698\" data-permalink=\"https:\/\/www.hoymercedes.com.ar\/principal\/2016\/07\/22\/juan-ignacio-menendez-al-mercedino-no-le-gusta-pelear-el-puesto\/juanito-menendez-dt\/#main\" data-orig-file=\"https:\/\/www.hoymercedes.com.ar\/principal\/wp-content\/uploads\/2016\/07\/Juanito-Menendez-DT.jpg\" data-orig-size=\"960,720\" data-comments-opened=\"1\" data-image-meta=\"{&quot;aperture&quot;:&quot;0&quot;,&quot;credit&quot;:&quot;&quot;,&quot;camera&quot;:&quot;&quot;,&quot;caption&quot;:&quot;&quot;,&quot;created_timestamp&quot;:&quot;0&quot;,&quot;copyright&quot;:&quot;&quot;,&quot;focal_length&quot;:&quot;0&quot;,&quot;iso&quot;:&quot;0&quot;,&quot;shutter_speed&quot;:&quot;0&quot;,&quot;title&quot;:&quot;&quot;,&quot;orientation&quot;:&quot;0&quot;}\" data-image-title=\"Juanito Menendez DT\" data-image-description=\"\" data-image-caption=\"\" data-large-file=\"https:\/\/www.hoymercedes.com.ar\/principal\/wp-content\/uploads\/2016\/07\/Juanito-Menendez-DT.jpg\" class=\"aligncenter size-medium wp-image-52698\" src=\"https:\/\/www.hoymercedes.com.ar\/principal\/wp-content\/uploads\/2016\/07\/Juanito-Menendez-DT-630x473.jpg\" alt=\"Juanito Menendez DT\" width=\"630\" height=\"473\" srcset=\"https:\/\/www.hoymercedes.com.ar\/principal\/wp-content\/uploads\/2016\/07\/Juanito-Menendez-DT-630x473.jpg 630w, https:\/\/www.hoymercedes.com.ar\/principal\/wp-content\/uploads\/2016\/07\/Juanito-Menendez-DT-150x113.jpg 150w, https:\/\/www.hoymercedes.com.ar\/principal\/wp-content\/uploads\/2016\/07\/Juanito-Menendez-DT.jpg 960w\" sizes=\"auto, (max-width: 630px) 100vw, 630px\" \/><\/p>\n<p>La \u00faltima victoria de su equipo, Quilmes, fue por 3 a 1 ante Estudiantes y sobre el Pincha, club en el que est\u00e1 ligado sentimentalmente (su padre Juan Carlos fue Presidente en varias oportunidades y su madre Marisol miembro de la Comisi\u00f3n Directiva, adem\u00e1s de que \u00e9l y su hermano Federico jugaron al f\u00fatbol varios a\u00f1os ah\u00ed), coment\u00f3 que\u00a0\u00abhablar de Estudiantes es como hablar de casa, porque nos criamos ah\u00ed con mi hermano y porque toda mi familia trabaj\u00f3 ah\u00ed. Fueron muchos a\u00f1os y en el partido ten\u00eda muchas sensaciones encontradas. Si bien lo enfrent\u00e9 el a\u00f1o pasado con la Reserva, hacerlo con la Primera tuvo un sabor especial. Lo hablaba con los chicos en la previa y nos acord\u00e1bamos de cosas del pasado, pero ahora estoy en otra vereda, muy c\u00f3modo en Quilmes porque me tratan muy bien\u00bb.<\/p>\n<p>Estudiantes se qued\u00f3 fuera de la Liguilla una fecha antes del final, aunque llegaba a la ante\u00faltima jornada muy complicado para poder acceder, sobre esto, Menendez respondi\u00f3: \u00abSorprende el presente de Estudiantes. El a\u00f1o pasado lleg\u00f3 a la final del Apertura, pero es un equipo que siempre le falta recambio, con planteles muy cortos y a la larga lo termin\u00e1s pagando y se hace complicado pelear con ambici\u00f3n el torneo, m\u00e1s all\u00e1 que no deja de ser un grande de la ciudad y ojal\u00e1 que levante y tenga \u00e9xitos, siempre detr\u00e1s de Quilmes, no?\u00bb.<\/p>\n<p>Y en cuanto a esta realidad, la equipara a la cantidad de lesiones largas que tuvieron muchos de los jugadores importantes del Pincha y coment\u00f3 que en el f\u00fatbol mercedino \u00abcon el tiempo los equipos son m\u00e1s cortos. Se est\u00e1 acabando una camada de jugadores que le dio mucho a la Liga y cuesta que aparezcan nuevos. Ya no est\u00e1 ese anhelo de esperar a ser citado por la Primera. El jugador mercedino es especial, no le gusta pelear el puesto, sobre todo cuando se traen jugadores de afuera, ni siquiera cuando no se sabe si ese jugador de afuera le va a dar al equipo el plus que se busca y lo digo porque yo soy de traer jugadores de afuera y uno lo hace para beneficio del equipo y del club, no para tapar a los que vienen de abajo. Nosotros en el Regional que jugamos vimos como se bajaban jugadores al ver que segu\u00edan llegando refuerzos y no ten\u00edan ni la ilusi\u00f3n de pelear desde atr\u00e1s. Pelear un puesto en el banco era perder el tiempo\u00bb.<\/p>\n<p>Finalmente, respecto a la actualidad de Quilmes, que pelea por ser el tercer clasificado a la Liguilla, relat\u00f3 que \u00abpudimos meter tres victorias seguidas que no lo consegu\u00edamos desde el inicio del torneo. Tuvimos un bache con empates ante Pabell\u00f3n, Palometas y perdimos con Juventud y Trocha, lo que nos hizo perder la chance de pelear el segundo puesto. Despu\u00e9s le ganamos a El Tim\u00f3n, Comunicaciones, tambi\u00e9n a Mercedes, que nos hizo levantar el \u00e1nimo. Con V\u00e9lez sacamos adelante un partido importante con un gran partido de Federico Blanco y el fin de semana remontamos contra Estudiantes, que nos empez\u00f3 ganando temprano\u00bb.<\/p>\n<p>&nbsp;<\/p>\n","protected":false},"excerpt":{"rendered":"<p>Llega el final del torneo Apertura de Primera Divisi\u00f3n de la Liga Mercedina y comienzan a realizarse algunos balances por &#8230; <a title=\"Juan Ignacio Men\u00e9ndez: \u00abAl mercedino no le gusta pelear el puesto\u00bb\" class=\"read-more\" href=\"https:\/\/www.hoymercedes.com.ar\/principal\/2016\/07\/22\/juan-ignacio-menendez-al-mercedino-no-le-gusta-pelear-el-puesto\/\" aria-label=\"Leer m\u00e1s sobre Juan Ignacio Men\u00e9ndez: \u00abAl mercedino no le gusta pelear el puesto\u00bb\">Leer m\u00e1s<\/a><\/p>\n","protected":false},"author":1,"featured_media":52698,"comment_status":"open","ping_status":"open","sticky":false,"template":"","format":"standard","meta":{"_monsterinsights_skip_tracking":false,"_monsterinsights_sitenote_active":false,"_monsterinsights_sitenote_note":"","_monsterinsights_sitenote_category":0,"jetpack_post_was_ever_published":false,"_jetpack_newsletter_access":"","_jetpack_dont_email_post_to_subs":false,"_jetpack_newsletter_tier_id":0,"_jetpack_memberships_contains_paywalled_content":false,"_jetpack_memberships_contains_paid_content":false,"footnotes":"","jetpack_publicize_message":"","jetpack_publicize_feature_enabled":true,"jetpack_social_post_already_shared":true,"jetpack_social_options":{"image_generator_settings":{"template":"highway","default_image_id":0,"font":"","enabled":false},"version":2},"_wpas_customize_per_network":false},"categories":[21],"tags":[829,3554,1413],"class_list":["post-52697","post","type-post","status-publish","format-standard","has-post-thumbnail","hentry","category-deportes","tag-estudiantes","tag-juan-ignacio-menendez","tag-quilmes","generate-columns","tablet-grid-50","mobile-grid-100","grid-parent","grid-50"],"jetpack_publicize_connections":[],"jetpack_featured_media_url":"https:\/\/www.hoymercedes.com.ar\/principal\/wp-content\/uploads\/2016\/07\/Juanito-Menendez-DT.jpg","wps_subtitle":"F\u00fatbol de Primera","jetpack_sharing_enabled":true,"_links":{"self":[{"href":"https:\/\/www.hoymercedes.com.ar\/principal\/wp-json\/wp\/v2\/posts\/52697","targetHints":{"allow":["GET"]}}],"collection":[{"href":"https:\/\/www.hoymercedes.com.ar\/principal\/wp-json\/wp\/v2\/posts"}],"about":[{"href":"https:\/\/www.hoymercedes.com.ar\/principal\/wp-json\/wp\/v2\/types\/post"}],"author":[{"embeddable":true,"href":"https:\/\/www.hoymercedes.com.ar\/principal\/wp-json\/wp\/v2\/users\/1"}],"replies":[{"embeddable":true,"href":"https:\/\/www.hoymercedes.com.ar\/principal\/wp-json\/wp\/v2\/comments?post=52697"}],"version-history":[{"count":0,"href":"https:\/\/www.hoymercedes.com.ar\/principal\/wp-json\/wp\/v2\/posts\/52697\/revisions"}],"wp:featuredmedia":[{"embeddable":true,"href":"https:\/\/www.hoymercedes.com.ar\/principal\/wp-json\/wp\/v2\/media\/52698"}],"wp:attachment":[{"href":"https:\/\/www.hoymercedes.com.ar\/principal\/wp-json\/wp\/v2\/media?parent=52697"}],"wp:term":[{"taxonomy":"category","embeddable":true,"href":"https:\/\/www.hoymercedes.com.ar\/principal\/wp-json\/wp\/v2\/categories?post=52697"},{"taxonomy":"post_tag","embeddable":true,"href":"https:\/\/www.hoymercedes.com.ar\/principal\/wp-json\/wp\/v2\/tags?post=52697"}],"curies":[{"name":"wp","href":"https:\/\/api.w.org\/{rel}","templated":true}]}}