{"id":52705,"date":"2016-07-20T15:20:19","date_gmt":"2016-07-20T18:20:19","guid":{"rendered":"http:\/\/www.hoymercedes.com.ar\/principal\/?p=52705"},"modified":"2016-07-20T15:20:19","modified_gmt":"2016-07-20T18:20:19","slug":"continua-la-poda-en-el-casco-centrico","status":"publish","type":"post","link":"https:\/\/www.hoymercedes.com.ar\/principal\/2016\/07\/20\/continua-la-poda-en-el-casco-centrico\/","title":{"rendered":"Contin\u00faa la poda en el casco c\u00e9ntrico"},"content":{"rendered":"<p>Desde la Oficina de Arbolado Urbano, perteneciente a la Direcci\u00f3n de Producci\u00f3n de la Municipalidad de Mercedes, se est\u00e1 llevando adelante la poda correctiva anual.<\/p>\n<p>Se pueden ver a las cuadrillas especializadas que est\u00e1n cumpliendo con el trabajo en las zonas denominadas \u201ccr\u00edticas\u201d, las que fueron determinadas en reuni\u00f3n con integrantes de la Empresa Distribuidora de Energ\u00eda Norte S.A. (EDEN), con la que se trabaja de manera conjunta.<\/p>\n<p><img loading=\"lazy\" decoding=\"async\" data-attachment-id=\"52706\" data-permalink=\"https:\/\/www.hoymercedes.com.ar\/principal\/2016\/07\/20\/continua-la-poda-en-el-casco-centrico\/20-poda-2\/#main\" data-orig-file=\"https:\/\/www.hoymercedes.com.ar\/principal\/wp-content\/uploads\/2016\/07\/20-PODA-2.jpg\" data-orig-size=\"448,299\" data-comments-opened=\"1\" data-image-meta=\"{&quot;aperture&quot;:&quot;0&quot;,&quot;credit&quot;:&quot;&quot;,&quot;camera&quot;:&quot;&quot;,&quot;caption&quot;:&quot;????????????????????????????????????&quot;,&quot;created_timestamp&quot;:&quot;0&quot;,&quot;copyright&quot;:&quot;&quot;,&quot;focal_length&quot;:&quot;0&quot;,&quot;iso&quot;:&quot;0&quot;,&quot;shutter_speed&quot;:&quot;0&quot;,&quot;title&quot;:&quot;&quot;,&quot;orientation&quot;:&quot;0&quot;}\" data-image-title=\"20 PODA 2\" data-image-description=\"\" data-image-caption=\"\" data-large-file=\"https:\/\/www.hoymercedes.com.ar\/principal\/wp-content\/uploads\/2016\/07\/20-PODA-2.jpg\" class=\"aligncenter size-full wp-image-52706\" src=\"https:\/\/www.hoymercedes.com.ar\/principal\/wp-content\/uploads\/2016\/07\/20-PODA-2.jpg\" alt=\"20 PODA 2\" width=\"448\" height=\"299\" srcset=\"https:\/\/www.hoymercedes.com.ar\/principal\/wp-content\/uploads\/2016\/07\/20-PODA-2.jpg 448w, https:\/\/www.hoymercedes.com.ar\/principal\/wp-content\/uploads\/2016\/07\/20-PODA-2-150x100.jpg 150w, https:\/\/www.hoymercedes.com.ar\/principal\/wp-content\/uploads\/2016\/07\/20-PODA-2-300x200.jpg 300w\" sizes=\"auto, (max-width: 448px) 100vw, 448px\" \/><\/p>\n<p>\u201cNo son simples cortes, es toda una verdadera poda correctiva, donde adem\u00e1s realizamos la correspondiente limpieza a los \u00e1rboles que debemos cuidar\u201d indic\u00f3 Leonardo Belforte, responsable del \u00e1rea. \u201cEl objetivo es despejar las luminarias, el cableado existente, y delimitar bien el frente de la l\u00ednea municipal\u201d.<\/p>\n<p>Seg\u00fan lo informado, y aprovechando la feria judicial y las vacaciones de invierno, los trabajos continuar\u00e1n desarroll\u00e1ndose en el casco hist\u00f3rico, es decir el radio comprendido por las avenidas 16, 17, 30 y 29; Esto se ha decidido, para aprovechar la merma de autos estacionados en el centro de la ciudad, y la disminuci\u00f3n del tr\u00e1nsito en la zona.<\/p>\n<p>\u201cEs un esfuerzo muy grande el que estamos realizando, porque estamos cumpliendo las tareas como nos solicit\u00f3 el intendente Ustarroz, dando cada paso con mucho cuidado, porque queremos hacer las cosas bien. No queremos ver \u00e1rboles maltratados, mutilados, mal trabajados\u201d, enfatiz\u00f3 el encargado de la Oficina de Arbolado Urbano.<\/p>\n<p>En cuanto a la poda en otros sectores de la ciudad, se debe hacer la consulta a la mencionada oficina en Av. 29 N\u00ba 623 o por tel\u00e9fono al\u00a0 02324 -437900, quienes facilitaran un listado de podadores autorizados para realizar la tarea.<\/p>\n<p>Fuente: Prensa Municipal<\/p>\n","protected":false},"excerpt":{"rendered":"<p>Desde la Oficina de Arbolado Urbano, perteneciente a la Direcci\u00f3n de Producci\u00f3n de la Municipalidad de Mercedes, se est\u00e1 llevando &#8230; <a title=\"Contin\u00faa la poda en el casco c\u00e9ntrico\" class=\"read-more\" href=\"https:\/\/www.hoymercedes.com.ar\/principal\/2016\/07\/20\/continua-la-poda-en-el-casco-centrico\/\" aria-label=\"Leer m\u00e1s sobre Contin\u00faa la poda en el casco c\u00e9ntrico\">Leer m\u00e1s<\/a><\/p>\n","protected":false},"author":1,"featured_media":52706,"comment_status":"open","ping_status":"open","sticky":false,"template":"","format":"standard","meta":{"_monsterinsights_skip_tracking":false,"_monsterinsights_sitenote_active":false,"_monsterinsights_sitenote_note":"","_monsterinsights_sitenote_category":0,"jetpack_post_was_ever_published":false,"_jetpack_newsletter_access":"","_jetpack_dont_email_post_to_subs":false,"_jetpack_newsletter_tier_id":0,"_jetpack_memberships_contains_paywalled_content":false,"_jetpack_memberships_contains_paid_content":false,"footnotes":"","jetpack_publicize_message":"","jetpack_publicize_feature_enabled":true,"jetpack_social_post_already_shared":true,"jetpack_social_options":{"image_generator_settings":{"template":"highway","default_image_id":0,"font":"","enabled":false},"version":2},"_wpas_customize_per_network":false},"categories":[30],"tags":[4939,244,4608],"class_list":["post-52705","post","type-post","status-publish","format-standard","has-post-thumbnail","hentry","category-municipio","tag-direccion-de-produccion","tag-municipio-2","tag-poda","generate-columns","tablet-grid-50","mobile-grid-100","grid-parent","grid-50"],"jetpack_publicize_connections":[],"jetpack_featured_media_url":"https:\/\/www.hoymercedes.com.ar\/principal\/wp-content\/uploads\/2016\/07\/20-PODA-2.jpg","wps_subtitle":"Tareas municipales","jetpack_sharing_enabled":true,"_links":{"self":[{"href":"https:\/\/www.hoymercedes.com.ar\/principal\/wp-json\/wp\/v2\/posts\/52705","targetHints":{"allow":["GET"]}}],"collection":[{"href":"https:\/\/www.hoymercedes.com.ar\/principal\/wp-json\/wp\/v2\/posts"}],"about":[{"href":"https:\/\/www.hoymercedes.com.ar\/principal\/wp-json\/wp\/v2\/types\/post"}],"author":[{"embeddable":true,"href":"https:\/\/www.hoymercedes.com.ar\/principal\/wp-json\/wp\/v2\/users\/1"}],"replies":[{"embeddable":true,"href":"https:\/\/www.hoymercedes.com.ar\/principal\/wp-json\/wp\/v2\/comments?post=52705"}],"version-history":[{"count":0,"href":"https:\/\/www.hoymercedes.com.ar\/principal\/wp-json\/wp\/v2\/posts\/52705\/revisions"}],"wp:featuredmedia":[{"embeddable":true,"href":"https:\/\/www.hoymercedes.com.ar\/principal\/wp-json\/wp\/v2\/media\/52706"}],"wp:attachment":[{"href":"https:\/\/www.hoymercedes.com.ar\/principal\/wp-json\/wp\/v2\/media?parent=52705"}],"wp:term":[{"taxonomy":"category","embeddable":true,"href":"https:\/\/www.hoymercedes.com.ar\/principal\/wp-json\/wp\/v2\/categories?post=52705"},{"taxonomy":"post_tag","embeddable":true,"href":"https:\/\/www.hoymercedes.com.ar\/principal\/wp-json\/wp\/v2\/tags?post=52705"}],"curies":[{"name":"wp","href":"https:\/\/api.w.org\/{rel}","templated":true}]}}