{"id":52715,"date":"2016-07-20T18:49:33","date_gmt":"2016-07-20T21:49:33","guid":{"rendered":"http:\/\/www.hoymercedes.com.ar\/principal\/?p=52715"},"modified":"2016-07-20T16:18:09","modified_gmt":"2016-07-20T19:18:09","slug":"la-directora-de-discapacidad-asistio-a-la-capacitacion-sobre-el-acceso-a-programas-de-la-conadis","status":"publish","type":"post","link":"https:\/\/www.hoymercedes.com.ar\/principal\/2016\/07\/20\/la-directora-de-discapacidad-asistio-a-la-capacitacion-sobre-el-acceso-a-programas-de-la-conadis\/","title":{"rendered":"La Directora de Discapacidad asisti\u00f3 a la capacitaci\u00f3n sobre el acceso a programas de la CONADIS"},"content":{"rendered":"<p>La Directora de Discapacidad de la Municipalidad de Mercedes, Tatiana Lopez, particip\u00f3 esta semana en la ciudad de La Plata, en el\u00a0Sal\u00f3n de Usos M\u00faltiples de\u00a0la Gobernaci\u00f3n de la Provincia de Bs As;\u00a0de\u00a0la Jornada de \u00abCapacitaci\u00f3n\u00a0sobre la Ley de Cheques, Programas y Proyectos destinados a Personas con Discapacidad\u00bb.<\/p>\n<p><img loading=\"lazy\" decoding=\"async\" data-attachment-id=\"52716\" data-permalink=\"https:\/\/www.hoymercedes.com.ar\/principal\/2016\/07\/20\/la-directora-de-discapacidad-asistio-a-la-capacitacion-sobre-el-acceso-a-programas-de-la-conadis\/20-discapacidad-2\/#main\" data-orig-file=\"https:\/\/www.hoymercedes.com.ar\/principal\/wp-content\/uploads\/2016\/07\/20-DISCAPACIDAD-2.jpg\" data-orig-size=\"559,373\" data-comments-opened=\"1\" data-image-meta=\"{&quot;aperture&quot;:&quot;0&quot;,&quot;credit&quot;:&quot;&quot;,&quot;camera&quot;:&quot;&quot;,&quot;caption&quot;:&quot;&quot;,&quot;created_timestamp&quot;:&quot;0&quot;,&quot;copyright&quot;:&quot;&quot;,&quot;focal_length&quot;:&quot;0&quot;,&quot;iso&quot;:&quot;0&quot;,&quot;shutter_speed&quot;:&quot;0&quot;,&quot;title&quot;:&quot;&quot;,&quot;orientation&quot;:&quot;0&quot;}\" data-image-title=\"20 DISCAPACIDAD (2)\" data-image-description=\"\" data-image-caption=\"\" data-large-file=\"https:\/\/www.hoymercedes.com.ar\/principal\/wp-content\/uploads\/2016\/07\/20-DISCAPACIDAD-2.jpg\" class=\"aligncenter size-full wp-image-52716\" src=\"https:\/\/www.hoymercedes.com.ar\/principal\/wp-content\/uploads\/2016\/07\/20-DISCAPACIDAD-2.jpg\" alt=\"20 DISCAPACIDAD (2)\" width=\"559\" height=\"373\" srcset=\"https:\/\/www.hoymercedes.com.ar\/principal\/wp-content\/uploads\/2016\/07\/20-DISCAPACIDAD-2.jpg 559w, https:\/\/www.hoymercedes.com.ar\/principal\/wp-content\/uploads\/2016\/07\/20-DISCAPACIDAD-2-150x100.jpg 150w, https:\/\/www.hoymercedes.com.ar\/principal\/wp-content\/uploads\/2016\/07\/20-DISCAPACIDAD-2-300x200.jpg 300w\" sizes=\"auto, (max-width: 559px) 100vw, 559px\" \/><\/p>\n<p>M\u00e1s de 350 representantes de organizaciones gubernamentales y sociales, autoridades municipales y provinciales participaron de la misma.\u00a0La capacitaci\u00f3n estuvo organizada conjuntamente por la Direcci\u00f3n provincial de Discapacidad y\u00a0la Subsecretar\u00eda de Pol\u00edticas Sociales\u00a0del Ministerio de Desarrollo Social de la provincia; la Comisi\u00f3n Nacional asesora para la integraci\u00f3n de las personas con discapacidad (CONADIS) y la Comisi\u00f3n Provincial de Discapacidad(COPRODIS).<\/p>\n<p>La Ley de Cheques n\u00ba 25730 dispone mediante la recaudaci\u00f3n que se hace a trav\u00e9s de las multas a los cheques mal labrados, la creaci\u00f3n de un fondo espec\u00edfico que solo est\u00e1 destinado a financiar proyectos que buscan mejorar la calidad de vida de las personas con discapacidad. Los proyectos son evaluados por el equipo t\u00e9cnico y finalmente aprobados por el comit\u00e9 de ley de cheques. La convocatoria a presentar proyectos para este a\u00f1o est\u00e1 abierta hasta el d\u00eda 30 de agosto.<\/p>\n<p>Fuente: Prensa Municipal<\/p>\n","protected":false},"excerpt":{"rendered":"<p>La Directora de Discapacidad de la Municipalidad de Mercedes, Tatiana Lopez, particip\u00f3 esta semana en la ciudad de La Plata, &#8230; <a title=\"La Directora de Discapacidad asisti\u00f3 a la capacitaci\u00f3n sobre el acceso a programas de la CONADIS\" class=\"read-more\" href=\"https:\/\/www.hoymercedes.com.ar\/principal\/2016\/07\/20\/la-directora-de-discapacidad-asistio-a-la-capacitacion-sobre-el-acceso-a-programas-de-la-conadis\/\" aria-label=\"Leer m\u00e1s sobre La Directora de Discapacidad asisti\u00f3 a la capacitaci\u00f3n sobre el acceso a programas de la CONADIS\">Leer m\u00e1s<\/a><\/p>\n","protected":false},"author":1,"featured_media":52716,"comment_status":"open","ping_status":"open","sticky":false,"template":"","format":"standard","meta":{"_monsterinsights_skip_tracking":false,"_monsterinsights_sitenote_active":false,"_monsterinsights_sitenote_note":"","_monsterinsights_sitenote_category":0,"jetpack_post_was_ever_published":false,"_jetpack_newsletter_access":"","_jetpack_dont_email_post_to_subs":false,"_jetpack_newsletter_tier_id":0,"_jetpack_memberships_contains_paywalled_content":false,"_jetpack_memberships_contains_paid_content":false,"footnotes":"","jetpack_publicize_message":"","jetpack_publicize_feature_enabled":true,"jetpack_social_post_already_shared":true,"jetpack_social_options":{"image_generator_settings":{"template":"highway","default_image_id":0,"font":"","enabled":false},"version":2},"_wpas_customize_per_network":false},"categories":[30],"tags":[8656,1422,244],"class_list":["post-52715","post","type-post","status-publish","format-standard","has-post-thumbnail","hentry","category-municipio","tag-capacitacion","tag-discapacidad","tag-municipio-2","generate-columns","tablet-grid-50","mobile-grid-100","grid-parent","grid-50"],"jetpack_publicize_connections":[],"jetpack_featured_media_url":"https:\/\/www.hoymercedes.com.ar\/principal\/wp-content\/uploads\/2016\/07\/20-DISCAPACIDAD-2.jpg","wps_subtitle":"Programas provinciales","jetpack_sharing_enabled":true,"_links":{"self":[{"href":"https:\/\/www.hoymercedes.com.ar\/principal\/wp-json\/wp\/v2\/posts\/52715","targetHints":{"allow":["GET"]}}],"collection":[{"href":"https:\/\/www.hoymercedes.com.ar\/principal\/wp-json\/wp\/v2\/posts"}],"about":[{"href":"https:\/\/www.hoymercedes.com.ar\/principal\/wp-json\/wp\/v2\/types\/post"}],"author":[{"embeddable":true,"href":"https:\/\/www.hoymercedes.com.ar\/principal\/wp-json\/wp\/v2\/users\/1"}],"replies":[{"embeddable":true,"href":"https:\/\/www.hoymercedes.com.ar\/principal\/wp-json\/wp\/v2\/comments?post=52715"}],"version-history":[{"count":0,"href":"https:\/\/www.hoymercedes.com.ar\/principal\/wp-json\/wp\/v2\/posts\/52715\/revisions"}],"wp:featuredmedia":[{"embeddable":true,"href":"https:\/\/www.hoymercedes.com.ar\/principal\/wp-json\/wp\/v2\/media\/52716"}],"wp:attachment":[{"href":"https:\/\/www.hoymercedes.com.ar\/principal\/wp-json\/wp\/v2\/media?parent=52715"}],"wp:term":[{"taxonomy":"category","embeddable":true,"href":"https:\/\/www.hoymercedes.com.ar\/principal\/wp-json\/wp\/v2\/categories?post=52715"},{"taxonomy":"post_tag","embeddable":true,"href":"https:\/\/www.hoymercedes.com.ar\/principal\/wp-json\/wp\/v2\/tags?post=52715"}],"curies":[{"name":"wp","href":"https:\/\/api.w.org\/{rel}","templated":true}]}}