{"id":52732,"date":"2016-07-22T08:45:56","date_gmt":"2016-07-22T11:45:56","guid":{"rendered":"http:\/\/www.hoymercedes.com.ar\/principal\/?p=52732"},"modified":"2016-07-21T22:59:37","modified_gmt":"2016-07-22T01:59:37","slug":"reorganizan-la-cicop-de-san-antonio-de-areco","status":"publish","type":"post","link":"https:\/\/www.hoymercedes.com.ar\/principal\/2016\/07\/22\/reorganizan-la-cicop-de-san-antonio-de-areco\/","title":{"rendered":"Reorganizan la CICOP de San Antonio de Areco"},"content":{"rendered":"<p>Para enfrentar la precarizaci\u00f3n laboral y los bajos salarios este mi\u00e9rcoles 20 de julio, se reorganiz\u00f3 la seccional San Antonio de Areco de CICOP luego de casi quince a\u00f1os de inactividad.<\/p>\n<p><img loading=\"lazy\" decoding=\"async\" data-attachment-id=\"52733\" data-permalink=\"https:\/\/www.hoymercedes.com.ar\/principal\/2016\/07\/22\/reorganizan-la-cicop-de-san-antonio-de-areco\/21-cicop\/#main\" data-orig-file=\"https:\/\/www.hoymercedes.com.ar\/principal\/wp-content\/uploads\/2016\/07\/21-cicop.jpg\" data-orig-size=\"448,299\" data-comments-opened=\"1\" data-image-meta=\"{&quot;aperture&quot;:&quot;2.2&quot;,&quot;credit&quot;:&quot;&quot;,&quot;camera&quot;:&quot;SM-J110M&quot;,&quot;caption&quot;:&quot;&quot;,&quot;created_timestamp&quot;:&quot;1469019392&quot;,&quot;copyright&quot;:&quot;&quot;,&quot;focal_length&quot;:&quot;3.3099975585938&quot;,&quot;iso&quot;:&quot;100&quot;,&quot;shutter_speed&quot;:&quot;0.090909090909091&quot;,&quot;title&quot;:&quot;&quot;,&quot;orientation&quot;:&quot;1&quot;}\" data-image-title=\"21 cicop\" data-image-description=\"\" data-image-caption=\"\" data-large-file=\"https:\/\/www.hoymercedes.com.ar\/principal\/wp-content\/uploads\/2016\/07\/21-cicop.jpg\" class=\"aligncenter size-full wp-image-52733\" src=\"https:\/\/www.hoymercedes.com.ar\/principal\/wp-content\/uploads\/2016\/07\/21-cicop.jpg\" alt=\"21 cicop\" width=\"448\" height=\"299\" srcset=\"https:\/\/www.hoymercedes.com.ar\/principal\/wp-content\/uploads\/2016\/07\/21-cicop.jpg 448w, https:\/\/www.hoymercedes.com.ar\/principal\/wp-content\/uploads\/2016\/07\/21-cicop-150x100.jpg 150w, https:\/\/www.hoymercedes.com.ar\/principal\/wp-content\/uploads\/2016\/07\/21-cicop-300x200.jpg 300w\" sizes=\"auto, (max-width: 448px) 100vw, 448px\" \/><\/p>\n<p>De acuerdo a la informaci\u00f3n brindada, se afiliaron mas del 60% de los profesionales de la salud de la localidad bonaerense que trabajan en centros m\u00e9dicos p\u00fablico.<\/p>\n<p>Con la presencia de Jorge Yabkowski y Hern\u00e1n Rivero, integrantes de la nueva comisi\u00f3n directiva provincial, la asamblea eligi\u00f3 la Comisi\u00f3n provisoria que conducir\u00e1 el conflicto y organizar\u00e1 la normalizaci\u00f3n definitiva de la seccional. La misma estar\u00e1 integrada por Mark Garret, Fernando Spina y Horacio Rivera entre otros.<\/p>\n","protected":false},"excerpt":{"rendered":"<p>Para enfrentar la precarizaci\u00f3n laboral y los bajos salarios este mi\u00e9rcoles 20 de julio, se reorganiz\u00f3 la seccional San Antonio &#8230; <a title=\"Reorganizan la CICOP de San Antonio de Areco\" class=\"read-more\" href=\"https:\/\/www.hoymercedes.com.ar\/principal\/2016\/07\/22\/reorganizan-la-cicop-de-san-antonio-de-areco\/\" aria-label=\"Leer m\u00e1s sobre Reorganizan la CICOP de San Antonio de Areco\">Leer m\u00e1s<\/a><\/p>\n","protected":false},"author":1,"featured_media":52733,"comment_status":"open","ping_status":"open","sticky":false,"template":"","format":"standard","meta":{"_monsterinsights_skip_tracking":false,"_monsterinsights_sitenote_active":false,"_monsterinsights_sitenote_note":"","_monsterinsights_sitenote_category":0,"jetpack_post_was_ever_published":false,"_jetpack_newsletter_access":"","_jetpack_dont_email_post_to_subs":false,"_jetpack_newsletter_tier_id":0,"_jetpack_memberships_contains_paywalled_content":false,"_jetpack_memberships_contains_paid_content":false,"footnotes":"","jetpack_publicize_message":"","jetpack_publicize_feature_enabled":true,"jetpack_social_post_already_shared":true,"jetpack_social_options":{"image_generator_settings":{"template":"highway","default_image_id":0,"font":"","enabled":false},"version":2},"_wpas_customize_per_network":false},"categories":[5501],"tags":[6439,9773,2427],"class_list":["post-52732","post","type-post","status-publish","format-standard","has-post-thumbnail","hentry","category-region","tag-cicop","tag-profesionales-de-la-salud","tag-san-antonio-de-areco","generate-columns","tablet-grid-50","mobile-grid-100","grid-parent","grid-50"],"jetpack_publicize_connections":[],"jetpack_featured_media_url":"https:\/\/www.hoymercedes.com.ar\/principal\/wp-content\/uploads\/2016\/07\/21-cicop.jpg","wps_subtitle":"Profesionales de la salud","jetpack_sharing_enabled":true,"_links":{"self":[{"href":"https:\/\/www.hoymercedes.com.ar\/principal\/wp-json\/wp\/v2\/posts\/52732","targetHints":{"allow":["GET"]}}],"collection":[{"href":"https:\/\/www.hoymercedes.com.ar\/principal\/wp-json\/wp\/v2\/posts"}],"about":[{"href":"https:\/\/www.hoymercedes.com.ar\/principal\/wp-json\/wp\/v2\/types\/post"}],"author":[{"embeddable":true,"href":"https:\/\/www.hoymercedes.com.ar\/principal\/wp-json\/wp\/v2\/users\/1"}],"replies":[{"embeddable":true,"href":"https:\/\/www.hoymercedes.com.ar\/principal\/wp-json\/wp\/v2\/comments?post=52732"}],"version-history":[{"count":0,"href":"https:\/\/www.hoymercedes.com.ar\/principal\/wp-json\/wp\/v2\/posts\/52732\/revisions"}],"wp:featuredmedia":[{"embeddable":true,"href":"https:\/\/www.hoymercedes.com.ar\/principal\/wp-json\/wp\/v2\/media\/52733"}],"wp:attachment":[{"href":"https:\/\/www.hoymercedes.com.ar\/principal\/wp-json\/wp\/v2\/media?parent=52732"}],"wp:term":[{"taxonomy":"category","embeddable":true,"href":"https:\/\/www.hoymercedes.com.ar\/principal\/wp-json\/wp\/v2\/categories?post=52732"},{"taxonomy":"post_tag","embeddable":true,"href":"https:\/\/www.hoymercedes.com.ar\/principal\/wp-json\/wp\/v2\/tags?post=52732"}],"curies":[{"name":"wp","href":"https:\/\/api.w.org\/{rel}","templated":true}]}}