{"id":52739,"date":"2016-07-21T23:08:58","date_gmt":"2016-07-22T02:08:58","guid":{"rendered":"http:\/\/www.hoymercedes.com.ar\/principal\/?p=52739"},"modified":"2016-07-21T23:13:34","modified_gmt":"2016-07-22T02:13:34","slug":"capacitacion-de-rehabilitacion-cardio-pulmonar","status":"publish","type":"post","link":"https:\/\/www.hoymercedes.com.ar\/principal\/2016\/07\/21\/capacitacion-de-rehabilitacion-cardio-pulmonar\/","title":{"rendered":"Capacitaci\u00f3n de rehabilitaci\u00f3n Cardio-Pulmonar"},"content":{"rendered":"<p>Desde la Secretaria de Salud del municipio se dio inicio a una serie de capacitaciones en Reanimaci\u00f3n Cardio Pulmonar (RCP) en todos los Centro de Atenci\u00f3n Primaria de la Salud. La primera de ellas se brind\u00f3 este martes en el CAPS \u00a0del Barrio Trocha, dirigida a todo su equipo de salud por expreso pedido del Jefe Comunal Juan Ignacio Ustarroz.<\/p>\n<p>El encargado de las capacitaciones es el coordinador de CAPS \u00a0Lic. Mart\u00edn Avalle. El mismo precis\u00f3: \u00abEl Dr. Cassiani propuso al inicio de la gesti\u00f3n, un programa de capacitaci\u00f3n continua de los trabajadores de la salud, y en el marco de dicho pedido es que hoy damos inicio a las capacitaciones continuas en RCP\u00bb.<\/p>\n<p>Asimismo el profesional manifest\u00f3: \u00bb poder capacitar a todo el equipo de salud es primordial para esta gesti\u00f3n, ya que estas capacitaciones salvan vidas\u00bb.<\/p>\n<p>Desde la Secretaria se plantea la posterior puesta en marcha de un plan de capacitaciones con la comunidad. La.idea es poder articular con las sociedades de fomento y realizar estas capacitaciones con los vecinos del barrio.<\/p>\n<p>&nbsp;<\/p>\n<p>Fuente: Prensa Municipal<\/p>\n","protected":false},"excerpt":{"rendered":"<p>Desde la Secretaria de Salud del municipio se dio inicio a una serie de capacitaciones en Reanimaci\u00f3n Cardio Pulmonar (RCP) &#8230; <a title=\"Capacitaci\u00f3n de rehabilitaci\u00f3n Cardio-Pulmonar\" class=\"read-more\" href=\"https:\/\/www.hoymercedes.com.ar\/principal\/2016\/07\/21\/capacitacion-de-rehabilitacion-cardio-pulmonar\/\" aria-label=\"Leer m\u00e1s sobre Capacitaci\u00f3n de rehabilitaci\u00f3n Cardio-Pulmonar\">Leer m\u00e1s<\/a><\/p>\n","protected":false},"author":1,"featured_media":52740,"comment_status":"open","ping_status":"open","sticky":false,"template":"","format":"standard","meta":{"_monsterinsights_skip_tracking":false,"_monsterinsights_sitenote_active":false,"_monsterinsights_sitenote_note":"","_monsterinsights_sitenote_category":0,"jetpack_post_was_ever_published":false,"_jetpack_newsletter_access":"","_jetpack_dont_email_post_to_subs":false,"_jetpack_newsletter_tier_id":0,"_jetpack_memberships_contains_paywalled_content":false,"_jetpack_memberships_contains_paid_content":false,"footnotes":"","jetpack_publicize_message":"","jetpack_publicize_feature_enabled":true,"jetpack_social_post_already_shared":true,"jetpack_social_options":{"image_generator_settings":{"template":"highway","default_image_id":0,"font":"","enabled":false},"version":2},"_wpas_customize_per_network":false},"categories":[30],"tags":[244,9774,134],"class_list":["post-52739","post","type-post","status-publish","format-standard","has-post-thumbnail","hentry","category-municipio","tag-municipio-2","tag-rcp","tag-salud","generate-columns","tablet-grid-50","mobile-grid-100","grid-parent","grid-50"],"jetpack_publicize_connections":[],"jetpack_featured_media_url":"https:\/\/www.hoymercedes.com.ar\/principal\/wp-content\/uploads\/2016\/07\/21-REANIMACION.jpg","wps_subtitle":"Salud Municipal","jetpack_sharing_enabled":true,"_links":{"self":[{"href":"https:\/\/www.hoymercedes.com.ar\/principal\/wp-json\/wp\/v2\/posts\/52739","targetHints":{"allow":["GET"]}}],"collection":[{"href":"https:\/\/www.hoymercedes.com.ar\/principal\/wp-json\/wp\/v2\/posts"}],"about":[{"href":"https:\/\/www.hoymercedes.com.ar\/principal\/wp-json\/wp\/v2\/types\/post"}],"author":[{"embeddable":true,"href":"https:\/\/www.hoymercedes.com.ar\/principal\/wp-json\/wp\/v2\/users\/1"}],"replies":[{"embeddable":true,"href":"https:\/\/www.hoymercedes.com.ar\/principal\/wp-json\/wp\/v2\/comments?post=52739"}],"version-history":[{"count":0,"href":"https:\/\/www.hoymercedes.com.ar\/principal\/wp-json\/wp\/v2\/posts\/52739\/revisions"}],"wp:featuredmedia":[{"embeddable":true,"href":"https:\/\/www.hoymercedes.com.ar\/principal\/wp-json\/wp\/v2\/media\/52740"}],"wp:attachment":[{"href":"https:\/\/www.hoymercedes.com.ar\/principal\/wp-json\/wp\/v2\/media?parent=52739"}],"wp:term":[{"taxonomy":"category","embeddable":true,"href":"https:\/\/www.hoymercedes.com.ar\/principal\/wp-json\/wp\/v2\/categories?post=52739"},{"taxonomy":"post_tag","embeddable":true,"href":"https:\/\/www.hoymercedes.com.ar\/principal\/wp-json\/wp\/v2\/tags?post=52739"}],"curies":[{"name":"wp","href":"https:\/\/api.w.org\/{rel}","templated":true}]}}