{"id":52774,"date":"2016-07-22T19:25:51","date_gmt":"2016-07-22T22:25:51","guid":{"rendered":"http:\/\/www.hoymercedes.com.ar\/principal\/?p=52774"},"modified":"2016-07-22T17:30:42","modified_gmt":"2016-07-22T20:30:42","slug":"el-colectivo-fotografico-mercedino-abrio-los-ojos-del-alma","status":"publish","type":"post","link":"https:\/\/www.hoymercedes.com.ar\/principal\/2016\/07\/22\/el-colectivo-fotografico-mercedino-abrio-los-ojos-del-alma\/","title":{"rendered":"El Colectivo Fotogr\u00e1fico Mercedino abri\u00f3 los ojos del alma"},"content":{"rendered":"<p><em><strong>Por Clarisa Altieri<\/strong><\/em> &#8211; Benito Mart\u00edn Olmedo, Chanel Peroncini Altamore, Diana Manos, Enrique Alejandro Naser, Gustavo Filipin, Lety Wimbay, Mercedes Guti\u00e9rrez, Miguel Demarco, Raquel Pucheta, y Rodolfo Damico se reunieron con una pasi\u00f3n en com\u00fan: la fotograf\u00eda.<\/p>\n<p><img loading=\"lazy\" decoding=\"async\" data-attachment-id=\"52771\" data-permalink=\"https:\/\/www.hoymercedes.com.ar\/principal\/2016\/07\/22\/el-colectivo-fotografico-mercedino-abrio-los-ojos-del-alma\/22-foto-arquitectos-2\/#main\" data-orig-file=\"https:\/\/www.hoymercedes.com.ar\/principal\/wp-content\/uploads\/2016\/07\/22-foto-arquitectos-2.jpg\" data-orig-size=\"448,299\" data-comments-opened=\"1\" data-image-meta=\"{&quot;aperture&quot;:&quot;3.8&quot;,&quot;credit&quot;:&quot;&quot;,&quot;camera&quot;:&quot;NIKON D3100&quot;,&quot;caption&quot;:&quot;????????????????????????????????????&quot;,&quot;created_timestamp&quot;:&quot;1469134246&quot;,&quot;copyright&quot;:&quot;&quot;,&quot;focal_length&quot;:&quot;23&quot;,&quot;iso&quot;:&quot;1400&quot;,&quot;shutter_speed&quot;:&quot;0.016666666666667&quot;,&quot;title&quot;:&quot;&quot;,&quot;orientation&quot;:&quot;1&quot;}\" data-image-title=\"22 foto arquitectos 2\" data-image-description=\"\" data-image-caption=\"\" data-large-file=\"https:\/\/www.hoymercedes.com.ar\/principal\/wp-content\/uploads\/2016\/07\/22-foto-arquitectos-2.jpg\" class=\"aligncenter size-full wp-image-52771\" src=\"https:\/\/www.hoymercedes.com.ar\/principal\/wp-content\/uploads\/2016\/07\/22-foto-arquitectos-2.jpg\" alt=\"22 foto arquitectos 2\" width=\"448\" height=\"299\" srcset=\"https:\/\/www.hoymercedes.com.ar\/principal\/wp-content\/uploads\/2016\/07\/22-foto-arquitectos-2.jpg 448w, https:\/\/www.hoymercedes.com.ar\/principal\/wp-content\/uploads\/2016\/07\/22-foto-arquitectos-2-150x100.jpg 150w, https:\/\/www.hoymercedes.com.ar\/principal\/wp-content\/uploads\/2016\/07\/22-foto-arquitectos-2-300x200.jpg 300w\" sizes=\"auto, (max-width: 448px) 100vw, 448px\" \/><\/p>\n<p>Supieron coincidir el a\u00f1o pasado en uno de los cursos que el fot\u00f3grafo Daniel Zunino brind\u00f3 en la Biblioteca Sarmiento y este a\u00f1o se unieron para exponer los frutos de ese curso. As\u00ed naci\u00f3 la muestra colectiva que tiene como invitado al mismo Zunino.<\/p>\n<p>\u00abLa idea es compartir estos resultados, hacerlos colectivos, ciudadanos, para que surquen con libertad otros esp\u00edritus, despierten recuerdos a\u00f1ejados o enarbolen sonrisas dormidas. La vida es magia, verdadera, \u00fanica, trascendente, y debemos dar testimonio, pero la palabra falla y la mente olvida. La fotograf\u00eda, nuestros ojos del alma, es la fiel compa\u00f1era que los mantiene inalterables\u00bb, explicaron.<\/p>\n<p><img loading=\"lazy\" decoding=\"async\" data-attachment-id=\"52770\" data-permalink=\"https:\/\/www.hoymercedes.com.ar\/principal\/2016\/07\/22\/el-colectivo-fotografico-mercedino-abrio-los-ojos-del-alma\/22-foto-arquitectos-1\/#main\" data-orig-file=\"https:\/\/www.hoymercedes.com.ar\/principal\/wp-content\/uploads\/2016\/07\/22-foto-arquitectos-1.jpg\" data-orig-size=\"448,299\" data-comments-opened=\"1\" data-image-meta=\"{&quot;aperture&quot;:&quot;3.5&quot;,&quot;credit&quot;:&quot;&quot;,&quot;camera&quot;:&quot;NIKON D3100&quot;,&quot;caption&quot;:&quot;????????????????????????????????????&quot;,&quot;created_timestamp&quot;:&quot;1469134295&quot;,&quot;copyright&quot;:&quot;&quot;,&quot;focal_length&quot;:&quot;18&quot;,&quot;iso&quot;:&quot;640&quot;,&quot;shutter_speed&quot;:&quot;0.016666666666667&quot;,&quot;title&quot;:&quot;&quot;,&quot;orientation&quot;:&quot;1&quot;}\" data-image-title=\"22 foto arquitectos 1\" data-image-description=\"\" data-image-caption=\"\" data-large-file=\"https:\/\/www.hoymercedes.com.ar\/principal\/wp-content\/uploads\/2016\/07\/22-foto-arquitectos-1.jpg\" class=\"size-full wp-image-52770\" src=\"https:\/\/www.hoymercedes.com.ar\/principal\/wp-content\/uploads\/2016\/07\/22-foto-arquitectos-1.jpg\" alt=\"????????????????????????????????????\" width=\"448\" height=\"299\" srcset=\"https:\/\/www.hoymercedes.com.ar\/principal\/wp-content\/uploads\/2016\/07\/22-foto-arquitectos-1.jpg 448w, https:\/\/www.hoymercedes.com.ar\/principal\/wp-content\/uploads\/2016\/07\/22-foto-arquitectos-1-150x100.jpg 150w, https:\/\/www.hoymercedes.com.ar\/principal\/wp-content\/uploads\/2016\/07\/22-foto-arquitectos-1-300x200.jpg 300w\" sizes=\"auto, (max-width: 448px) 100vw, 448px\" \/><\/p>\n<p>El t\u00edtulo de la exposici\u00f3n es \u201cLos ojos del Alma\u201d y se inaugur\u00f3 el jueves pasado en el hall del Colegio de Arquitectos de 30, entre 23 y 25. La muestra contin\u00faa abierta en el horario de atenci\u00f3n del Colegio hasta mediados del mes de agosto.<\/p>\n<p><img loading=\"lazy\" decoding=\"async\" data-attachment-id=\"52769\" data-permalink=\"https:\/\/www.hoymercedes.com.ar\/principal\/2016\/07\/22\/el-colectivo-fotografico-mercedino-abrio-los-ojos-del-alma\/22-foto-arquitectos\/#main\" data-orig-file=\"https:\/\/www.hoymercedes.com.ar\/principal\/wp-content\/uploads\/2016\/07\/22-foto-arquitectos.jpg\" data-orig-size=\"448,299\" data-comments-opened=\"1\" data-image-meta=\"{&quot;aperture&quot;:&quot;3.5&quot;,&quot;credit&quot;:&quot;&quot;,&quot;camera&quot;:&quot;NIKON D3100&quot;,&quot;caption&quot;:&quot;????????????????????????????????????&quot;,&quot;created_timestamp&quot;:&quot;1469134365&quot;,&quot;copyright&quot;:&quot;&quot;,&quot;focal_length&quot;:&quot;18&quot;,&quot;iso&quot;:&quot;2200&quot;,&quot;shutter_speed&quot;:&quot;0.016666666666667&quot;,&quot;title&quot;:&quot;&quot;,&quot;orientation&quot;:&quot;1&quot;}\" data-image-title=\"22 foto arquitectos\" data-image-description=\"\" data-image-caption=\"\" data-large-file=\"https:\/\/www.hoymercedes.com.ar\/principal\/wp-content\/uploads\/2016\/07\/22-foto-arquitectos.jpg\" class=\"aligncenter size-full wp-image-52769\" src=\"https:\/\/www.hoymercedes.com.ar\/principal\/wp-content\/uploads\/2016\/07\/22-foto-arquitectos.jpg\" alt=\"22 foto arquitectos\" width=\"448\" height=\"299\" srcset=\"https:\/\/www.hoymercedes.com.ar\/principal\/wp-content\/uploads\/2016\/07\/22-foto-arquitectos.jpg 448w, https:\/\/www.hoymercedes.com.ar\/principal\/wp-content\/uploads\/2016\/07\/22-foto-arquitectos-150x100.jpg 150w, https:\/\/www.hoymercedes.com.ar\/principal\/wp-content\/uploads\/2016\/07\/22-foto-arquitectos-300x200.jpg 300w\" sizes=\"auto, (max-width: 448px) 100vw, 448px\" \/><\/p>\n","protected":false},"excerpt":{"rendered":"<p>Por Clarisa Altieri &#8211; Benito Mart\u00edn Olmedo, Chanel Peroncini Altamore, Diana Manos, Enrique Alejandro Naser, Gustavo Filipin, Lety Wimbay, Mercedes &#8230; <a title=\"El Colectivo Fotogr\u00e1fico Mercedino abri\u00f3 los ojos del alma\" class=\"read-more\" href=\"https:\/\/www.hoymercedes.com.ar\/principal\/2016\/07\/22\/el-colectivo-fotografico-mercedino-abrio-los-ojos-del-alma\/\" aria-label=\"Leer m\u00e1s sobre El Colectivo Fotogr\u00e1fico Mercedino abri\u00f3 los ojos del alma\">Leer m\u00e1s<\/a><\/p>\n","protected":false},"author":1,"featured_media":52771,"comment_status":"open","ping_status":"open","sticky":false,"template":"","format":"standard","meta":{"_monsterinsights_skip_tracking":false,"_monsterinsights_sitenote_active":false,"_monsterinsights_sitenote_note":"","_monsterinsights_sitenote_category":0,"jetpack_post_was_ever_published":false,"_jetpack_newsletter_access":"","_jetpack_dont_email_post_to_subs":false,"_jetpack_newsletter_tier_id":0,"_jetpack_memberships_contains_paywalled_content":false,"_jetpack_memberships_contains_paid_content":false,"footnotes":"","jetpack_publicize_message":"","jetpack_publicize_feature_enabled":true,"jetpack_social_post_already_shared":true,"jetpack_social_options":{"image_generator_settings":{"template":"highway","default_image_id":0,"font":"","enabled":false},"version":2},"_wpas_customize_per_network":false},"categories":[104],"tags":[9779,6816,7805,1034],"class_list":["post-52774","post","type-post","status-publish","format-standard","has-post-thumbnail","hentry","category-cultura","tag-colectivo-fotogafico-mercedino","tag-colegio-de-arquitectos","tag-cultura","tag-fotografia","generate-columns","tablet-grid-50","mobile-grid-100","grid-parent","grid-50"],"jetpack_publicize_connections":[],"jetpack_featured_media_url":"https:\/\/www.hoymercedes.com.ar\/principal\/wp-content\/uploads\/2016\/07\/22-foto-arquitectos-2.jpg","wps_subtitle":"Muestra en el Arquitectos","jetpack_sharing_enabled":true,"_links":{"self":[{"href":"https:\/\/www.hoymercedes.com.ar\/principal\/wp-json\/wp\/v2\/posts\/52774","targetHints":{"allow":["GET"]}}],"collection":[{"href":"https:\/\/www.hoymercedes.com.ar\/principal\/wp-json\/wp\/v2\/posts"}],"about":[{"href":"https:\/\/www.hoymercedes.com.ar\/principal\/wp-json\/wp\/v2\/types\/post"}],"author":[{"embeddable":true,"href":"https:\/\/www.hoymercedes.com.ar\/principal\/wp-json\/wp\/v2\/users\/1"}],"replies":[{"embeddable":true,"href":"https:\/\/www.hoymercedes.com.ar\/principal\/wp-json\/wp\/v2\/comments?post=52774"}],"version-history":[{"count":0,"href":"https:\/\/www.hoymercedes.com.ar\/principal\/wp-json\/wp\/v2\/posts\/52774\/revisions"}],"wp:featuredmedia":[{"embeddable":true,"href":"https:\/\/www.hoymercedes.com.ar\/principal\/wp-json\/wp\/v2\/media\/52771"}],"wp:attachment":[{"href":"https:\/\/www.hoymercedes.com.ar\/principal\/wp-json\/wp\/v2\/media?parent=52774"}],"wp:term":[{"taxonomy":"category","embeddable":true,"href":"https:\/\/www.hoymercedes.com.ar\/principal\/wp-json\/wp\/v2\/categories?post=52774"},{"taxonomy":"post_tag","embeddable":true,"href":"https:\/\/www.hoymercedes.com.ar\/principal\/wp-json\/wp\/v2\/tags?post=52774"}],"curies":[{"name":"wp","href":"https:\/\/api.w.org\/{rel}","templated":true}]}}