{"id":52877,"date":"2016-07-27T09:35:51","date_gmt":"2016-07-27T12:35:51","guid":{"rendered":"http:\/\/www.hoymercedes.com.ar\/principal\/?p=52877"},"modified":"2016-07-27T09:35:51","modified_gmt":"2016-07-27T12:35:51","slug":"allanamiento-y-dos-detenidos-tras-robo","status":"publish","type":"post","link":"https:\/\/www.hoymercedes.com.ar\/principal\/2016\/07\/27\/allanamiento-y-dos-detenidos-tras-robo\/","title":{"rendered":"Allanamiento y dos detenidos tras robo"},"content":{"rendered":"<p>En la noche del pasado domingo 17, malvivientes irrumpieron en una vivienda, logrando llevarse una importante suma de dinero. El hecho ocurri\u00f3 alrededor de las 20:30 horas en una vivienda de calles 108 y 103, propiedad de la familia Roballo.<\/p>\n<p>Al momento del asalto, en el lugar se encontraba un matrimonio y sus hijos, y dos delincuentes ingresaron armados y con sus rostros cubiertos por el fondo de la casa. Tras forzar el ingreso redujeron a la familia y a punta de pistola \u2013portando en total tres armas- y con amenazas les exig\u00edan dinero. El due\u00f1o de casa sali\u00f3 junto a los delincuentes a otro sector de la vivienda y les entreg\u00f3 una importante suma de dinero, que trascendi\u00f3 ser\u00eda alrededor de cien mil pesos y 500 d\u00f3lares.<\/p>\n<p>Tras lograr su cometido, los ladrones se dieron a la fuga.<\/p>\n<p>La familia realiz\u00f3 la denuncia correspondiente. Se inici\u00f3 la investigaci\u00f3n para tratar de dar con los malvivientes con intervenci\u00f3n de la UFI N\u00ba 3, en turno, a cargo del doctor Pedro Illanes en conjunto con la polic\u00eda Comunal Mercedes.<\/p>\n<p>&nbsp;<\/p>\n<p><strong>Esclarecimiento<\/strong><\/p>\n<p>Afortunadamente, las tareas investigativas dieron sus frutos r\u00e1pidamente. En la tarde &#8211; noche del lunes, personal policial de la Estaci\u00f3n Comunal Mercedes realiz\u00f3 dos allanamientos en el barrio Soldado Balvidades.<\/p>\n<p>El dato habr\u00eda surgido por otra investigaci\u00f3n que se estaba realizando sobre estas personas (ver aparte) y porque habr\u00edan sido observados en su huida por testigos hacia la zona de campos en sentido Mercedes- Luj\u00e1n.<\/p>\n<p>Cerca de las 17, efectivos policiales ingresaron a dos viviendas en calle 53 bis entre 6 y 8, y en calle 16 entre 65 y 67, como as\u00ed tambi\u00e9n se registr\u00f3 domicilio que alternar\u00eda uno de los malvivientes, en calle 57 entre 16 y 18. Al momento de los operativos, los efectivos lograron incautar elementos de importancia que llevaron a confirmar el esclarecimiento del hecho: cinco armas de fuego (revolver calibre 32 largo, replica de pistola calibre 9 mil\u00edmetros, pistola calibre 22, replica de pistola calibre 635, escopeta recortada calibre 16, revolver calibre 32 y otro revolver calibre 32 largo) y municiones; una importante suma de dinero en efectivo, tel\u00e9fonos celulares y prendas de vestir, entre otros elementos.<\/p>\n<p>Fue recuperada una parte de los cien mil pesos que el vecino hab\u00eda cobrado recientemente y que hab\u00edan sido el objeto del atraco de la noche anterior.<\/p>\n<p>Las armas habr\u00edan sido reconocidas por una de las v\u00edctimas como las utilizadas en la noche del robo, entre ellas una escopeta y pistolas. Tambi\u00e9n habr\u00eda podido reconocer vestimenta de los asaltantes y otros objetos. Uno de los detenidos, adem\u00e1s, habr\u00eda aceptado su responsabilidad.<\/p>\n<p>Como consecuencia de la investigaci\u00f3n fueron aprehendidas dos personas, oriundas de nuestra ciudad: Isa\u00edas Zuleta y Luis Oscar Zunino, imputados por \u201cRobo calificado por el uso de arma, apta para el disparo\u201d.<\/p>\n<p>Adem\u00e1s, se realiz\u00f3 un rastrillaje por la zona por d\u00f3nde habr\u00eda emprendido la huida y se encontraron tres armas.<\/p>\n<p>&nbsp;<\/p>\n<p><strong>M\u00e1s imputaciones<\/strong><\/p>\n<p>Zuleta y Zunino estaban siendo investigados por un hecho de robo perpetrado en un local comercial, identificado como El Trebol \u2013situada en inmediaciones de la rotonda de acceso a la ciudad, sobre Ruta 5\u2013 ocurrido en el mes de mayo. Se trataba de una investigaci\u00f3n por \u201cRobo calificado por el uso de arma de utiler\u00eda\u201d, con intervenci\u00f3n de la UFI N\u00ba 2 a cargo del doctor Leandro Marquiegui.<\/p>\n<p>Ciertas similitudes entre ambos hechos, y algunos datos recogidos llevaron a los allanamientos.<\/p>\n<p>Por estos dos hechos, se efectiviz\u00f3 la detenci\u00f3n de los dos imputados.<\/p>\n","protected":false},"excerpt":{"rendered":"<p>En la noche del pasado domingo 17, malvivientes irrumpieron en una vivienda, logrando llevarse una importante suma de dinero. El &#8230; <a title=\"Allanamiento y dos detenidos tras robo\" class=\"read-more\" href=\"https:\/\/www.hoymercedes.com.ar\/principal\/2016\/07\/27\/allanamiento-y-dos-detenidos-tras-robo\/\" aria-label=\"Leer m\u00e1s sobre Allanamiento y dos detenidos tras robo\">Leer m\u00e1s<\/a><\/p>\n","protected":false},"author":1,"featured_media":52878,"comment_status":"open","ping_status":"open","sticky":false,"template":"","format":"standard","meta":{"_monsterinsights_skip_tracking":false,"_monsterinsights_sitenote_active":false,"_monsterinsights_sitenote_note":"","_monsterinsights_sitenote_category":0,"jetpack_post_was_ever_published":false,"_jetpack_newsletter_access":"","_jetpack_dont_email_post_to_subs":false,"_jetpack_newsletter_tier_id":0,"_jetpack_memberships_contains_paywalled_content":false,"_jetpack_memberships_contains_paid_content":false,"footnotes":"","jetpack_publicize_message":"","jetpack_publicize_feature_enabled":true,"jetpack_social_post_already_shared":true,"jetpack_social_options":{"image_generator_settings":{"template":"highway","default_image_id":0,"font":"","enabled":false},"version":2},"_wpas_customize_per_network":false},"categories":[85],"tags":[],"class_list":["post-52877","post","type-post","status-publish","format-standard","has-post-thumbnail","hentry","category-policial","generate-columns","tablet-grid-50","mobile-grid-100","grid-parent","grid-50"],"jetpack_publicize_connections":[],"jetpack_featured_media_url":"https:\/\/www.hoymercedes.com.ar\/principal\/wp-content\/uploads\/2016\/07\/poli-2.jpg","wps_subtitle":"Los ladrones tambi\u00e9n habr\u00edan asaltado El Tr\u00e9bol","jetpack_sharing_enabled":true,"_links":{"self":[{"href":"https:\/\/www.hoymercedes.com.ar\/principal\/wp-json\/wp\/v2\/posts\/52877","targetHints":{"allow":["GET"]}}],"collection":[{"href":"https:\/\/www.hoymercedes.com.ar\/principal\/wp-json\/wp\/v2\/posts"}],"about":[{"href":"https:\/\/www.hoymercedes.com.ar\/principal\/wp-json\/wp\/v2\/types\/post"}],"author":[{"embeddable":true,"href":"https:\/\/www.hoymercedes.com.ar\/principal\/wp-json\/wp\/v2\/users\/1"}],"replies":[{"embeddable":true,"href":"https:\/\/www.hoymercedes.com.ar\/principal\/wp-json\/wp\/v2\/comments?post=52877"}],"version-history":[{"count":0,"href":"https:\/\/www.hoymercedes.com.ar\/principal\/wp-json\/wp\/v2\/posts\/52877\/revisions"}],"wp:featuredmedia":[{"embeddable":true,"href":"https:\/\/www.hoymercedes.com.ar\/principal\/wp-json\/wp\/v2\/media\/52878"}],"wp:attachment":[{"href":"https:\/\/www.hoymercedes.com.ar\/principal\/wp-json\/wp\/v2\/media?parent=52877"}],"wp:term":[{"taxonomy":"category","embeddable":true,"href":"https:\/\/www.hoymercedes.com.ar\/principal\/wp-json\/wp\/v2\/categories?post=52877"},{"taxonomy":"post_tag","embeddable":true,"href":"https:\/\/www.hoymercedes.com.ar\/principal\/wp-json\/wp\/v2\/tags?post=52877"}],"curies":[{"name":"wp","href":"https:\/\/api.w.org\/{rel}","templated":true}]}}