{"id":52889,"date":"2016-07-27T11:08:05","date_gmt":"2016-07-27T14:08:05","guid":{"rendered":"http:\/\/www.hoymercedes.com.ar\/principal\/?p=52889"},"modified":"2016-07-27T18:42:32","modified_gmt":"2016-07-27T21:42:32","slug":"club-mercedes-amplia-su-campo-de-deportes","status":"publish","type":"post","link":"https:\/\/www.hoymercedes.com.ar\/principal\/2016\/07\/27\/club-mercedes-amplia-su-campo-de-deportes\/","title":{"rendered":"Club Mercedes ampl\u00eda su campo de deportes"},"content":{"rendered":"<p><em><strong>El Intendente Juan Ignacio Ustarroz, junto al director de Deportes, Juan Mart\u00edn Silvestre, el presidente del Concejo Deliberante\u00a0Mat\u00edas\u00a0Dematei, y otros funcionarios como David\u00a0Valerga, Juan Pablo\u00a0Lo<\/strong><\/em><em><strong>pez\u00a0y Pablo Massa hicieron\u00a0entrega al Club Mercedes un terreno de una hect\u00e1rea\u00a0en el Sector Nuevo del Parque Municipal para la pr\u00e1ctica deportiva.<\/strong><\/em><\/p>\n<p><img loading=\"lazy\" decoding=\"async\" data-attachment-id=\"52890\" data-permalink=\"https:\/\/www.hoymercedes.com.ar\/principal\/2016\/07\/27\/club-mercedes-amplia-su-campo-de-deportes\/plano-club-mercedes\/#main\" data-orig-file=\"https:\/\/www.hoymercedes.com.ar\/principal\/wp-content\/uploads\/2016\/07\/Plano-Club-Mercedes.jpg\" data-orig-size=\"960,690\" data-comments-opened=\"1\" data-image-meta=\"{&quot;aperture&quot;:&quot;0&quot;,&quot;credit&quot;:&quot;&quot;,&quot;camera&quot;:&quot;&quot;,&quot;caption&quot;:&quot;&quot;,&quot;created_timestamp&quot;:&quot;0&quot;,&quot;copyright&quot;:&quot;&quot;,&quot;focal_length&quot;:&quot;0&quot;,&quot;iso&quot;:&quot;0&quot;,&quot;shutter_speed&quot;:&quot;0&quot;,&quot;title&quot;:&quot;&quot;,&quot;orientation&quot;:&quot;0&quot;}\" data-image-title=\"Plano Club Mercedes\" data-image-description=\"\" data-image-caption=\"\" data-large-file=\"https:\/\/www.hoymercedes.com.ar\/principal\/wp-content\/uploads\/2016\/07\/Plano-Club-Mercedes.jpg\" class=\"aligncenter size-full wp-image-52890\" src=\"https:\/\/www.hoymercedes.com.ar\/principal\/wp-content\/uploads\/2016\/07\/Plano-Club-Mercedes.jpg\" alt=\"Plano Club Mercedes\" width=\"960\" height=\"690\" srcset=\"https:\/\/www.hoymercedes.com.ar\/principal\/wp-content\/uploads\/2016\/07\/Plano-Club-Mercedes.jpg 960w, https:\/\/www.hoymercedes.com.ar\/principal\/wp-content\/uploads\/2016\/07\/Plano-Club-Mercedes-150x108.jpg 150w, https:\/\/www.hoymercedes.com.ar\/principal\/wp-content\/uploads\/2016\/07\/Plano-Club-Mercedes-630x453.jpg 630w, https:\/\/www.hoymercedes.com.ar\/principal\/wp-content\/uploads\/2016\/07\/Plano-Club-Mercedes-140x100.jpg 140w\" sizes=\"auto, (max-width: 960px) 100vw, 960px\" \/><br \/>\nEn dicho sector se har\u00e1 una cancha de f\u00fatbol de 11 y una de 9 que servir\u00e1n para descomprimir el\u00a0campo de dep<span class=\"text_exposed_show\">ortes del Blanquinegro ya que en la actualidad hay 400 j\u00f3venes que lo utilizan\u00a0y cuenta\u00a0con solo una cancha 11, una de 9 y algunos sectores para trabajos f\u00edsicos y escuelita.<br \/>\n<\/span><\/p>\n<p>En di\u00e1logo con el programa El Pulso, que se emite de lunes a viernes de 8 a 12 por FM La Tribuna, Juan Pablo L\u00f3pez se\u00f1al\u00f3 que \u00abel Club Mercedes fue protagonista de esta sesi\u00f3n de uso de estas tierras que est\u00e1n ociosas en el sector nuevo del Parque Municipal. Hicimos lo propio con el Club All Boys hace unos d\u00edas con la parte que da al norte de ese lugar del predio y que generan un gasto de mantenimiento para el municipio ya que son cerca de 7 hect\u00e1reas donde lo \u00fanico que se hace es cortar el pasto y eso cuesta dinero en personal, m\u00e1quinas, tiempo&#8230;\u00bb.<\/p>\n<p>Adem\u00e1s, agreg\u00f3 que \u00abse vio con buenos ojos seguir ampliando la propuesta deportiva que se tiene en el Parque Municipal y que ser\u00e1 abierta a todo p\u00fablico porque todas las instituciones que tienen la posibilidad de usar ese sector permite el ingreso a todos los vecinos de Mercedes, como ocurre con el circuito de ciclismo\u00bb.<\/p>\n<p>Por otra parte, se\u00f1al\u00f3 que \u00abmuchos vecinos podr\u00e1n desarrollarse en las disciplinas que propongan los clubes. El Club All Boys se comprometi\u00f3 a hacer una cancha de hockey profesional porque buscamos ser una plaza importante de este deporte en la regi\u00f3n\u00bb.<\/p>\n<p>Adem\u00e1s, no olvid\u00f3 de destacar que \u00abante una necesidad de utilidad p\u00fablica, qued\u00f3 detallada una cl\u00e1usula en la que el Municipio se reserva la posibilidad de pedir ese predio. Por lo que no est\u00e1 en peligro el patrimonio municipal ni la posibilidad de seguir manteniendo el uso p\u00fablico de ese predio\u00bb<\/p>\n<p>En su cuenta de Facebook, el Club Mercedes agreg\u00f3 que en ese terreno habr\u00e1 que \u00ab<span class=\"text_exposed_show\">pasar una Champion, sembrar pasto, poner arcos, una bomba para riego y alambrar ya que en la actualidad en dicho sector lo usan cuatriciclos particulares para diversi\u00f3n. El alambrado en principio seria el com\u00fan ya que hacer alambrado ol\u00edmpico a los 455 m que tiene el per\u00edmetro saldr\u00eda mas de $ 200 mil\u00bb.<\/span><\/p>\n<p>&nbsp;<\/p>\n<p><strong>Cena a Beneficio<\/strong><\/p>\n<p>El s\u00e1bado 6 de agosto, la Municipalidad, en su programa \u00abApoyando al Deporte Mercedino\u00bb organiz\u00f3\u00a0una cena beneficio para el Club Mercedes en el Complejo Cultural La Trocha. El Men\u00fa ser\u00e1: Chorizo, pollo, ensalada, postre helado y gaseosa. El Club tendr\u00e1 un servicio de cantina para la venta de bebidas. Posiblemente tambi\u00e9n haya un show musical.<br \/>\nEl precio de la tarjeta es de $150 para los mayores y $100 para los menores deportistas del Club Mercedes. \u00abEs una bue<span class=\"text_exposed_show\">na oportunidad para volver a reunir a toda la familia blanquinegra\u00a0y recaudar fondos para poder volcar en nuestro Campo de Deportes\u00bb, indicaron desde la instituci\u00f3n.<\/span><\/p>\n<p>&nbsp;<\/p>\n<p>&nbsp;<\/p>\n","protected":false},"excerpt":{"rendered":"<p>El Intendente Juan Ignacio Ustarroz, junto al director de Deportes, Juan Mart\u00edn Silvestre, el presidente del Concejo Deliberante\u00a0Mat\u00edas\u00a0Dematei, y otros &#8230; <a title=\"Club Mercedes ampl\u00eda su campo de deportes\" class=\"read-more\" href=\"https:\/\/www.hoymercedes.com.ar\/principal\/2016\/07\/27\/club-mercedes-amplia-su-campo-de-deportes\/\" aria-label=\"Leer m\u00e1s sobre Club Mercedes ampl\u00eda su campo de deportes\">Leer m\u00e1s<\/a><\/p>\n","protected":false},"author":1,"featured_media":52890,"comment_status":"open","ping_status":"open","sticky":false,"template":"","format":"standard","meta":{"_monsterinsights_skip_tracking":false,"_monsterinsights_sitenote_active":false,"_monsterinsights_sitenote_note":"","_monsterinsights_sitenote_category":0,"jetpack_post_was_ever_published":false,"_jetpack_newsletter_access":"","_jetpack_dont_email_post_to_subs":false,"_jetpack_newsletter_tier_id":0,"_jetpack_memberships_contains_paywalled_content":false,"_jetpack_memberships_contains_paid_content":false,"footnotes":"","jetpack_publicize_message":"","jetpack_publicize_feature_enabled":true,"jetpack_social_post_already_shared":true,"jetpack_social_options":{"image_generator_settings":{"template":"highway","default_image_id":0,"font":"","enabled":false},"version":2},"_wpas_customize_per_network":false},"categories":[21],"tags":[122,1003],"class_list":["post-52889","post","type-post","status-publish","format-standard","has-post-thumbnail","hentry","category-deportes","tag-club-mercedes","tag-futbol","generate-columns","tablet-grid-50","mobile-grid-100","grid-parent","grid-50"],"jetpack_publicize_connections":[],"jetpack_featured_media_url":"https:\/\/www.hoymercedes.com.ar\/principal\/wp-content\/uploads\/2016\/07\/Plano-Club-Mercedes.jpg","wps_subtitle":"En el Parque Municipal","jetpack_sharing_enabled":true,"_links":{"self":[{"href":"https:\/\/www.hoymercedes.com.ar\/principal\/wp-json\/wp\/v2\/posts\/52889","targetHints":{"allow":["GET"]}}],"collection":[{"href":"https:\/\/www.hoymercedes.com.ar\/principal\/wp-json\/wp\/v2\/posts"}],"about":[{"href":"https:\/\/www.hoymercedes.com.ar\/principal\/wp-json\/wp\/v2\/types\/post"}],"author":[{"embeddable":true,"href":"https:\/\/www.hoymercedes.com.ar\/principal\/wp-json\/wp\/v2\/users\/1"}],"replies":[{"embeddable":true,"href":"https:\/\/www.hoymercedes.com.ar\/principal\/wp-json\/wp\/v2\/comments?post=52889"}],"version-history":[{"count":0,"href":"https:\/\/www.hoymercedes.com.ar\/principal\/wp-json\/wp\/v2\/posts\/52889\/revisions"}],"wp:featuredmedia":[{"embeddable":true,"href":"https:\/\/www.hoymercedes.com.ar\/principal\/wp-json\/wp\/v2\/media\/52890"}],"wp:attachment":[{"href":"https:\/\/www.hoymercedes.com.ar\/principal\/wp-json\/wp\/v2\/media?parent=52889"}],"wp:term":[{"taxonomy":"category","embeddable":true,"href":"https:\/\/www.hoymercedes.com.ar\/principal\/wp-json\/wp\/v2\/categories?post=52889"},{"taxonomy":"post_tag","embeddable":true,"href":"https:\/\/www.hoymercedes.com.ar\/principal\/wp-json\/wp\/v2\/tags?post=52889"}],"curies":[{"name":"wp","href":"https:\/\/api.w.org\/{rel}","templated":true}]}}