{"id":52898,"date":"2016-07-27T19:44:55","date_gmt":"2016-07-27T22:44:55","guid":{"rendered":"http:\/\/www.hoymercedes.com.ar\/principal\/?p=52898"},"modified":"2016-07-27T13:11:52","modified_gmt":"2016-07-27T16:11:52","slug":"juan-ignacio-menendez-mercedes-tiene-la-obligacion-de-ir-a-buscar-el-resultado","status":"publish","type":"post","link":"https:\/\/www.hoymercedes.com.ar\/principal\/2016\/07\/27\/juan-ignacio-menendez-mercedes-tiene-la-obligacion-de-ir-a-buscar-el-resultado\/","title":{"rendered":"Juan Ignacio Men\u00e9ndez: \u00abMercedes tiene la obligaci\u00f3n de ir a buscar el resultado\u00bb"},"content":{"rendered":"<p><em><strong>El DT de la Primera Divisi\u00f3n de Quilmes, Juan Ignacio Menendez, analiz\u00f3 la etapa de Liguilla que vive la Liga Mercedina de F\u00fatbol y sobre Club Mercedes dijo que \u00abel cambio de t\u00e9cnico (por la llegada de Correa) produce una levantada en los grupos. Sabemos que tenemos la ventaja deportiva. Esta semana trabajamos en el gimnasio de la cancha de b\u00e1squet por la lluvia. Agradezco a la dirigencia que nos permiti\u00f3 hacerlo y ya estamos sin Roberto L\u00f3pez, que no es mas el preparador f\u00edsico y en su lugar se sum\u00f3 Juan Pablo Vitetta\u00bb.<\/strong><\/em><\/p>\n<p><img loading=\"lazy\" decoding=\"async\" data-attachment-id=\"52899\" data-permalink=\"https:\/\/www.hoymercedes.com.ar\/principal\/2016\/07\/27\/juan-ignacio-menendez-mercedes-tiene-la-obligacion-de-ir-a-buscar-el-resultado\/quilmes-primera-division\/#main\" data-orig-file=\"https:\/\/www.hoymercedes.com.ar\/principal\/wp-content\/uploads\/2016\/07\/Quilmes-Primera-Division.jpg\" data-orig-size=\"525,350\" data-comments-opened=\"1\" data-image-meta=\"{&quot;aperture&quot;:&quot;0&quot;,&quot;credit&quot;:&quot;&quot;,&quot;camera&quot;:&quot;&quot;,&quot;caption&quot;:&quot;&quot;,&quot;created_timestamp&quot;:&quot;0&quot;,&quot;copyright&quot;:&quot;&quot;,&quot;focal_length&quot;:&quot;0&quot;,&quot;iso&quot;:&quot;0&quot;,&quot;shutter_speed&quot;:&quot;0&quot;,&quot;title&quot;:&quot;&quot;,&quot;orientation&quot;:&quot;0&quot;}\" data-image-title=\"Quilmes Primera Division\" data-image-description=\"\" data-image-caption=\"\" data-large-file=\"https:\/\/www.hoymercedes.com.ar\/principal\/wp-content\/uploads\/2016\/07\/Quilmes-Primera-Division.jpg\" class=\"aligncenter size-full wp-image-52899\" src=\"https:\/\/www.hoymercedes.com.ar\/principal\/wp-content\/uploads\/2016\/07\/Quilmes-Primera-Division.jpg\" alt=\"Quilmes Primera Division\" width=\"525\" height=\"350\" srcset=\"https:\/\/www.hoymercedes.com.ar\/principal\/wp-content\/uploads\/2016\/07\/Quilmes-Primera-Division.jpg 525w, https:\/\/www.hoymercedes.com.ar\/principal\/wp-content\/uploads\/2016\/07\/Quilmes-Primera-Division-150x100.jpg 150w, https:\/\/www.hoymercedes.com.ar\/principal\/wp-content\/uploads\/2016\/07\/Quilmes-Primera-Division-300x200.jpg 300w\" sizes=\"auto, (max-width: 525px) 100vw, 525px\" \/><\/p>\n<p>Adem\u00e1s, Menendez se\u00f1al\u00f3 en el programa El Pulso, que se emite de lunes a viernes de 8 a 12 por FM La Tribuna que \u00abes un partido que habr\u00e1 que plantearlo bien porque Mercedes tiene la obligaci\u00f3n de ir a buscar el resultado. No vi muchos cambios el otro d\u00eda cuando perdi\u00f3 con El Front\u00f3n respecto a lo que pon\u00eda Lima en cancha. Pero nosotros estamos muy tranquilo, tenemos una defensa muy segura, con un equipo con mucha experiencia, tenemos equipo como para llegar a semifinales\u00bb. Y destac\u00f3 que \u00abMercedes y Comunicaciones jueguen sin p\u00fablico les juega en contra, porque a ellos el p\u00fablico les suma mucho\u00bb.<\/p>\n<p>En cuanto al partido que jugaron entre s\u00ed, el DT record\u00f3 que \u00abnos enfrentamos en la mitad del Apertura, ganamos 2 a 1 un partido que empezamos perdiendo con un gol de penal y en el segundo tiempo lo dimos vuelta. Las victorias al hilo frente a Mercedes y Comunicaciones significaron la levantada del equipo porque no ven\u00edamos bien y terminamos el torneo con tres victorias y un empate y pudimos terminar cuartos\u00bb.<\/p>\n<p>Y de cara al futuro, comenz\u00f3 que \u00abcontra San Marcos ten\u00edamos las bajas de Maxi Lobos, Federico Blanco, Facundo Quiroga, debutaron algunos chicos, que lo hicieron de buena manera y se sum\u00f3 Gustavo Rodr\u00edguez al equipo, que estuvo con nosotros en el Federaci\u00f3n y es un volante de ataque que nos va a dar esa cuota de generaci\u00f3n de juego que nos viene faltando y queremos ver si podemos cerrar alguna otra incorporaci\u00f3n para jugar el Reducido y el resto del a\u00f1o, ya que hay jugadores que son del club y que queremos volver a tenerlos. Tenemos tambi\u00e9n la idea de sumar otro delantero, tenemos tres en carpeta y veremos qu\u00e9 hacer, porque seguramente en el Clausura no tengamos a Ludue\u00f1a que se ir\u00e1 a jugar a Chivilcoy\u00bb.<\/p>\n","protected":false},"excerpt":{"rendered":"<p>El DT de la Primera Divisi\u00f3n de Quilmes, Juan Ignacio Menendez, analiz\u00f3 la etapa de Liguilla que vive la Liga &#8230; <a title=\"Juan Ignacio Men\u00e9ndez: \u00abMercedes tiene la obligaci\u00f3n de ir a buscar el resultado\u00bb\" class=\"read-more\" href=\"https:\/\/www.hoymercedes.com.ar\/principal\/2016\/07\/27\/juan-ignacio-menendez-mercedes-tiene-la-obligacion-de-ir-a-buscar-el-resultado\/\" aria-label=\"Leer m\u00e1s sobre Juan Ignacio Men\u00e9ndez: \u00abMercedes tiene la obligaci\u00f3n de ir a buscar el resultado\u00bb\">Leer m\u00e1s<\/a><\/p>\n","protected":false},"author":1,"featured_media":52899,"comment_status":"open","ping_status":"open","sticky":false,"template":"","format":"standard","meta":{"_monsterinsights_skip_tracking":false,"_monsterinsights_sitenote_active":false,"_monsterinsights_sitenote_note":"","_monsterinsights_sitenote_category":0,"jetpack_post_was_ever_published":false,"_jetpack_newsletter_access":"","_jetpack_dont_email_post_to_subs":false,"_jetpack_newsletter_tier_id":0,"_jetpack_memberships_contains_paywalled_content":false,"_jetpack_memberships_contains_paid_content":false,"footnotes":"","jetpack_publicize_message":"","jetpack_publicize_feature_enabled":true,"jetpack_social_post_already_shared":true,"jetpack_social_options":{"image_generator_settings":{"template":"highway","default_image_id":0,"font":"","enabled":false},"version":2},"_wpas_customize_per_network":false},"categories":[21],"tags":[3554,1413],"class_list":["post-52898","post","type-post","status-publish","format-standard","has-post-thumbnail","hentry","category-deportes","tag-juan-ignacio-menendez","tag-quilmes","generate-columns","tablet-grid-50","mobile-grid-100","grid-parent","grid-50"],"jetpack_publicize_connections":[],"jetpack_featured_media_url":"https:\/\/www.hoymercedes.com.ar\/principal\/wp-content\/uploads\/2016\/07\/Quilmes-Primera-Division.jpg","wps_subtitle":"Cuartos de Final de la LMF","jetpack_sharing_enabled":true,"_links":{"self":[{"href":"https:\/\/www.hoymercedes.com.ar\/principal\/wp-json\/wp\/v2\/posts\/52898","targetHints":{"allow":["GET"]}}],"collection":[{"href":"https:\/\/www.hoymercedes.com.ar\/principal\/wp-json\/wp\/v2\/posts"}],"about":[{"href":"https:\/\/www.hoymercedes.com.ar\/principal\/wp-json\/wp\/v2\/types\/post"}],"author":[{"embeddable":true,"href":"https:\/\/www.hoymercedes.com.ar\/principal\/wp-json\/wp\/v2\/users\/1"}],"replies":[{"embeddable":true,"href":"https:\/\/www.hoymercedes.com.ar\/principal\/wp-json\/wp\/v2\/comments?post=52898"}],"version-history":[{"count":0,"href":"https:\/\/www.hoymercedes.com.ar\/principal\/wp-json\/wp\/v2\/posts\/52898\/revisions"}],"wp:featuredmedia":[{"embeddable":true,"href":"https:\/\/www.hoymercedes.com.ar\/principal\/wp-json\/wp\/v2\/media\/52899"}],"wp:attachment":[{"href":"https:\/\/www.hoymercedes.com.ar\/principal\/wp-json\/wp\/v2\/media?parent=52898"}],"wp:term":[{"taxonomy":"category","embeddable":true,"href":"https:\/\/www.hoymercedes.com.ar\/principal\/wp-json\/wp\/v2\/categories?post=52898"},{"taxonomy":"post_tag","embeddable":true,"href":"https:\/\/www.hoymercedes.com.ar\/principal\/wp-json\/wp\/v2\/tags?post=52898"}],"curies":[{"name":"wp","href":"https:\/\/api.w.org\/{rel}","templated":true}]}}