{"id":52901,"date":"2016-07-28T13:10:58","date_gmt":"2016-07-28T16:10:58","guid":{"rendered":"http:\/\/www.hoymercedes.com.ar\/principal\/?p=52901"},"modified":"2016-07-28T09:51:45","modified_gmt":"2016-07-28T12:51:45","slug":"abel-delfino-estamos-trabajando-con-dos-o-tres-nombres","status":"publish","type":"post","link":"https:\/\/www.hoymercedes.com.ar\/principal\/2016\/07\/28\/abel-delfino-estamos-trabajando-con-dos-o-tres-nombres\/","title":{"rendered":"Abel Delfino: \u00abEstamos trabajando con dos o tres nombres\u00bb"},"content":{"rendered":"<p><em><strong>Que Estudiantes quede afuera de la Liguilla en el certamen de Primera Divisi\u00f3n de la Liga Mercedina de F\u00fatbol propici\u00f3 la renuncia de su entrenador, Ra\u00fal Losinno a la direcci\u00f3n t\u00e9cnica y sobre esto, el presidente del Pincha, Abel Delfino, dijo que el \u00abLauch\u00f3n,\u00a0se lo comunic\u00f3 a la gente que maneja el f\u00fatbol y ahora estamos buscando entrenador para la segunda parte del a\u00f1o. Estamos trabajando con dos o tres nombres, pero primero queremos hablar con ellos antes de darlos a conocer. Creo que este a\u00f1o a Losinno no se le dieron los resultados, lo que lo llev\u00f3 a dar un paso al costado, a veces los ciclos se cumplen y hay que buscar la mejor salida, ya sea para el DT y el club\u00bb.<\/strong><\/em><\/p>\n<p><img loading=\"lazy\" decoding=\"async\" data-attachment-id=\"52902\" data-permalink=\"https:\/\/www.hoymercedes.com.ar\/principal\/2016\/07\/28\/abel-delfino-estamos-trabajando-con-dos-o-tres-nombres\/abel-delfino\/#main\" data-orig-file=\"https:\/\/www.hoymercedes.com.ar\/principal\/wp-content\/uploads\/2016\/07\/Abel-Delfino.jpg\" data-orig-size=\"393,308\" data-comments-opened=\"1\" data-image-meta=\"{&quot;aperture&quot;:&quot;0&quot;,&quot;credit&quot;:&quot;&quot;,&quot;camera&quot;:&quot;&quot;,&quot;caption&quot;:&quot;&quot;,&quot;created_timestamp&quot;:&quot;0&quot;,&quot;copyright&quot;:&quot;&quot;,&quot;focal_length&quot;:&quot;0&quot;,&quot;iso&quot;:&quot;0&quot;,&quot;shutter_speed&quot;:&quot;0&quot;,&quot;title&quot;:&quot;&quot;,&quot;orientation&quot;:&quot;1&quot;}\" data-image-title=\"Abel Delfino\" data-image-description=\"\" data-image-caption=\"\" data-large-file=\"https:\/\/www.hoymercedes.com.ar\/principal\/wp-content\/uploads\/2016\/07\/Abel-Delfino.jpg\" class=\"aligncenter size-full wp-image-52902\" src=\"https:\/\/www.hoymercedes.com.ar\/principal\/wp-content\/uploads\/2016\/07\/Abel-Delfino.jpg\" alt=\"Abel Delfino\" width=\"393\" height=\"308\" srcset=\"https:\/\/www.hoymercedes.com.ar\/principal\/wp-content\/uploads\/2016\/07\/Abel-Delfino.jpg 393w, https:\/\/www.hoymercedes.com.ar\/principal\/wp-content\/uploads\/2016\/07\/Abel-Delfino-150x118.jpg 150w\" sizes=\"auto, (max-width: 393px) 100vw, 393px\" \/><\/p>\n<p>En cuanto al futuro, coment\u00f3 al programa El Pulso, que se emite de lunes a viernes por FM La Tribuna que \u00abseguramente el nuevo t\u00e9cnico traer\u00e1 jugadores, tambi\u00e9n veremos qui\u00e9nes seguir\u00e1n. No hay muchos jugadores libres y tenemos s\u00f3lo cinco cupos para cubrir. La idea es tener todo cerrado antes del fin de semana para que el nuevo entrenador pueda trabajar el mayor tiempo posible. Esperemos que a fin de a\u00f1o tengamos una buena cosecha de resultados para el bien de la instituci\u00f3n y para dejar lo mejor parado a Estudiantes\u00bb.<\/p>\n<p>Ademas, tambi\u00e9n dijo:<\/p>\n<p>\u2022 \u00abSeguimos con la venta de las tarjetas para celebrar los 90 a\u00f1os del club en Casa An\u00fas el 5 de agosto, que tiene un costo de $350 los mayores y de 5 a 12 a\u00f1os sale $180. Los encargados de las distintas disciplinas las venden y tambi\u00e9n en la sede social del club\u00bb.<\/p>\n<p>\u2022 \u00abSe hizo un gran trabajo en inferiores, con seis categor\u00edas peleando hasta las \u00faltimas fechas y tres fueron campeonas. Adem\u00e1s, las cuatro categor\u00edas que presentamos llegaron a instancias finales en la Copa Ciudad de Chivilcoy, algo que nos dej\u00f3 muy conforme, ya que los chicos dejaron bien parado el nombre del Club Estudiantes\u00bb.<\/p>\n<p>\u2022 \u00abEl Rural Bike viene creciendo mucho. Recuerdo que el a\u00f1o pasado no hab\u00eda tantos competidores y este a\u00f1o se sum\u00f3 mucha gente y de otras localidades, lo que habla de lo bien que est\u00e1 trabajando la Subcomisi\u00f3n\u00bb.<\/p>\n<p>&nbsp;<\/p>\n","protected":false},"excerpt":{"rendered":"<p>Que Estudiantes quede afuera de la Liguilla en el certamen de Primera Divisi\u00f3n de la Liga Mercedina de F\u00fatbol propici\u00f3 &#8230; <a title=\"Abel Delfino: \u00abEstamos trabajando con dos o tres nombres\u00bb\" class=\"read-more\" href=\"https:\/\/www.hoymercedes.com.ar\/principal\/2016\/07\/28\/abel-delfino-estamos-trabajando-con-dos-o-tres-nombres\/\" aria-label=\"Leer m\u00e1s sobre Abel Delfino: \u00abEstamos trabajando con dos o tres nombres\u00bb\">Leer m\u00e1s<\/a><\/p>\n","protected":false},"author":1,"featured_media":52902,"comment_status":"open","ping_status":"open","sticky":false,"template":"","format":"standard","meta":{"_monsterinsights_skip_tracking":false,"_monsterinsights_sitenote_active":false,"_monsterinsights_sitenote_note":"","_monsterinsights_sitenote_category":0,"jetpack_post_was_ever_published":false,"_jetpack_newsletter_access":"","_jetpack_dont_email_post_to_subs":false,"_jetpack_newsletter_tier_id":0,"_jetpack_memberships_contains_paywalled_content":false,"_jetpack_memberships_contains_paid_content":false,"footnotes":"","jetpack_publicize_message":"","jetpack_publicize_feature_enabled":true,"jetpack_social_post_already_shared":true,"jetpack_social_options":{"image_generator_settings":{"template":"highway","default_image_id":0,"font":"","enabled":false},"version":2},"_wpas_customize_per_network":false},"categories":[21],"tags":[9800,1003,9801],"class_list":["post-52901","post","type-post","status-publish","format-standard","has-post-thumbnail","hentry","category-deportes","tag-abel-delfino","tag-futbol","tag-raul-lossino","generate-columns","tablet-grid-50","mobile-grid-100","grid-parent","grid-50"],"jetpack_publicize_connections":[],"jetpack_featured_media_url":"https:\/\/www.hoymercedes.com.ar\/principal\/wp-content\/uploads\/2016\/07\/Abel-Delfino.jpg","wps_subtitle":"Tras la renuncia de Losinno","jetpack_sharing_enabled":true,"_links":{"self":[{"href":"https:\/\/www.hoymercedes.com.ar\/principal\/wp-json\/wp\/v2\/posts\/52901","targetHints":{"allow":["GET"]}}],"collection":[{"href":"https:\/\/www.hoymercedes.com.ar\/principal\/wp-json\/wp\/v2\/posts"}],"about":[{"href":"https:\/\/www.hoymercedes.com.ar\/principal\/wp-json\/wp\/v2\/types\/post"}],"author":[{"embeddable":true,"href":"https:\/\/www.hoymercedes.com.ar\/principal\/wp-json\/wp\/v2\/users\/1"}],"replies":[{"embeddable":true,"href":"https:\/\/www.hoymercedes.com.ar\/principal\/wp-json\/wp\/v2\/comments?post=52901"}],"version-history":[{"count":0,"href":"https:\/\/www.hoymercedes.com.ar\/principal\/wp-json\/wp\/v2\/posts\/52901\/revisions"}],"wp:featuredmedia":[{"embeddable":true,"href":"https:\/\/www.hoymercedes.com.ar\/principal\/wp-json\/wp\/v2\/media\/52902"}],"wp:attachment":[{"href":"https:\/\/www.hoymercedes.com.ar\/principal\/wp-json\/wp\/v2\/media?parent=52901"}],"wp:term":[{"taxonomy":"category","embeddable":true,"href":"https:\/\/www.hoymercedes.com.ar\/principal\/wp-json\/wp\/v2\/categories?post=52901"},{"taxonomy":"post_tag","embeddable":true,"href":"https:\/\/www.hoymercedes.com.ar\/principal\/wp-json\/wp\/v2\/tags?post=52901"}],"curies":[{"name":"wp","href":"https:\/\/api.w.org\/{rel}","templated":true}]}}