{"id":52917,"date":"2016-07-27T18:27:19","date_gmt":"2016-07-27T21:27:19","guid":{"rendered":"http:\/\/www.hoymercedes.com.ar\/principal\/?p=52917"},"modified":"2016-07-27T18:27:56","modified_gmt":"2016-07-27T21:27:56","slug":"mercedes-estara-en-la-audiencia-publica-por-el-aumento-de-la-luz","status":"publish","type":"post","link":"https:\/\/www.hoymercedes.com.ar\/principal\/2016\/07\/27\/mercedes-estara-en-la-audiencia-publica-por-el-aumento-de-la-luz\/","title":{"rendered":"Mercedes estar\u00e1 en la audiencia p\u00fablica por el aumento de la luz"},"content":{"rendered":"<p><strong><em>La comuna de Mercedes estar\u00e1 representada por Mart\u00edn Boragno, responsable de la OMIC. La audiencia p\u00fablica por los incrementos en el servicio de energ\u00eda el\u00e9ctrica ser\u00e1 el 28 de julio en Mar del Plata. \u00a0<\/em><\/strong><\/p>\n<p>El Organismo de Control de\u00a0la Energ\u00eda el\u00e9ctrica de la provincia de Buenos Aires, ha convocado a los usuarios del servicio p\u00fablico de distribuci\u00f3n de energ\u00eda el\u00e9ctrica, sujetos al marco regulatorio el\u00e9ctrico conformado por la Ley N\u00ba 11769 (T.O. Decreto N\u00ba 1868\/04) y su Decreto reglamentario N\u00ba 2479\/04 y los contratos de concesi\u00f3n provinciales y municipales, a la audiencia publico que se celebra el 28 de Julio, en el estadio Jos\u00e9 Mar\u00eda Minella, en la ciudad de Mar del Plata.<\/p>\n<p>La ciudad de Mercedes estar\u00e1\u00a0representada a trav\u00e9s de la Oficina Municipal de Informaci\u00f3n y Defensa del Consumidor (OMIC), donde su titular Mart\u00edn Boragno, ser\u00e1 parte del encuentro en rechazo a los aumentos en la tarifa el\u00e9ctrica, que propone un 100% de incremento en hogares, aproximadamente un 160% en comercios y una crecida de la tarifa en un 200% para empresas y\/o similares.<\/p>\n<p>De esta audiencia p\u00fablica, estar\u00e1n participando usuarios y representantes que proponen la inmediata explicaci\u00f3n, con estudios concretos, de los motivos por el cual deber\u00eda aumentar tanto los costos por el consumo de energ\u00eda, pidiendo adem\u00e1s cuadros tarifarios especiales para clubes de barrio, ONG`s, sociedades de fomento, entidades sin fines de lucro, merenderos, comedores y talleres culturales, o cualquier instituci\u00f3n que acredite un trabajo solidario. Pero adem\u00e1s, deber\u00eda estudiarse una tarifa especial, mas incluso y equitativo, con relaci\u00f3n a la tarifa social y sus beneficios.<\/p>\n<p>&nbsp;<\/p>\n<p>Esta audiencia, es uno de los aspectos legales que el Gobierno debe cumplir, y a su vez es el elemento que la sociedad puede utilizar, para intentar evitar la fuerte suba que se pretende imponer.-<\/p>\n","protected":false},"excerpt":{"rendered":"<p>La comuna de Mercedes estar\u00e1 representada por Mart\u00edn Boragno, responsable de la OMIC. La audiencia p\u00fablica por los incrementos en &#8230; <a title=\"Mercedes estar\u00e1 en la audiencia p\u00fablica por el aumento de la luz\" class=\"read-more\" href=\"https:\/\/www.hoymercedes.com.ar\/principal\/2016\/07\/27\/mercedes-estara-en-la-audiencia-publica-por-el-aumento-de-la-luz\/\" aria-label=\"Leer m\u00e1s sobre Mercedes estar\u00e1 en la audiencia p\u00fablica por el aumento de la luz\">Leer m\u00e1s<\/a><\/p>\n","protected":false},"author":1,"featured_media":0,"comment_status":"open","ping_status":"open","sticky":false,"template":"","format":"standard","meta":{"_monsterinsights_skip_tracking":false,"_monsterinsights_sitenote_active":false,"_monsterinsights_sitenote_note":"","_monsterinsights_sitenote_category":0,"jetpack_post_was_ever_published":false,"_jetpack_newsletter_access":"","_jetpack_dont_email_post_to_subs":false,"_jetpack_newsletter_tier_id":0,"_jetpack_memberships_contains_paywalled_content":false,"_jetpack_memberships_contains_paid_content":false,"footnotes":"","jetpack_publicize_message":"","jetpack_publicize_feature_enabled":true,"jetpack_social_post_already_shared":true,"jetpack_social_options":{"image_generator_settings":{"template":"highway","default_image_id":0,"font":"","enabled":false},"version":2},"_wpas_customize_per_network":false},"categories":[11],"tags":[3601,9803,1734,9490],"class_list":["post-52917","post","type-post","status-publish","format-standard","hentry","category-ciudad","tag-audiencia-publica","tag-aumento-de-luz","tag-ciudad-2","tag-tarifazo","generate-columns","tablet-grid-50","mobile-grid-100","grid-parent","grid-50"],"jetpack_publicize_connections":[],"jetpack_featured_media_url":"","wps_subtitle":"","jetpack_sharing_enabled":true,"_links":{"self":[{"href":"https:\/\/www.hoymercedes.com.ar\/principal\/wp-json\/wp\/v2\/posts\/52917","targetHints":{"allow":["GET"]}}],"collection":[{"href":"https:\/\/www.hoymercedes.com.ar\/principal\/wp-json\/wp\/v2\/posts"}],"about":[{"href":"https:\/\/www.hoymercedes.com.ar\/principal\/wp-json\/wp\/v2\/types\/post"}],"author":[{"embeddable":true,"href":"https:\/\/www.hoymercedes.com.ar\/principal\/wp-json\/wp\/v2\/users\/1"}],"replies":[{"embeddable":true,"href":"https:\/\/www.hoymercedes.com.ar\/principal\/wp-json\/wp\/v2\/comments?post=52917"}],"version-history":[{"count":0,"href":"https:\/\/www.hoymercedes.com.ar\/principal\/wp-json\/wp\/v2\/posts\/52917\/revisions"}],"wp:attachment":[{"href":"https:\/\/www.hoymercedes.com.ar\/principal\/wp-json\/wp\/v2\/media?parent=52917"}],"wp:term":[{"taxonomy":"category","embeddable":true,"href":"https:\/\/www.hoymercedes.com.ar\/principal\/wp-json\/wp\/v2\/categories?post=52917"},{"taxonomy":"post_tag","embeddable":true,"href":"https:\/\/www.hoymercedes.com.ar\/principal\/wp-json\/wp\/v2\/tags?post=52917"}],"curies":[{"name":"wp","href":"https:\/\/api.w.org\/{rel}","templated":true}]}}