{"id":52928,"date":"2016-07-27T23:32:00","date_gmt":"2016-07-28T02:32:00","guid":{"rendered":"http:\/\/www.hoymercedes.com.ar\/principal\/?p=52928"},"modified":"2016-07-27T23:48:48","modified_gmt":"2016-07-28T02:48:48","slug":"el-municipio-trabajar-por-la-habilitacion-del-villa-abrille","status":"publish","type":"post","link":"https:\/\/www.hoymercedes.com.ar\/principal\/2016\/07\/27\/el-municipio-trabajar-por-la-habilitacion-del-villa-abrille\/","title":{"rendered":"El Municipio trabaja por la habilitaci\u00f3n del Villa Abrille"},"content":{"rendered":"<p>Por Prensa Municipal &#8211; El Intendente Municipal Dr. Juan Ignacio Ustarroz, visit\u00f3 el Hogar Villa Abrille y fue recibido por el Secretario de Salud Dr. Pablo Cassiani, la Coordinadora del mismo Noelia Gollo y la Directora\u00a0de Adultos Mayores Victoria Odell.<\/p>\n<p>\u201cEl acompa\u00f1amiento del Intendente es de verdad muy importante para el personal y para los residentes del hogar\u201d coment\u00f3 en la recorrida el Dr. Cassiani \u201ces importante que los empleados puedan hablar directamente con el Jefe Comunal y que los residentes puedan contarles como viven ac\u00e1\u201d.<\/p>\n<p><img loading=\"lazy\" decoding=\"async\" data-attachment-id=\"52931\" data-permalink=\"https:\/\/www.hoymercedes.com.ar\/principal\/2016\/07\/27\/el-municipio-trabajar-por-la-habilitacion-del-villa-abrille\/27-abrille-2\/#main\" data-orig-file=\"https:\/\/www.hoymercedes.com.ar\/principal\/wp-content\/uploads\/2016\/07\/27-ABRILLE-2.jpg\" data-orig-size=\"448,299\" data-comments-opened=\"1\" data-image-meta=\"{&quot;aperture&quot;:&quot;0&quot;,&quot;credit&quot;:&quot;&quot;,&quot;camera&quot;:&quot;&quot;,&quot;caption&quot;:&quot;????????????????????????????????????&quot;,&quot;created_timestamp&quot;:&quot;0&quot;,&quot;copyright&quot;:&quot;&quot;,&quot;focal_length&quot;:&quot;0&quot;,&quot;iso&quot;:&quot;0&quot;,&quot;shutter_speed&quot;:&quot;0&quot;,&quot;title&quot;:&quot;&quot;,&quot;orientation&quot;:&quot;0&quot;}\" data-image-title=\"27 ABRILLE 2\" data-image-description=\"\" data-image-caption=\"\" data-large-file=\"https:\/\/www.hoymercedes.com.ar\/principal\/wp-content\/uploads\/2016\/07\/27-ABRILLE-2.jpg\" class=\"aligncenter size-full wp-image-52931\" src=\"https:\/\/www.hoymercedes.com.ar\/principal\/wp-content\/uploads\/2016\/07\/27-ABRILLE-2.jpg\" alt=\"27 ABRILLE 2\" width=\"448\" height=\"299\" srcset=\"https:\/\/www.hoymercedes.com.ar\/principal\/wp-content\/uploads\/2016\/07\/27-ABRILLE-2.jpg 448w, https:\/\/www.hoymercedes.com.ar\/principal\/wp-content\/uploads\/2016\/07\/27-ABRILLE-2-150x100.jpg 150w, https:\/\/www.hoymercedes.com.ar\/principal\/wp-content\/uploads\/2016\/07\/27-ABRILLE-2-300x200.jpg 300w\" sizes=\"auto, (max-width: 448px) 100vw, 448px\" \/><\/p>\n<p>La coordinadora del hogar, indic\u00f3 que se \u201cest\u00e1 trabajando fuertemente por la habilitaci\u00f3n del Hogar desde que se inici\u00f3 la actual gesti\u00f3n. Puntualmente el jueves presentamos el expediente en La Plata, ante el \u00e1rea de fiscalizaci\u00f3n, con todos los requerimientos que se deben cumplir ya que el viejo expediente se perdi\u00f3, en la \u00faltimas inundaciones que sufri\u00f3 esa ciudad\u201d.<\/p>\n<p>\u201cClaro est\u00e1 que adem\u00e1s, y cumpliendo con el mencionado expediente, se trabaja y se est\u00e1 instalando todas las medidas de seguridad en los vidrios, se ha trabajado en mejoras edilicias, y adem\u00e1s quiero destacar la gran tarea que ha cumplido el personal del departamento El\u00e9ctrico de los Talleres Municipales, que ha trabajado de manera excelente\u201d agradeci\u00f3 Gollo, informando que \u201chan instalado la central contra incendios, mejorando instalaciones, el cableado del edificio, un gran trabajo que llevo adelante un grupo humano excelente, muy predispuestos y buena gente\u201d.<\/p>\n<p>Mientras el Jefe Comunal iba recorriendo el lugar, charlando y saludando a los residentes del hogar, adem\u00e1s de dialogar abiertamente con el personal, La\u00a0 Directora de Adultos Mayores Victoria Odell, aprovech\u00f3 la ocasi\u00f3n para contar la experiencia, en esta nuevo propuesta que se realiza desde el are, planteando viajes de miniturismo para esa franja et\u00e1rea. \u201cEmpezamos con un viaje y de pronto ya llevamos tres. Este mes estamos hablando de 120 personas que viajaron y pasearon con nosotros, la gente tomo muy bien la propuesta. En principio se est\u00e1 planteando una excursi\u00f3n a la ciudad de Buenos Aires, para el d\u00eda 1 de Agosto, donde pasearemos por Plaza Lavalle, haremos una visita al Teatro Colon, y una recorrida por el famoso \u201ccaminito\u201d, descubriendo su historia, m\u00fasica y colores t\u00edpicos del lugar. Los lugares, ya los tenemos todos cubiertos\u201d indico, agregando que \u201cel viaje tiene un costo de $50, y por existir cupos limitados, se requiere realizar una inscripci\u00f3n previa\u00a0siempre. Esperamos que de ac\u00e1 a fin de a\u00f1o, podamos hacer 2 viajes por mes.\u201d<\/p>\n<p>Una vez finalizada la recorrida por todas las \u00e1reas pertenecientes al Hogar, el Intendente Ustarroz dialog\u00f3 con la prensa. \u201cEstamos haciendo recorridas semanales por distintas \u00e1reas del municipio, y hoy me llevo de aqu\u00ed lindas sensaciones, por ver el buen trabajo que se lleva adelante. Poder ver logros de un trabajo en equipo, es realmente muy satisfactorio. Poder organizar estos paseos, lograr la habilitaci\u00f3n bajo los est\u00e1ndares que corresponden, son objetivos que vamos cumpliendo\u201d.<\/p>\n<p>El Jefe Comunal agreg\u00f3 que \u201cencontrar un gran trabajo en equipo, que tiene una visi\u00f3n concreta hacia delante, ver un hogar muy lindo, donde se ve a los residentes conformes, satisfechos, para uno es muy gratificante. Pero observando tambi\u00e9n otros detalles, ver como todo puede mejorar, evaluar que falta hacer, es nuestra tarea tambi\u00e9n\u201d. En este contexto, el Secretario de Salud aprovech\u00f3 para comentar que \u201cno es casualidad que en el d\u00eda de ayer hayamos podido anunciar la guardia pedi\u00e1trica en el Hospital para toda la ciudad, y hoy podamos explicar la tarea que llevamos adelante con los adultos mayores, dos poblaciones vulnerables por la que se trabaja tanto desde la gesti\u00f3n de nuestro Intendente, mostrando adem\u00e1s el amplio espectro que nos ocupa desde el \u00e1rea de salud municipal\u201d.<\/p>\n<p>Finalmente Ustarroz dijo que \u201cel balance de esta recorrida ha sido muy positivo, me voy muy satisfecho, acompa\u00f1ando a quienes todos los d\u00edas tienen la responsabilidad y el compromiso de llevar adelante la tarea de brindar en el lugar, en un ambiente acogedor, todos los servicios que los residentes merecen. Y hay muchos proyectos hacia delante que de a poco los vamos a ir cumpliendo, con este gran grupo que integra el Hogar Villa Abrille\u00bb.<\/p>\n<p>&nbsp;<\/p>\n<p>&nbsp;<\/p>\n","protected":false},"excerpt":{"rendered":"<p>Por Prensa Municipal &#8211; El Intendente Municipal Dr. Juan Ignacio Ustarroz, visit\u00f3 el Hogar Villa Abrille y fue recibido por &#8230; <a title=\"El Municipio trabaja por la habilitaci\u00f3n del Villa Abrille\" class=\"read-more\" href=\"https:\/\/www.hoymercedes.com.ar\/principal\/2016\/07\/27\/el-municipio-trabajar-por-la-habilitacion-del-villa-abrille\/\" aria-label=\"Leer m\u00e1s sobre El Municipio trabaja por la habilitaci\u00f3n del Villa Abrille\">Leer m\u00e1s<\/a><\/p>\n","protected":false},"author":1,"featured_media":52931,"comment_status":"open","ping_status":"open","sticky":false,"template":"","format":"standard","meta":{"_monsterinsights_skip_tracking":false,"_monsterinsights_sitenote_active":false,"_monsterinsights_sitenote_note":"","_monsterinsights_sitenote_category":0,"jetpack_post_was_ever_published":false,"_jetpack_newsletter_access":"","_jetpack_dont_email_post_to_subs":false,"_jetpack_newsletter_tier_id":0,"_jetpack_memberships_contains_paywalled_content":false,"_jetpack_memberships_contains_paid_content":false,"footnotes":"","jetpack_publicize_message":"","jetpack_publicize_feature_enabled":true,"jetpack_social_post_already_shared":true,"jetpack_social_options":{"image_generator_settings":{"template":"highway","default_image_id":0,"font":"","enabled":false},"version":2},"_wpas_customize_per_network":false},"categories":[30],"tags":[8752,9805,244],"class_list":["post-52928","post","type-post","status-publish","format-standard","has-post-thumbnail","hentry","category-municipio","tag-adultos-mayores","tag-hogar-villa-abrille","tag-municipio-2","generate-columns","tablet-grid-50","mobile-grid-100","grid-parent","grid-50"],"jetpack_publicize_connections":[],"jetpack_featured_media_url":"https:\/\/www.hoymercedes.com.ar\/principal\/wp-content\/uploads\/2016\/07\/27-ABRILLE-2.jpg","wps_subtitle":"De visita en el Hogar","jetpack_sharing_enabled":true,"_links":{"self":[{"href":"https:\/\/www.hoymercedes.com.ar\/principal\/wp-json\/wp\/v2\/posts\/52928","targetHints":{"allow":["GET"]}}],"collection":[{"href":"https:\/\/www.hoymercedes.com.ar\/principal\/wp-json\/wp\/v2\/posts"}],"about":[{"href":"https:\/\/www.hoymercedes.com.ar\/principal\/wp-json\/wp\/v2\/types\/post"}],"author":[{"embeddable":true,"href":"https:\/\/www.hoymercedes.com.ar\/principal\/wp-json\/wp\/v2\/users\/1"}],"replies":[{"embeddable":true,"href":"https:\/\/www.hoymercedes.com.ar\/principal\/wp-json\/wp\/v2\/comments?post=52928"}],"version-history":[{"count":0,"href":"https:\/\/www.hoymercedes.com.ar\/principal\/wp-json\/wp\/v2\/posts\/52928\/revisions"}],"wp:featuredmedia":[{"embeddable":true,"href":"https:\/\/www.hoymercedes.com.ar\/principal\/wp-json\/wp\/v2\/media\/52931"}],"wp:attachment":[{"href":"https:\/\/www.hoymercedes.com.ar\/principal\/wp-json\/wp\/v2\/media?parent=52928"}],"wp:term":[{"taxonomy":"category","embeddable":true,"href":"https:\/\/www.hoymercedes.com.ar\/principal\/wp-json\/wp\/v2\/categories?post=52928"},{"taxonomy":"post_tag","embeddable":true,"href":"https:\/\/www.hoymercedes.com.ar\/principal\/wp-json\/wp\/v2\/tags?post=52928"}],"curies":[{"name":"wp","href":"https:\/\/api.w.org\/{rel}","templated":true}]}}