{"id":5293,"date":"2011-06-29T21:16:02","date_gmt":"2011-06-29T21:16:02","guid":{"rendered":"http:\/\/www.hoymercedes.com.ar\/principal\/?p=5293"},"modified":"2011-06-29T21:16:02","modified_gmt":"2011-06-29T21:16:02","slug":"joven-bailarin-mercedino-una-vez-mas-destacado","status":"publish","type":"post","link":"https:\/\/www.hoymercedes.com.ar\/principal\/2011\/06\/29\/joven-bailarin-mercedino-una-vez-mas-destacado\/","title":{"rendered":"Joven Bailar\u00edn mercedino, una vez mas destacado"},"content":{"rendered":"<p>\u201cLa bella durmiente del bosque\u201d, de Charles Perrault, subi\u00f3 a escena en el Argentino de la Plata con coreograf\u00eda de Mario Galizzi, destac\u00e1ndose la presencia de Ludmila Pagliero y Yann Chailloux, de la \u00d3pera de Par\u00eds, quienes fueron los artistas invitados en la noche del estreno.<\/p>\n<p>Y una vez m\u00e1s fue destacada la labor de un mercedino, en este caso, por la cr\u00edtica especializada de danzas. Fue el importante desempe\u00f1o del joven Esteban Schenone, esta vez  en el rol de P\u00e1jaro Azul, correspondiente al ballet cl\u00e1sico de Tchaikovsky.<\/p>\n<p>El dia s\u00e1bado 25 de Junio, se public\u00f3 una nota en la revista Noticias y en el dia de ayer, martes 28, la Revista mensual de car\u00e1cter internacional \u00bb Danza Hoy\u00bb, fue quien resalto la actuaci\u00f3n del joven bailar\u00edn mercedino.<\/p>\n<p>\u201cVirtuoso Esteban Schenone como extraordinario P\u00e1jaro Azul (el p\u00fablico reci\u00e9n se ha dado cuenta de que se trata de un bailar\u00edn excepcional) y graciosa acompa\u00f1ante (Princesa Florisse) fue Elizabeth Ant\u00fanez.\u201d Fueron las palabras expresadas en \u201cDanza Hoy\u201d, publicaci\u00f3n especializada de arte y danza mundial.-<\/p>\n<p><span style=\"color: #888888;\">Fuente: Municipio<\/span><\/p>\n<p>&nbsp;<\/p>\n","protected":false},"excerpt":{"rendered":"<p>\u201cLa bella durmiente del bosque\u201d, de Charles Perrault, subi\u00f3 a escena en el Argentino de la Plata con coreograf\u00eda de &#8230; <a title=\"Joven Bailar\u00edn mercedino, una vez mas destacado\" class=\"read-more\" href=\"https:\/\/www.hoymercedes.com.ar\/principal\/2011\/06\/29\/joven-bailarin-mercedino-una-vez-mas-destacado\/\" aria-label=\"Leer m\u00e1s sobre Joven Bailar\u00edn mercedino, una vez mas destacado\">Leer m\u00e1s<\/a><\/p>\n","protected":false},"author":1,"featured_media":0,"comment_status":"open","ping_status":"open","sticky":false,"template":"","format":"standard","meta":{"_monsterinsights_skip_tracking":false,"_monsterinsights_sitenote_active":false,"_monsterinsights_sitenote_note":"","_monsterinsights_sitenote_category":0,"jetpack_post_was_ever_published":false,"_jetpack_newsletter_access":"","_jetpack_dont_email_post_to_subs":false,"_jetpack_newsletter_tier_id":0,"_jetpack_memberships_contains_paywalled_content":false,"_jetpack_memberships_contains_paid_content":false,"footnotes":"","jetpack_publicize_message":"","jetpack_publicize_feature_enabled":true,"jetpack_social_post_already_shared":false,"jetpack_social_options":{"image_generator_settings":{"template":"highway","default_image_id":0,"font":"","enabled":false},"version":2},"_wpas_customize_per_network":false},"categories":[104,30],"tags":[967],"class_list":["post-5293","post","type-post","status-publish","format-standard","hentry","category-cultura","category-municipio","tag-cultura-mercedes","generate-columns","tablet-grid-50","mobile-grid-100","grid-parent","grid-50"],"jetpack_publicize_connections":[],"jetpack_featured_media_url":"","wps_subtitle":"","jetpack_sharing_enabled":true,"_links":{"self":[{"href":"https:\/\/www.hoymercedes.com.ar\/principal\/wp-json\/wp\/v2\/posts\/5293","targetHints":{"allow":["GET"]}}],"collection":[{"href":"https:\/\/www.hoymercedes.com.ar\/principal\/wp-json\/wp\/v2\/posts"}],"about":[{"href":"https:\/\/www.hoymercedes.com.ar\/principal\/wp-json\/wp\/v2\/types\/post"}],"author":[{"embeddable":true,"href":"https:\/\/www.hoymercedes.com.ar\/principal\/wp-json\/wp\/v2\/users\/1"}],"replies":[{"embeddable":true,"href":"https:\/\/www.hoymercedes.com.ar\/principal\/wp-json\/wp\/v2\/comments?post=5293"}],"version-history":[{"count":0,"href":"https:\/\/www.hoymercedes.com.ar\/principal\/wp-json\/wp\/v2\/posts\/5293\/revisions"}],"wp:attachment":[{"href":"https:\/\/www.hoymercedes.com.ar\/principal\/wp-json\/wp\/v2\/media?parent=5293"}],"wp:term":[{"taxonomy":"category","embeddable":true,"href":"https:\/\/www.hoymercedes.com.ar\/principal\/wp-json\/wp\/v2\/categories?post=5293"},{"taxonomy":"post_tag","embeddable":true,"href":"https:\/\/www.hoymercedes.com.ar\/principal\/wp-json\/wp\/v2\/tags?post=5293"}],"curies":[{"name":"wp","href":"https:\/\/api.w.org\/{rel}","templated":true}]}}