{"id":52982,"date":"2016-07-28T22:22:36","date_gmt":"2016-07-29T01:22:36","guid":{"rendered":"http:\/\/www.hoymercedes.com.ar\/principal\/?p=52982"},"modified":"2016-07-28T22:45:50","modified_gmt":"2016-07-29T01:45:50","slug":"inician-programa-la-muni-en-tu-barrio","status":"publish","type":"post","link":"https:\/\/www.hoymercedes.com.ar\/principal\/2016\/07\/28\/inician-programa-la-muni-en-tu-barrio\/","title":{"rendered":"Inician programa \u00abLa Muni en tu Barrio\u00bb"},"content":{"rendered":"<p>Desde el inicio de la gesti\u00f3n del Intendente Municipal Dr. Juan Ignacio Ustarroz, se ha planteado, como uno de los ejes principales, la descentralizaci\u00f3n de servicios para acercar al vecino la posibilidad de tener m\u00e1s accesibilidad a las diferentes \u00e1reas y a los programas que se desprenden de la acci\u00f3n de gobierno.<\/p>\n<p><img loading=\"lazy\" decoding=\"async\" data-attachment-id=\"52983\" data-permalink=\"https:\/\/www.hoymercedes.com.ar\/principal\/2016\/07\/28\/inician-programa-la-muni-en-tu-barrio\/28-juani-jorgelina\/#main\" data-orig-file=\"https:\/\/www.hoymercedes.com.ar\/principal\/wp-content\/uploads\/2016\/07\/28-juani-jorgelina.jpg\" data-orig-size=\"448,299\" data-comments-opened=\"1\" data-image-meta=\"{&quot;aperture&quot;:&quot;0&quot;,&quot;credit&quot;:&quot;&quot;,&quot;camera&quot;:&quot;&quot;,&quot;caption&quot;:&quot;&quot;,&quot;created_timestamp&quot;:&quot;0&quot;,&quot;copyright&quot;:&quot;&quot;,&quot;focal_length&quot;:&quot;0&quot;,&quot;iso&quot;:&quot;0&quot;,&quot;shutter_speed&quot;:&quot;0&quot;,&quot;title&quot;:&quot;&quot;,&quot;orientation&quot;:&quot;1&quot;}\" data-image-title=\"28 juani jorgelina\" data-image-description=\"\" data-image-caption=\"\" data-large-file=\"https:\/\/www.hoymercedes.com.ar\/principal\/wp-content\/uploads\/2016\/07\/28-juani-jorgelina.jpg\" class=\"aligncenter size-full wp-image-52983\" src=\"https:\/\/www.hoymercedes.com.ar\/principal\/wp-content\/uploads\/2016\/07\/28-juani-jorgelina.jpg\" alt=\"28 juani jorgelina\" width=\"448\" height=\"299\" srcset=\"https:\/\/www.hoymercedes.com.ar\/principal\/wp-content\/uploads\/2016\/07\/28-juani-jorgelina.jpg 448w, https:\/\/www.hoymercedes.com.ar\/principal\/wp-content\/uploads\/2016\/07\/28-juani-jorgelina-150x100.jpg 150w, https:\/\/www.hoymercedes.com.ar\/principal\/wp-content\/uploads\/2016\/07\/28-juani-jorgelina-300x200.jpg 300w\" sizes=\"auto, (max-width: 448px) 100vw, 448px\" \/><\/p>\n<p>Bajo este lineamiento, durante la primer semana de agosto comenzar\u00e1 a desarrollarse la propuesta que se ha denominado \u201cLa Muni en tu barrio\u201d, un programa de acercamiento a los distintos barrios y localidades de la ciudad, con el objetivo de escuchar la demanda y estar acompa\u00f1ando al vecino en los lugares donde se desarrollan habitualmente. Estas acciones ser\u00e1n coordinadas desde la Direcci\u00f3n de Abordaje Territorial de la Secretar\u00eda de Desarrollo Scoial, en articulaci\u00f3n con el resto de las diferentes \u00e1reas del municipio que estar\u00e1n participando.<\/p>\n<p>\u201cVamos a estar todos los viernes en un barrio distinto\u201d inform\u00f3 la Secretaria de Desarrollo Social de la Municipalidad, Jorgelina Silva. \u201cA nosotros nos toca trabajar con la poblaci\u00f3n m\u00e1s vulnerable en zonas y barrios m\u00e1s alejados, pero nuestra idea es llegar a todos, y por ello la implementaci\u00f3n de este programa\u201d.<\/p>\n<p>\u201cUn ejemplo es el servicio alimentario \u201c indic\u00f3 la titular de Desarrollo Social \u201c donde antes venia mucha gente hasta la secretaria y hoy hemos descentralizado la actividad para que la gente este m\u00e1s cerca del servicio, en donde hoy por hoy hay diferentes puntos de distribuci\u00f3n, facilitando el acceso de los vecinos y en definitiva acercando nuestro trabajo al barrio. Y eso ha funcionado muy bien\u201d.<\/p>\n<p>Respecto a este nuevo programa, indic\u00f3 que \u201cla Muni en tu barrio, combina diferentes \u00e1reas de la Municipalidad, y as\u00ed se recorrer\u00e1 diferentes puntos del partido de Mercedes, visitando tambi\u00e9n las diferentes localidades, y por eso comenzaremos en Gowland\u00bb.<\/p>\n<p>Adem\u00e1s agreg\u00f3: \u201cLo que estamos hablando es que sea un punto fijo todas las semanas, con un cronograma, con fechas, y su debida promoci\u00f3n para que la gente sepa con anticipaci\u00f3n que vamos a estar, en que d\u00edas, lugares y horarios\u00bb.<\/p>\n<p>Consultada por la elecci\u00f3n de comenzar el programa en la localidad de Gowland, Silva explic\u00f3 que \u201cel Intendente ha pensado, proyectado y expresado su intenci\u00f3n de que esta localidad tenga una Delegaci\u00f3n Municipal, y este ser\u00e1 un puntapi\u00e9 inicial para que como municipio tengamos presencia territorial all\u00e1\u201d.<\/p>\n<p>En tanto a las \u00e1reas que se estar\u00e1n movilizando en el marco de este programa, el intendente Ustarroz dijo que \u201clas diferentes oficinas estar\u00e1n acompa\u00f1ando con un representante para atender consultas, recibir pedidos, brindar informaci\u00f3n y en muchas ocasiones, pretendemos que se puedan generar respuestas y soluciones inmediatas. La idea es que todos pueden acercarse para gestionar tr\u00e1mites, participar de las actividades que se van a estar desarrollando, o simplemente acompa\u00f1ando este accionar, expresando sugerencias tambi\u00e9n\u201d.<\/p>\n<p>Luego el Jefe comunal agreg\u00f3, \u00ablas \u00e1reas que estar\u00e1n siendo parte de este contacto directo con la gente, ser\u00e1n la Direcci\u00f3n de Cultura, la Direcci\u00f3n de Turismo, la Direcci\u00f3n de Deportes, la Direcci\u00f3n de Discapacidad, la Oficina de Abordaje de Conflicto y Violencia, la Oficina de Empleo, la Oficina de Informaci\u00f3n y Defensa del Consumidor, Servicios P\u00fablicos, el Servicio Local de Ni\u00f1ez, representantes\u00a0 de los espacios preventivos para las Adicciones, la Coordinaci\u00f3n de Pol\u00edticas Juveniles, adem\u00e1s desde la Divisi\u00f3n Veterinaria de la Secretaria de Salud se estar\u00e1n realizando castraciones y aplicar\u00e1n vacunas antirr\u00e1bicas a las mascotas, se estar\u00e1 desarrollando una radio abierta juvenil, y el cierre de cada jornada se dar\u00e1 con la actuaci\u00f3n de artistas y bandas locales\u00bb.<\/p>\n<p>Tambi\u00e9n se destac\u00f3 la importancia de la presencia por parte de la Oficina de Empleo \u201cen lo que ser\u00e1 la difusi\u00f3n y la informaci\u00f3n sobre capacitaciones y todo lo referente a empleo, subsidios, microcr\u00e9ditos y un gran asesoramiento que se ha preparado, derivado de la acci\u00f3n conjunta que lleva adelante la Sec. de Desarrollo Social con esa oficina\u201d.<\/p>\n<p>Silva adem\u00e1s destac\u00f3 la presencia de la Oficina Municipal de Informaci\u00f3n y Defensa del Consumidor (OMIC) \u201cpara que la gente se pueda acercar y se interiorice sobre las tramitaciones que deben hacerse, las tarifas, aquellos que pueden obtener la tarifa social y no lo saben, etc.\u201d.<\/p>\n<p>La programaci\u00f3n para el mes de Agosto contempla el inicio en la localidad de Gowland el pr\u00f3ximo viernes 5, y luego continuar\u00e1 el d\u00eda 12 en Barrio Pe\u00f1aloza, el 19 en Almafuerte y el 26 en el Hip\u00f3lito Yrigoyen. Los equipos se estar\u00e1n instalando en los C.A.P.S. o S.U.M., seg\u00fan el lugar visitado, con una atenci\u00f3n que se desarrollara en el horario de 10 a 14 horas.<\/p>\n<p>&nbsp;<\/p>\n<p>Fuente: Prensa Municipal<\/p>\n<p>&nbsp;<\/p>\n","protected":false},"excerpt":{"rendered":"<p>Desde el inicio de la gesti\u00f3n del Intendente Municipal Dr. Juan Ignacio Ustarroz, se ha planteado, como uno de los &#8230; <a title=\"Inician programa \u00abLa Muni en tu Barrio\u00bb\" class=\"read-more\" href=\"https:\/\/www.hoymercedes.com.ar\/principal\/2016\/07\/28\/inician-programa-la-muni-en-tu-barrio\/\" aria-label=\"Leer m\u00e1s sobre Inician programa \u00abLa Muni en tu Barrio\u00bb\">Leer m\u00e1s<\/a><\/p>\n","protected":false},"author":1,"featured_media":52983,"comment_status":"open","ping_status":"open","sticky":false,"template":"","format":"standard","meta":{"_monsterinsights_skip_tracking":false,"_monsterinsights_sitenote_active":false,"_monsterinsights_sitenote_note":"","_monsterinsights_sitenote_category":0,"jetpack_post_was_ever_published":false,"_jetpack_newsletter_access":"","_jetpack_dont_email_post_to_subs":false,"_jetpack_newsletter_tier_id":0,"_jetpack_memberships_contains_paywalled_content":false,"_jetpack_memberships_contains_paid_content":false,"footnotes":"","jetpack_publicize_message":"","jetpack_publicize_feature_enabled":true,"jetpack_social_post_already_shared":true,"jetpack_social_options":{"image_generator_settings":{"template":"highway","default_image_id":0,"font":"","enabled":false},"version":2},"_wpas_customize_per_network":false},"categories":[30],"tags":[870,771],"class_list":["post-52982","post","type-post","status-publish","format-standard","has-post-thumbnail","hentry","category-municipio","tag-desarrollo-social","tag-municipalidad","generate-columns","tablet-grid-50","mobile-grid-100","grid-parent","grid-50"],"jetpack_publicize_connections":[],"jetpack_featured_media_url":"https:\/\/www.hoymercedes.com.ar\/principal\/wp-content\/uploads\/2016\/07\/28-juani-jorgelina.jpg","wps_subtitle":"Desarrollo Social","jetpack_sharing_enabled":true,"_links":{"self":[{"href":"https:\/\/www.hoymercedes.com.ar\/principal\/wp-json\/wp\/v2\/posts\/52982","targetHints":{"allow":["GET"]}}],"collection":[{"href":"https:\/\/www.hoymercedes.com.ar\/principal\/wp-json\/wp\/v2\/posts"}],"about":[{"href":"https:\/\/www.hoymercedes.com.ar\/principal\/wp-json\/wp\/v2\/types\/post"}],"author":[{"embeddable":true,"href":"https:\/\/www.hoymercedes.com.ar\/principal\/wp-json\/wp\/v2\/users\/1"}],"replies":[{"embeddable":true,"href":"https:\/\/www.hoymercedes.com.ar\/principal\/wp-json\/wp\/v2\/comments?post=52982"}],"version-history":[{"count":0,"href":"https:\/\/www.hoymercedes.com.ar\/principal\/wp-json\/wp\/v2\/posts\/52982\/revisions"}],"wp:featuredmedia":[{"embeddable":true,"href":"https:\/\/www.hoymercedes.com.ar\/principal\/wp-json\/wp\/v2\/media\/52983"}],"wp:attachment":[{"href":"https:\/\/www.hoymercedes.com.ar\/principal\/wp-json\/wp\/v2\/media?parent=52982"}],"wp:term":[{"taxonomy":"category","embeddable":true,"href":"https:\/\/www.hoymercedes.com.ar\/principal\/wp-json\/wp\/v2\/categories?post=52982"},{"taxonomy":"post_tag","embeddable":true,"href":"https:\/\/www.hoymercedes.com.ar\/principal\/wp-json\/wp\/v2\/tags?post=52982"}],"curies":[{"name":"wp","href":"https:\/\/api.w.org\/{rel}","templated":true}]}}