{"id":53243,"date":"2016-08-05T21:19:43","date_gmt":"2016-08-06T00:19:43","guid":{"rendered":"http:\/\/www.hoymercedes.com.ar\/principal\/?p=53243"},"modified":"2016-08-05T21:19:43","modified_gmt":"2016-08-06T00:19:43","slug":"exposicion-fotografica-de-kaloian-santos-cabrera","status":"publish","type":"post","link":"https:\/\/www.hoymercedes.com.ar\/principal\/2016\/08\/05\/exposicion-fotografica-de-kaloian-santos-cabrera\/","title":{"rendered":"Exposici\u00f3n Fotogr\u00e1fica de Kaloian Santos Cabrera"},"content":{"rendered":"<p>\u00abLa Revoluci\u00f3n es un Sue\u00f1o\u00bb es el nombre de la exposici\u00f3n de fotograf\u00eda que se est\u00e1 presentando en la Sala B del Museo de Arte \u00abMunicipalidad de Mercedes\u00bb. Una serie de fotograf\u00edas de\u00a0Kaloian Santos Cabrera, que fueron tomadas en diferentes pa\u00edses de Latinoam\u00e9rica.<\/p>\n<p><img loading=\"lazy\" decoding=\"async\" data-attachment-id=\"53240\" data-permalink=\"https:\/\/www.hoymercedes.com.ar\/principal\/2016\/08\/07\/fernando-chirileison-en-una-muestra-retrospectiva\/06-muestra-fotogra\/#main\" data-orig-file=\"https:\/\/www.hoymercedes.com.ar\/principal\/wp-content\/uploads\/2016\/08\/06-muestra-fotogra.png\" data-orig-size=\"448,299\" data-comments-opened=\"1\" data-image-meta=\"{&quot;aperture&quot;:&quot;0&quot;,&quot;credit&quot;:&quot;&quot;,&quot;camera&quot;:&quot;&quot;,&quot;caption&quot;:&quot;&quot;,&quot;created_timestamp&quot;:&quot;0&quot;,&quot;copyright&quot;:&quot;&quot;,&quot;focal_length&quot;:&quot;0&quot;,&quot;iso&quot;:&quot;0&quot;,&quot;shutter_speed&quot;:&quot;0&quot;,&quot;title&quot;:&quot;&quot;,&quot;orientation&quot;:&quot;0&quot;}\" data-image-title=\"06 muestra fotogra\" data-image-description=\"\" data-image-caption=\"\" data-large-file=\"https:\/\/www.hoymercedes.com.ar\/principal\/wp-content\/uploads\/2016\/08\/06-muestra-fotogra.png\" class=\"aligncenter size-full wp-image-53240\" src=\"https:\/\/www.hoymercedes.com.ar\/principal\/wp-content\/uploads\/2016\/08\/06-muestra-fotogra.png\" alt=\"06 muestra fotogra\" width=\"448\" height=\"299\" srcset=\"https:\/\/www.hoymercedes.com.ar\/principal\/wp-content\/uploads\/2016\/08\/06-muestra-fotogra.png 448w, https:\/\/www.hoymercedes.com.ar\/principal\/wp-content\/uploads\/2016\/08\/06-muestra-fotogra-150x100.png 150w, https:\/\/www.hoymercedes.com.ar\/principal\/wp-content\/uploads\/2016\/08\/06-muestra-fotogra-300x200.png 300w\" sizes=\"auto, (max-width: 448px) 100vw, 448px\" \/><\/p>\n<p>Propuestas por la\u00a0delegaci\u00f3n local del\u00a0Defensor del Pueblo, las im\u00e1genes de\u00a0la serie \u00abLa Revoluci\u00f3n es un sue\u00f1o eterno\u00bb tienen como tema principal \u00abel beso\u00bb. Un disparador que permite\u00a0debatir, profundizar y analizar:\u00a0Qui\u00e9nes se besan? \u00bfQu\u00e9 hace del beso un s\u00edmbolo tan fuerte, que trasciende c\u00f3digos y convenciones culturales? \u00bfPor qu\u00e9 nos besamos? \u00bfPodemos hablar del derecho al amor, a la expresi\u00f3n corporal de ese amor, como s\u00edntesis de muchos otros derechos latentes que hoy se encuentran fortalecidos?<\/p>\n<p>Cada imagen est\u00e1 acompa\u00f1ada por textos escritos por diferentes personas vinculadas al arte, la cultura y la lucha por los derechos humanos, que aportan miradas, reflexiones e ideas a partir de las fotograf\u00edas exhibidas.<\/p>\n<p>&nbsp;<\/p>\n<p>La muestra est\u00e1 abierta para ser visitada en los horarios de apertura del MAMM<\/p>\n<p>Fuente:\u00a0http:\/\/www.defensorba.org.ar\/muestra-ddhh\/<\/p>\n","protected":false},"excerpt":{"rendered":"<p>\u00abLa Revoluci\u00f3n es un Sue\u00f1o\u00bb es el nombre de la exposici\u00f3n de fotograf\u00eda que se est\u00e1 presentando en la Sala &#8230; <a title=\"Exposici\u00f3n Fotogr\u00e1fica de Kaloian Santos Cabrera\" class=\"read-more\" href=\"https:\/\/www.hoymercedes.com.ar\/principal\/2016\/08\/05\/exposicion-fotografica-de-kaloian-santos-cabrera\/\" aria-label=\"Leer m\u00e1s sobre Exposici\u00f3n Fotogr\u00e1fica de Kaloian Santos Cabrera\">Leer m\u00e1s<\/a><\/p>\n","protected":false},"author":1,"featured_media":53240,"comment_status":"open","ping_status":"open","sticky":false,"template":"","format":"standard","meta":{"_monsterinsights_skip_tracking":false,"_monsterinsights_sitenote_active":false,"_monsterinsights_sitenote_note":"","_monsterinsights_sitenote_category":0,"jetpack_post_was_ever_published":false,"_jetpack_newsletter_access":"","_jetpack_dont_email_post_to_subs":false,"_jetpack_newsletter_tier_id":0,"_jetpack_memberships_contains_paywalled_content":false,"_jetpack_memberships_contains_paid_content":false,"footnotes":"","jetpack_publicize_message":"","jetpack_publicize_feature_enabled":true,"jetpack_social_post_already_shared":true,"jetpack_social_options":{"image_generator_settings":{"template":"highway","default_image_id":0,"font":"","enabled":false},"version":2},"_wpas_customize_per_network":false},"categories":[104],"tags":[7805,1034,8674],"class_list":["post-53243","post","type-post","status-publish","format-standard","has-post-thumbnail","hentry","category-cultura","tag-cultura","tag-fotografia","tag-mamm","generate-columns","tablet-grid-50","mobile-grid-100","grid-parent","grid-50"],"jetpack_publicize_connections":[],"jetpack_featured_media_url":"https:\/\/www.hoymercedes.com.ar\/principal\/wp-content\/uploads\/2016\/08\/06-muestra-fotogra.png","wps_subtitle":"Presentada por el Defensor del Pueblo","jetpack_sharing_enabled":true,"_links":{"self":[{"href":"https:\/\/www.hoymercedes.com.ar\/principal\/wp-json\/wp\/v2\/posts\/53243","targetHints":{"allow":["GET"]}}],"collection":[{"href":"https:\/\/www.hoymercedes.com.ar\/principal\/wp-json\/wp\/v2\/posts"}],"about":[{"href":"https:\/\/www.hoymercedes.com.ar\/principal\/wp-json\/wp\/v2\/types\/post"}],"author":[{"embeddable":true,"href":"https:\/\/www.hoymercedes.com.ar\/principal\/wp-json\/wp\/v2\/users\/1"}],"replies":[{"embeddable":true,"href":"https:\/\/www.hoymercedes.com.ar\/principal\/wp-json\/wp\/v2\/comments?post=53243"}],"version-history":[{"count":0,"href":"https:\/\/www.hoymercedes.com.ar\/principal\/wp-json\/wp\/v2\/posts\/53243\/revisions"}],"wp:featuredmedia":[{"embeddable":true,"href":"https:\/\/www.hoymercedes.com.ar\/principal\/wp-json\/wp\/v2\/media\/53240"}],"wp:attachment":[{"href":"https:\/\/www.hoymercedes.com.ar\/principal\/wp-json\/wp\/v2\/media?parent=53243"}],"wp:term":[{"taxonomy":"category","embeddable":true,"href":"https:\/\/www.hoymercedes.com.ar\/principal\/wp-json\/wp\/v2\/categories?post=53243"},{"taxonomy":"post_tag","embeddable":true,"href":"https:\/\/www.hoymercedes.com.ar\/principal\/wp-json\/wp\/v2\/tags?post=53243"}],"curies":[{"name":"wp","href":"https:\/\/api.w.org\/{rel}","templated":true}]}}