{"id":53254,"date":"2016-08-06T17:00:48","date_gmt":"2016-08-06T20:00:48","guid":{"rendered":"http:\/\/www.hoymercedes.com.ar\/principal\/?p=53254"},"modified":"2016-08-06T12:27:29","modified_gmt":"2016-08-06T15:27:29","slug":"tres-mil-plantas-de-duraznos-se-entregaron-a-productores-locales","status":"publish","type":"post","link":"https:\/\/www.hoymercedes.com.ar\/principal\/2016\/08\/06\/tres-mil-plantas-de-duraznos-se-entregaron-a-productores-locales\/","title":{"rendered":"Tres mil plantas de duraznos se entregaron a productores locales"},"content":{"rendered":"<p>En la tarde del viernes \u00fatimo, el Intendente Municipal Juan Ustarroz, junto al Director de Producci\u00f3n Sim\u00f3n Bruschi, entreg\u00f3 3310 plantas de duraznos en el marco del programa que lleva adelante el Grupo Resurgir desde hace trece a\u00f1os con el fin de acrecentar y fortalecer la producci\u00f3n duraznal de productores locales.<\/p>\n<figure id=\"attachment_53256\" aria-describedby=\"caption-attachment-53256\" style=\"width: 438px\" class=\"wp-caption aligncenter\"><img loading=\"lazy\" decoding=\"async\" data-attachment-id=\"53256\" data-permalink=\"https:\/\/www.hoymercedes.com.ar\/principal\/2016\/08\/06\/tres-mil-plantas-de-duraznos-se-entregaron-a-productores-locales\/06-durazneros-1\/#main\" data-orig-file=\"https:\/\/www.hoymercedes.com.ar\/principal\/wp-content\/uploads\/2016\/08\/06-durazneros-1.jpg\" data-orig-size=\"448,336\" data-comments-opened=\"1\" data-image-meta=\"{&quot;aperture&quot;:&quot;0&quot;,&quot;credit&quot;:&quot;&quot;,&quot;camera&quot;:&quot;&quot;,&quot;caption&quot;:&quot;&quot;,&quot;created_timestamp&quot;:&quot;0&quot;,&quot;copyright&quot;:&quot;&quot;,&quot;focal_length&quot;:&quot;0&quot;,&quot;iso&quot;:&quot;0&quot;,&quot;shutter_speed&quot;:&quot;0&quot;,&quot;title&quot;:&quot;&quot;,&quot;orientation&quot;:&quot;0&quot;}\" data-image-title=\"06 durazneros 1\" data-image-description=\"\" data-image-caption=\"&lt;p&gt;Foto: Susana Castagnetto&lt;\/p&gt;\n\" data-large-file=\"https:\/\/www.hoymercedes.com.ar\/principal\/wp-content\/uploads\/2016\/08\/06-durazneros-1.jpg\" class=\"size-full wp-image-53256\" src=\"https:\/\/www.hoymercedes.com.ar\/principal\/wp-content\/uploads\/2016\/08\/06-durazneros-1.jpg\" alt=\"Foto: Susana Castagnetto\" width=\"448\" height=\"336\" srcset=\"https:\/\/www.hoymercedes.com.ar\/principal\/wp-content\/uploads\/2016\/08\/06-durazneros-1.jpg 448w, https:\/\/www.hoymercedes.com.ar\/principal\/wp-content\/uploads\/2016\/08\/06-durazneros-1-150x113.jpg 150w\" sizes=\"auto, (max-width: 448px) 100vw, 448px\" \/><figcaption id=\"caption-attachment-53256\" class=\"wp-caption-text\">Foto: Susana Castagnetto<\/figcaption><\/figure>\n<p>Susana Castagneto, impulsora del grupo Resurgir explic\u00f3 que los durazneros fueron adquiridos por la Municipalidad de Mercedes y entregados a los productores e instituciones educativas, as\u00ed como a particulares que quieran iniciarse en la producci\u00f3n del fruto o de productos derivados.<\/p>\n<p>Nos encontramos apoyando las actividades e iniciativas del Grupo Resurgir, que llevan adelante desde hace 13 a\u00f1os, apostando a la producci\u00f3n de duraznos en la ciudad\u201d dijo el Intendente al momento de entregar las\u00a0plantas y agreg\u00f3 que\u00a0la producci\u00f3n del\u00a0fruto preserva\u00a0\u00abuna identidad, una cultura, una tradici\u00f3n de nuestras quintas\u00bb.<\/p>\n<p>En el marco de la entrega al Grupo Resurgir, tambi\u00e9n se entregaron durazneros a particulares que se incluyeron en un subprograma denominado \u201cUna casa, una planta\u201d. Una propuesta para que los vecinos de la zona urbana se identifiquen\u00a0con el fruto que nos representa a lo largo del pa\u00eds y siendo parte as\u00ed de alguna manera de la Fiesta Nacional del Durazno.<\/p>\n<p>El Jefe Comunal expres\u00f3 muy entusiasmado que \u201ccuando uno se interioriza, participa de este tipo de encuentros, ve, conoce, es cuando verdaderamente puede ver la reacci\u00f3n de la gente, el empe\u00f1o, las ilusiones; y uno comprende \u00a0y se contagia, tomando a\u00fan m\u00e1s fuerzas las ganas de apoyar el sector y emprender con ellos\u201d.<\/p>\n<p>\u201cEsto que se transmite de generaci\u00f3n en generaci\u00f3n, apostando a la producci\u00f3n, a la cultura del trabajo, para aquellos que est\u00e1n y trabajan en la zona rural, pueda permanecer y apostar a esa zona y la producci\u00f3n de estos productos que tanto nos identifican\u201d, agreg\u00f3.<\/p>\n<p>En el final compartieron el almuerzo con una \u201ccarbonada\u201d junto a los productores.<\/p>\n<figure id=\"attachment_53255\" aria-describedby=\"caption-attachment-53255\" style=\"width: 438px\" class=\"wp-caption aligncenter\"><img loading=\"lazy\" decoding=\"async\" data-attachment-id=\"53255\" data-permalink=\"https:\/\/www.hoymercedes.com.ar\/principal\/2016\/08\/06\/tres-mil-plantas-de-duraznos-se-entregaron-a-productores-locales\/06-durazneros-2\/#main\" data-orig-file=\"https:\/\/www.hoymercedes.com.ar\/principal\/wp-content\/uploads\/2016\/08\/06-durazneros-2.jpg\" data-orig-size=\"448,299\" data-comments-opened=\"1\" data-image-meta=\"{&quot;aperture&quot;:&quot;0&quot;,&quot;credit&quot;:&quot;&quot;,&quot;camera&quot;:&quot;&quot;,&quot;caption&quot;:&quot;&quot;,&quot;created_timestamp&quot;:&quot;0&quot;,&quot;copyright&quot;:&quot;&quot;,&quot;focal_length&quot;:&quot;0&quot;,&quot;iso&quot;:&quot;0&quot;,&quot;shutter_speed&quot;:&quot;0&quot;,&quot;title&quot;:&quot;&quot;,&quot;orientation&quot;:&quot;0&quot;}\" data-image-title=\"06 durazneros 2\" data-image-description=\"\" data-image-caption=\"&lt;p&gt;Foto: Susana Castagnetto&lt;\/p&gt;\n\" data-large-file=\"https:\/\/www.hoymercedes.com.ar\/principal\/wp-content\/uploads\/2016\/08\/06-durazneros-2.jpg\" class=\"size-full wp-image-53255\" src=\"https:\/\/www.hoymercedes.com.ar\/principal\/wp-content\/uploads\/2016\/08\/06-durazneros-2.jpg\" alt=\"Foto: Susana Castagnetto\" width=\"448\" height=\"299\" srcset=\"https:\/\/www.hoymercedes.com.ar\/principal\/wp-content\/uploads\/2016\/08\/06-durazneros-2.jpg 448w, https:\/\/www.hoymercedes.com.ar\/principal\/wp-content\/uploads\/2016\/08\/06-durazneros-2-150x100.jpg 150w, https:\/\/www.hoymercedes.com.ar\/principal\/wp-content\/uploads\/2016\/08\/06-durazneros-2-300x200.jpg 300w\" sizes=\"auto, (max-width: 448px) 100vw, 448px\" \/><figcaption id=\"caption-attachment-53255\" class=\"wp-caption-text\">Foto: Susana Castagnetto<\/figcaption><\/figure>\n<p>&nbsp;<\/p>\n","protected":false},"excerpt":{"rendered":"<p>En la tarde del viernes \u00fatimo, el Intendente Municipal Juan Ustarroz, junto al Director de Producci\u00f3n Sim\u00f3n Bruschi, entreg\u00f3 3310 &#8230; <a title=\"Tres mil plantas de duraznos se entregaron a productores locales\" class=\"read-more\" href=\"https:\/\/www.hoymercedes.com.ar\/principal\/2016\/08\/06\/tres-mil-plantas-de-duraznos-se-entregaron-a-productores-locales\/\" aria-label=\"Leer m\u00e1s sobre Tres mil plantas de duraznos se entregaron a productores locales\">Leer m\u00e1s<\/a><\/p>\n","protected":false},"author":1,"featured_media":53256,"comment_status":"open","ping_status":"open","sticky":false,"template":"","format":"standard","meta":{"_monsterinsights_skip_tracking":false,"_monsterinsights_sitenote_active":false,"_monsterinsights_sitenote_note":"","_monsterinsights_sitenote_category":0,"jetpack_post_was_ever_published":false,"_jetpack_newsletter_access":"","_jetpack_dont_email_post_to_subs":false,"_jetpack_newsletter_tier_id":0,"_jetpack_memberships_contains_paywalled_content":false,"_jetpack_memberships_contains_paid_content":false,"footnotes":"","jetpack_publicize_message":"","jetpack_publicize_feature_enabled":true,"jetpack_social_post_already_shared":true,"jetpack_social_options":{"image_generator_settings":{"template":"highway","default_image_id":0,"font":"","enabled":false},"version":2},"_wpas_customize_per_network":false},"categories":[30],"tags":[2315,208,1774,244,9851],"class_list":["post-53254","post","type-post","status-publish","format-standard","has-post-thumbnail","hentry","category-municipio","tag-durazno","tag-fiesta-del-durazno","tag-grupo-resurgir","tag-municipio-2","tag-producciom","generate-columns","tablet-grid-50","mobile-grid-100","grid-parent","grid-50"],"jetpack_publicize_connections":[],"jetpack_featured_media_url":"https:\/\/www.hoymercedes.com.ar\/principal\/wp-content\/uploads\/2016\/08\/06-durazneros-1.jpg","wps_subtitle":"Plan Resurgir","jetpack_sharing_enabled":true,"_links":{"self":[{"href":"https:\/\/www.hoymercedes.com.ar\/principal\/wp-json\/wp\/v2\/posts\/53254","targetHints":{"allow":["GET"]}}],"collection":[{"href":"https:\/\/www.hoymercedes.com.ar\/principal\/wp-json\/wp\/v2\/posts"}],"about":[{"href":"https:\/\/www.hoymercedes.com.ar\/principal\/wp-json\/wp\/v2\/types\/post"}],"author":[{"embeddable":true,"href":"https:\/\/www.hoymercedes.com.ar\/principal\/wp-json\/wp\/v2\/users\/1"}],"replies":[{"embeddable":true,"href":"https:\/\/www.hoymercedes.com.ar\/principal\/wp-json\/wp\/v2\/comments?post=53254"}],"version-history":[{"count":0,"href":"https:\/\/www.hoymercedes.com.ar\/principal\/wp-json\/wp\/v2\/posts\/53254\/revisions"}],"wp:featuredmedia":[{"embeddable":true,"href":"https:\/\/www.hoymercedes.com.ar\/principal\/wp-json\/wp\/v2\/media\/53256"}],"wp:attachment":[{"href":"https:\/\/www.hoymercedes.com.ar\/principal\/wp-json\/wp\/v2\/media?parent=53254"}],"wp:term":[{"taxonomy":"category","embeddable":true,"href":"https:\/\/www.hoymercedes.com.ar\/principal\/wp-json\/wp\/v2\/categories?post=53254"},{"taxonomy":"post_tag","embeddable":true,"href":"https:\/\/www.hoymercedes.com.ar\/principal\/wp-json\/wp\/v2\/tags?post=53254"}],"curies":[{"name":"wp","href":"https:\/\/api.w.org\/{rel}","templated":true}]}}