{"id":53258,"date":"2016-08-06T15:30:33","date_gmt":"2016-08-06T18:30:33","guid":{"rendered":"http:\/\/www.hoymercedes.com.ar\/principal\/?p=53258"},"modified":"2016-08-06T12:56:26","modified_gmt":"2016-08-06T15:56:26","slug":"tito-sanguinetti-distinguido-por-la-academia-de-folklore","status":"publish","type":"post","link":"https:\/\/www.hoymercedes.com.ar\/principal\/2016\/08\/06\/tito-sanguinetti-distinguido-por-la-academia-de-folklore\/","title":{"rendered":"Tito Sanguinetti distinguido por la Academia de Folklore"},"content":{"rendered":"<p>En el marco de la presentaci\u00f3n de la Academia de Folclore de la provincia de Buenos Aires, realizada el viernes 5 de agosto en el Museo Las Lilas de San Antonio de Areco, se distingui\u00f3 al cantautor folclorista radicado en Mercedes Osvaldo \u00abTito\u00bb Sanguinetti.<\/p>\n<p>Este viernes, se realiz\u00f3 la presentaci\u00f3n oficial de la Academia provincial que re\u00fane a los 135 partidos bonaerenses. De cada uno de los partidos, la instituci\u00f3n distingui\u00f3 a una personalidad relacionada con el folclore nombr\u00e1ndolos como \u00abacad\u00e9micos\u00bb. Tito Sanguinetti fue distinguido por su estrecha relaci\u00f3n con el folclore, no solo en lo musical y en la poes\u00eda, sino tambi\u00e9n en la difusi\u00f3n de las costumbres.<\/p>\n<p><img loading=\"lazy\" decoding=\"async\" data-attachment-id=\"53259\" data-permalink=\"https:\/\/www.hoymercedes.com.ar\/principal\/2016\/08\/06\/tito-sanguinetti-distinguido-por-la-academia-de-folklore\/06-tito-sanguinett\/#main\" data-orig-file=\"https:\/\/www.hoymercedes.com.ar\/principal\/wp-content\/uploads\/2016\/08\/06-tito-sanguinett.jpg\" data-orig-size=\"448,251\" data-comments-opened=\"1\" data-image-meta=\"{&quot;aperture&quot;:&quot;2.4&quot;,&quot;credit&quot;:&quot;&quot;,&quot;camera&quot;:&quot;Lumia 635&quot;,&quot;caption&quot;:&quot;&quot;,&quot;created_timestamp&quot;:&quot;1470432384&quot;,&quot;copyright&quot;:&quot;&quot;,&quot;focal_length&quot;:&quot;2.99&quot;,&quot;iso&quot;:&quot;800&quot;,&quot;shutter_speed&quot;:&quot;0.102255&quot;,&quot;title&quot;:&quot;&quot;,&quot;orientation&quot;:&quot;1&quot;}\" data-image-title=\"06 tito sanguinett\" data-image-description=\"\" data-image-caption=\"\" data-large-file=\"https:\/\/www.hoymercedes.com.ar\/principal\/wp-content\/uploads\/2016\/08\/06-tito-sanguinett.jpg\" class=\"aligncenter size-full wp-image-53259\" src=\"https:\/\/www.hoymercedes.com.ar\/principal\/wp-content\/uploads\/2016\/08\/06-tito-sanguinett.jpg\" alt=\"06 tito sanguinett\" width=\"448\" height=\"251\" srcset=\"https:\/\/www.hoymercedes.com.ar\/principal\/wp-content\/uploads\/2016\/08\/06-tito-sanguinett.jpg 448w, https:\/\/www.hoymercedes.com.ar\/principal\/wp-content\/uploads\/2016\/08\/06-tito-sanguinett-150x84.jpg 150w\" sizes=\"auto, (max-width: 448px) 100vw, 448px\" \/><\/p>\n<p>En el acto, se present\u00f3 la flamante Academia de Folclore, se expusieron los objetivos de esp\u00edritu federal, democr\u00e1tico, igualitario, abierto y participativo, y los proyectos para esta etapa inicial, as\u00ed como la presentaci\u00f3n del Consejo Directivo que preside Roberto Lindon Colombo.<\/p>\n<p>Luego se entregaron las distinciones a las personalidades, iconos\u00a0en\u00a0distintas actividades relacionadas con la tradici\u00f3n. Entre ellos hubo\u00a0plateros, artesanos, pintores, dibujantes, m\u00fasicos, bailarines, tejedores, escritores, cine, etc.<\/p>\n<p>&nbsp;<\/p>\n","protected":false},"excerpt":{"rendered":"<p>En el marco de la presentaci\u00f3n de la Academia de Folclore de la provincia de Buenos Aires, realizada el viernes &#8230; <a title=\"Tito Sanguinetti distinguido por la Academia de Folklore\" class=\"read-more\" href=\"https:\/\/www.hoymercedes.com.ar\/principal\/2016\/08\/06\/tito-sanguinetti-distinguido-por-la-academia-de-folklore\/\" aria-label=\"Leer m\u00e1s sobre Tito Sanguinetti distinguido por la Academia de Folklore\">Leer m\u00e1s<\/a><\/p>\n","protected":false},"author":1,"featured_media":53259,"comment_status":"open","ping_status":"open","sticky":false,"template":"","format":"standard","meta":{"_monsterinsights_skip_tracking":false,"_monsterinsights_sitenote_active":false,"_monsterinsights_sitenote_note":"","_monsterinsights_sitenote_category":0,"jetpack_post_was_ever_published":false,"_jetpack_newsletter_access":"","_jetpack_dont_email_post_to_subs":false,"_jetpack_newsletter_tier_id":0,"_jetpack_memberships_contains_paywalled_content":false,"_jetpack_memberships_contains_paid_content":false,"footnotes":"","jetpack_publicize_message":"","jetpack_publicize_feature_enabled":true,"jetpack_social_post_already_shared":true,"jetpack_social_options":{"image_generator_settings":{"template":"highway","default_image_id":0,"font":"","enabled":false},"version":2},"_wpas_customize_per_network":false},"categories":[104],"tags":[9852,7805,2427,9690],"class_list":["post-53258","post","type-post","status-publish","format-standard","has-post-thumbnail","hentry","category-cultura","tag-academia-del-folclore-de-la-provincia-de-buenos-aires","tag-cultura","tag-san-antonio-de-areco","tag-tito-sanguinetti","generate-columns","tablet-grid-50","mobile-grid-100","grid-parent","grid-50"],"jetpack_publicize_connections":[],"jetpack_featured_media_url":"https:\/\/www.hoymercedes.com.ar\/principal\/wp-content\/uploads\/2016\/08\/06-tito-sanguinett.jpg","wps_subtitle":"En San Antonio de Areco","jetpack_sharing_enabled":true,"_links":{"self":[{"href":"https:\/\/www.hoymercedes.com.ar\/principal\/wp-json\/wp\/v2\/posts\/53258","targetHints":{"allow":["GET"]}}],"collection":[{"href":"https:\/\/www.hoymercedes.com.ar\/principal\/wp-json\/wp\/v2\/posts"}],"about":[{"href":"https:\/\/www.hoymercedes.com.ar\/principal\/wp-json\/wp\/v2\/types\/post"}],"author":[{"embeddable":true,"href":"https:\/\/www.hoymercedes.com.ar\/principal\/wp-json\/wp\/v2\/users\/1"}],"replies":[{"embeddable":true,"href":"https:\/\/www.hoymercedes.com.ar\/principal\/wp-json\/wp\/v2\/comments?post=53258"}],"version-history":[{"count":0,"href":"https:\/\/www.hoymercedes.com.ar\/principal\/wp-json\/wp\/v2\/posts\/53258\/revisions"}],"wp:featuredmedia":[{"embeddable":true,"href":"https:\/\/www.hoymercedes.com.ar\/principal\/wp-json\/wp\/v2\/media\/53259"}],"wp:attachment":[{"href":"https:\/\/www.hoymercedes.com.ar\/principal\/wp-json\/wp\/v2\/media?parent=53258"}],"wp:term":[{"taxonomy":"category","embeddable":true,"href":"https:\/\/www.hoymercedes.com.ar\/principal\/wp-json\/wp\/v2\/categories?post=53258"},{"taxonomy":"post_tag","embeddable":true,"href":"https:\/\/www.hoymercedes.com.ar\/principal\/wp-json\/wp\/v2\/tags?post=53258"}],"curies":[{"name":"wp","href":"https:\/\/api.w.org\/{rel}","templated":true}]}}