{"id":5328,"date":"2011-07-01T03:41:46","date_gmt":"2011-07-01T03:41:46","guid":{"rendered":"http:\/\/www.hoymercedes.com.ar\/principal\/?p=5328"},"modified":"2011-07-01T03:46:57","modified_gmt":"2011-07-01T03:46:57","slug":"se-presento-la-lista-de-candidatos-del-frente-amplio-progresista","status":"publish","type":"post","link":"https:\/\/www.hoymercedes.com.ar\/principal\/2011\/07\/01\/se-presento-la-lista-de-candidatos-del-frente-amplio-progresista\/","title":{"rendered":"Se present\u00f3 la lista de candidatos del Frente Amplio Progresista"},"content":{"rendered":"<p>Los integrantes del Frente Amplio Progresista de nuestra ciudad que entre otros sectores pol\u00edticos impulsaron el GEN tras romper con la UCR debido a la incorporaci\u00f3n en un Frente del grupo de Francisco De Narv\u00e1ez con quienes los separan seg\u00fan lo expresado \u201cprofundas diferencias ideol\u00f3gicas\u201d, y sectores del campo popular progresista como el Socialismo y la Unidad Popular presentaron oficialmente la lista de candidatos a intendente, concejales y consejeros escolares que participaran de las elecciones internas obligatorias el 14 de agosto en nuestra ciudad<\/p>\n<p><a href=\"https:\/\/www.hoymercedes.com.ar\/principal\/wp-content\/uploads\/2011\/07\/frenteprogesistaI.jpg\"><img loading=\"lazy\" decoding=\"async\" data-attachment-id=\"5332\" data-permalink=\"https:\/\/www.hoymercedes.com.ar\/principal\/2011\/07\/01\/se-presento-la-lista-de-candidatos-del-frente-amplio-progresista\/frenteprogesistai\/#main\" data-orig-file=\"https:\/\/www.hoymercedes.com.ar\/principal\/wp-content\/uploads\/2011\/07\/frenteprogesistaI.jpg\" data-orig-size=\"610,458\" data-comments-opened=\"1\" data-image-meta=\"{&quot;aperture&quot;:&quot;2.8&quot;,&quot;credit&quot;:&quot;&quot;,&quot;camera&quot;:&quot;COOLPIX L10&quot;,&quot;caption&quot;:&quot;&quot;,&quot;created_timestamp&quot;:&quot;1309275556&quot;,&quot;copyright&quot;:&quot;Copyright 2006&quot;,&quot;focal_length&quot;:&quot;6.2&quot;,&quot;iso&quot;:&quot;64&quot;,&quot;shutter_speed&quot;:&quot;0.016666666666667&quot;,&quot;title&quot;:&quot;&quot;}\" data-image-title=\"frenteprogesistaI\" data-image-description=\"\" data-image-caption=\"\" data-large-file=\"https:\/\/www.hoymercedes.com.ar\/principal\/wp-content\/uploads\/2011\/07\/frenteprogesistaI.jpg\" class=\"aligncenter size-full wp-image-5332\" title=\"frenteprogesistaI\" src=\"https:\/\/www.hoymercedes.com.ar\/principal\/wp-content\/uploads\/2011\/07\/frenteprogesistaI.jpg\" alt=\"\" width=\"610\" height=\"458\" \/><\/a><\/p>\n<p>Como se sabe el denominado Frente Amplio lleva como candidato a Intendente a Luis Colao representando al GEN, el Parido cuyo l\u00edder es Margarita Stolbizer,  y  como candidato a concejal en primer lugar a Hugo Bonafina, titular de la Seccional de la Asociaci\u00f3n de Trabajadores del Estado de nuestra ciudad quien se encuentra acompa\u00f1ado hasta el novenos lugar por Susana Lombardo, Pablo Sana, Alfredo Olivella, Laura Badano, Rolando Garc\u00eda, M\u00f3nica Tirone y Gabriel Cottognini.<\/p>\n<p>Por su parte los candidatos a Consejeros Escolares son Julio Beltrami, Gisela Becker y Mar\u00eda Troncoso<\/p>\n<p><a href=\"https:\/\/www.hoymercedes.com.ar\/principal\/wp-content\/uploads\/2011\/07\/frenteprogesistaII.jpg\"><img loading=\"lazy\" decoding=\"async\" data-attachment-id=\"5333\" data-permalink=\"https:\/\/www.hoymercedes.com.ar\/principal\/2011\/07\/01\/se-presento-la-lista-de-candidatos-del-frente-amplio-progresista\/frenteprogesistaii\/#main\" data-orig-file=\"https:\/\/www.hoymercedes.com.ar\/principal\/wp-content\/uploads\/2011\/07\/frenteprogesistaII.jpg\" data-orig-size=\"610,458\" data-comments-opened=\"1\" data-image-meta=\"{&quot;aperture&quot;:&quot;2.8&quot;,&quot;credit&quot;:&quot;&quot;,&quot;camera&quot;:&quot;COOLPIX L10&quot;,&quot;caption&quot;:&quot;&quot;,&quot;created_timestamp&quot;:&quot;1309275741&quot;,&quot;copyright&quot;:&quot;Copyright 2006&quot;,&quot;focal_length&quot;:&quot;6.2&quot;,&quot;iso&quot;:&quot;200&quot;,&quot;shutter_speed&quot;:&quot;0.016666666666667&quot;,&quot;title&quot;:&quot;&quot;}\" data-image-title=\"frenteprogesistaII\" data-image-description=\"\" data-image-caption=\"\" data-large-file=\"https:\/\/www.hoymercedes.com.ar\/principal\/wp-content\/uploads\/2011\/07\/frenteprogesistaII.jpg\" class=\"aligncenter size-full wp-image-5333\" title=\"frenteprogesistaII\" src=\"https:\/\/www.hoymercedes.com.ar\/principal\/wp-content\/uploads\/2011\/07\/frenteprogesistaII.jpg\" alt=\"\" width=\"610\" height=\"458\" srcset=\"https:\/\/www.hoymercedes.com.ar\/principal\/wp-content\/uploads\/2011\/07\/frenteprogesistaII.jpg 610w, https:\/\/www.hoymercedes.com.ar\/principal\/wp-content\/uploads\/2011\/07\/frenteprogesistaII-300x225.jpg 300w\" sizes=\"auto, (max-width: 610px) 100vw, 610px\" \/><\/a><\/p>\n<p>Durante el acto que se concret\u00f3 en el hotel de 29 y 16 se dio a conocer el acta fundacional del Frente Amplio Progresista sosteniendo Luis Colao que \u201cpersonalmente estoy muy conforme por el acuerdo alcanzado porque muestra los puntos comunes que tenemos los tres sectores pol\u00edticos nucleado y la paridad de fuerzas que hay entre ellos dentro del Frente\u201d y tambi\u00e9n los principales puntos que sustentan la candidatura de Colao  para ocupar el sill\u00f3n comunal de la ciudad<\/p>\n<p>Posteriormente Colao manifest\u00f3  \u201cesto es para nosotros algo muy importante porque desde hace tiempo ven\u00edamos caminando en pos de un frente  progresista que pueda gobernar los destinos de la naci\u00f3n, la provincia y nuestra ciudad, siendo  una verdadera alternativa para todo el electorado.<\/p>\n<p>Ac\u00e1 estamos los que  pensamos igual pero tambi\u00e9n los que venimos de distintos or\u00edgenes, respetando los mismos, reconociendo nuestra diferencias y a partir de dicho respeto humos buscado los denominadores comunes que nos llevan a poder conformar esta fuerza que sin ning\u00fan lugar a dudas es la alternativa que hay para el oficialismo en las elecciones de octubre.<\/p>\n<p>No hemos levantado esta fuerza desde un punto de vista testimonial, por eso quiero agradecer profundamente a quienes trabajaron para poder conformar el Frente Amplio en Mercedes\u201d<\/p>\n<p>Tras agradecer la presencia de los Diputados Nacionales Ricardo Cucovillo y Horacio Alcuaz como as\u00ed  tambi\u00e9n a concejales de varias localidades de la Primera Secci\u00f3n electoral y a dirigentes partidarios de las tres fuerzas de diferentes localidades, Colao se refiri\u00f3 al aspecto local criticando nuevamente con cierta dureza la gesti\u00f3n de Carlos Selva sosteniendo \u201clos \u00faltimos ocho a\u00f1os del intendente Selva han sido la p\u00e9rdida de la identidad, hemos resignado los mercedinos la leg\u00edtima aspiraci\u00f3n de tener un gobierno comunal en manos de quienes nos dicen que lo \u00fanico que sirve es resignarse ante el gobierno nacional o el poder provincial.<\/p>\n<p>Ac\u00e1 se nos vendi\u00f3 que el intendente amigo de N\u00e9stor, de Cristina, de Julito, de Perico o de vaya saber qui\u00e9n, esas amistades iban a ser suficientes para bajar cantidad de obras, presupuestos, el man\u00e1 sobre todos los mercedinos. Ese fue de manera fundamental hace cuatro a\u00f1os el eje de campa\u00f1a del intendente Selva y hoy, cuatro a\u00f1os despu\u00e9s esto no ocurri\u00f3, no se terminaron las viviendas, ni siquiera se comenzaron las obras de pavimento y la menor obra p\u00fablica no se hizo porque se recicl\u00f3. Quisimos tener un gobierno y lo \u00fanico que tuvimos fue un intendente delegado de lo que puede hacer el gobierno nacional\u201d.<\/p>\n<p>&nbsp;<\/p>\n","protected":false},"excerpt":{"rendered":"<p>Los integrantes del Frente Amplio Progresista de nuestra ciudad que entre otros sectores pol\u00edticos impulsaron el GEN tras romper con &#8230; <a title=\"Se present\u00f3 la lista de candidatos del Frente Amplio Progresista\" class=\"read-more\" href=\"https:\/\/www.hoymercedes.com.ar\/principal\/2011\/07\/01\/se-presento-la-lista-de-candidatos-del-frente-amplio-progresista\/\" aria-label=\"Leer m\u00e1s sobre Se present\u00f3 la lista de candidatos del Frente Amplio Progresista\">Leer m\u00e1s<\/a><\/p>\n","protected":false},"author":1,"featured_media":0,"comment_status":"open","ping_status":"open","sticky":false,"template":"","format":"standard","meta":{"_monsterinsights_skip_tracking":false,"_monsterinsights_sitenote_active":false,"_monsterinsights_sitenote_note":"","_monsterinsights_sitenote_category":0,"jetpack_post_was_ever_published":false,"_jetpack_newsletter_access":"","_jetpack_dont_email_post_to_subs":false,"_jetpack_newsletter_tier_id":0,"_jetpack_memberships_contains_paywalled_content":false,"_jetpack_memberships_contains_paid_content":false,"footnotes":"","jetpack_publicize_message":"","jetpack_publicize_feature_enabled":true,"jetpack_social_post_already_shared":false,"jetpack_social_options":{"image_generator_settings":{"template":"highway","default_image_id":0,"font":"","enabled":false},"version":2},"_wpas_customize_per_network":false},"categories":[5],"tags":[318,975],"class_list":["post-5328","post","type-post","status-publish","format-standard","hentry","category-politica","tag-colao","tag-frente-amplio-progresista","generate-columns","tablet-grid-50","mobile-grid-100","grid-parent","grid-50"],"jetpack_publicize_connections":[],"jetpack_featured_media_url":"","wps_subtitle":"","jetpack_sharing_enabled":true,"_links":{"self":[{"href":"https:\/\/www.hoymercedes.com.ar\/principal\/wp-json\/wp\/v2\/posts\/5328","targetHints":{"allow":["GET"]}}],"collection":[{"href":"https:\/\/www.hoymercedes.com.ar\/principal\/wp-json\/wp\/v2\/posts"}],"about":[{"href":"https:\/\/www.hoymercedes.com.ar\/principal\/wp-json\/wp\/v2\/types\/post"}],"author":[{"embeddable":true,"href":"https:\/\/www.hoymercedes.com.ar\/principal\/wp-json\/wp\/v2\/users\/1"}],"replies":[{"embeddable":true,"href":"https:\/\/www.hoymercedes.com.ar\/principal\/wp-json\/wp\/v2\/comments?post=5328"}],"version-history":[{"count":0,"href":"https:\/\/www.hoymercedes.com.ar\/principal\/wp-json\/wp\/v2\/posts\/5328\/revisions"}],"wp:attachment":[{"href":"https:\/\/www.hoymercedes.com.ar\/principal\/wp-json\/wp\/v2\/media?parent=5328"}],"wp:term":[{"taxonomy":"category","embeddable":true,"href":"https:\/\/www.hoymercedes.com.ar\/principal\/wp-json\/wp\/v2\/categories?post=5328"},{"taxonomy":"post_tag","embeddable":true,"href":"https:\/\/www.hoymercedes.com.ar\/principal\/wp-json\/wp\/v2\/tags?post=5328"}],"curies":[{"name":"wp","href":"https:\/\/api.w.org\/{rel}","templated":true}]}}