{"id":53283,"date":"2016-08-08T16:15:11","date_gmt":"2016-08-08T19:15:11","guid":{"rendered":"http:\/\/www.hoymercedes.com.ar\/principal\/?p=53283"},"modified":"2016-08-08T15:35:29","modified_gmt":"2016-08-08T18:35:29","slug":"simon-vita-campeon-de-la-categoria-d","status":"publish","type":"post","link":"https:\/\/www.hoymercedes.com.ar\/principal\/2016\/08\/08\/simon-vita-campeon-de-la-categoria-d\/","title":{"rendered":"Sim\u00f3n Vita campe\u00f3n de la categor\u00eda D"},"content":{"rendered":"<p>Durante el fin de semana,\u00a0se realiz\u00f3 un nuevo torneo del calendario anual de torneos internos de la Escuela de Tenis de la Liga de Padres, que dirigen los profesores Mauricio \u00abPoroto\u00bb Pisoni y Hern\u00e1n Ricaldoni. En esta oportunidad, el torne lo jugaron los tenistas de la categor\u00eda \u00abD\u00bb, resultando campe\u00f3n Sim\u00f3n Vita.<\/p>\n<figure id=\"attachment_53284\" aria-describedby=\"caption-attachment-53284\" style=\"width: 346px\" class=\"wp-caption aligncenter\"><img loading=\"lazy\" decoding=\"async\" data-attachment-id=\"53284\" data-permalink=\"https:\/\/www.hoymercedes.com.ar\/principal\/2016\/08\/08\/simon-vita-campeon-de-la-categoria-d\/08-tenis\/#main\" data-orig-file=\"https:\/\/www.hoymercedes.com.ar\/principal\/wp-content\/uploads\/2016\/08\/08-tenis.jpg\" data-orig-size=\"356,336\" data-comments-opened=\"1\" data-image-meta=\"{&quot;aperture&quot;:&quot;0&quot;,&quot;credit&quot;:&quot;&quot;,&quot;camera&quot;:&quot;&quot;,&quot;caption&quot;:&quot;&quot;,&quot;created_timestamp&quot;:&quot;0&quot;,&quot;copyright&quot;:&quot;&quot;,&quot;focal_length&quot;:&quot;0&quot;,&quot;iso&quot;:&quot;0&quot;,&quot;shutter_speed&quot;:&quot;0&quot;,&quot;title&quot;:&quot;&quot;,&quot;orientation&quot;:&quot;0&quot;}\" data-image-title=\"08 tenis\" data-image-description=\"\" data-image-caption=\"&lt;p&gt;Mateo Pescio (2\u00ba), Sim\u00f3n Vita (1\u00ba)    &lt;\/p&gt;\n\" data-large-file=\"https:\/\/www.hoymercedes.com.ar\/principal\/wp-content\/uploads\/2016\/08\/08-tenis.jpg\" class=\"size-full wp-image-53284\" src=\"https:\/\/www.hoymercedes.com.ar\/principal\/wp-content\/uploads\/2016\/08\/08-tenis.jpg\" alt=\"Mateo Pescio (2\u00ba), Sim\u00f3n Vita (1\u00ba)    \" width=\"356\" height=\"336\" srcset=\"https:\/\/www.hoymercedes.com.ar\/principal\/wp-content\/uploads\/2016\/08\/08-tenis.jpg 356w, https:\/\/www.hoymercedes.com.ar\/principal\/wp-content\/uploads\/2016\/08\/08-tenis-150x142.jpg 150w, https:\/\/www.hoymercedes.com.ar\/principal\/wp-content\/uploads\/2016\/08\/08-tenis-60x57.jpg 60w\" sizes=\"auto, (max-width: 356px) 100vw, 356px\" \/><figcaption id=\"caption-attachment-53284\" class=\"wp-caption-text\">Mateo Pescio (2\u00ba), Sim\u00f3n Vita (1\u00ba)<\/figcaption><\/figure>\n<p>Con la presencia de trece\u00a0alumnos y bajo la organizaci\u00f3n de Juan Manuel Regueiro y la colaboraci\u00f3n de Thiago Pernas, en la ma\u00f1ana del s\u00e1bado \u00faltimo se realiz\u00f3 el torneo de tenis que demostr\u00f3 un alto\u00a0nivel entre\u00a0todos los ni\u00f1os participantes.<\/p>\n<p>Los jugadores fueron divididos en zonas, jugando todos contra todos, clasificando los dos\u00a0primeros a cuartos de final. Los resultados fueron:<\/p>\n<p>Zona I<br \/>\n1 Simon Vita<br \/>\n2 Roman Carbone<br \/>\n3 Mateo Vigolongo<br \/>\n4 Simon Quiroga<br \/>\n5 Santino Piccolomini<\/p>\n<p>Zona II<br \/>\n1 Martin Gimenez<br \/>\n2 Matias Rebagliati<br \/>\n3 Pilar Arroyo<br \/>\n4 Mateo Panessi<\/p>\n<p>Zona III<br \/>\n1 Mateo Piccolomini<br \/>\n2 Mateo Pescio<br \/>\n3 Tomas Vigolongo<br \/>\n4 Thiago Del Castillo<\/p>\n<p>Martin Gimenez y Simon Vita pasaron directamente a Semis por ser los mejores primeros<\/p>\n<p>Cuartos<br \/>\nMateo Pescio a Matias Rebagliati 15-8<br \/>\nRoman Carbone a Mateo Piccolomini 15-14<\/p>\n<p>Semis<br \/>\nSimon Vita a Martin Gimenez 15-7<br \/>\nMateo Pescio a Roman Carbone 15-13<\/p>\n<p>Final<br \/>\nSimon Vita a Mateo Pescio 15-10<\/p>\n<p>&nbsp;<\/p>\n<p><strong>Atoba grado 5 en la Liga de Padres<\/strong><\/p>\n<p>El pr\u00f3ximo fin de semana se realizar\u00e1 el 4\u00ba Atoba Tour Grado 5 en la Liga de Padres de nuestra ciudad. Muchos jugadores de la zona oeste de la provincia de Buenos Aires se har\u00e1n presente en nuestra ciudad para disputar \u00e9ste torneo, adem\u00e1s de varios alumnos de la Escuela de Tenis de la Liga de Padres.<\/p>\n","protected":false},"excerpt":{"rendered":"<p>Durante el fin de semana,\u00a0se realiz\u00f3 un nuevo torneo del calendario anual de torneos internos de la Escuela de Tenis &#8230; <a title=\"Sim\u00f3n Vita campe\u00f3n de la categor\u00eda D\" class=\"read-more\" href=\"https:\/\/www.hoymercedes.com.ar\/principal\/2016\/08\/08\/simon-vita-campeon-de-la-categoria-d\/\" aria-label=\"Leer m\u00e1s sobre Sim\u00f3n Vita campe\u00f3n de la categor\u00eda D\">Leer m\u00e1s<\/a><\/p>\n","protected":false},"author":1,"featured_media":53284,"comment_status":"open","ping_status":"open","sticky":false,"template":"","format":"standard","meta":{"_monsterinsights_skip_tracking":false,"_monsterinsights_sitenote_active":false,"_monsterinsights_sitenote_note":"","_monsterinsights_sitenote_category":0,"jetpack_post_was_ever_published":false,"_jetpack_newsletter_access":"","_jetpack_dont_email_post_to_subs":false,"_jetpack_newsletter_tier_id":0,"_jetpack_memberships_contains_paywalled_content":false,"_jetpack_memberships_contains_paid_content":false,"footnotes":"","jetpack_publicize_message":"","jetpack_publicize_feature_enabled":true,"jetpack_social_post_already_shared":true,"jetpack_social_options":{"image_generator_settings":{"template":"highway","default_image_id":0,"font":"","enabled":false},"version":2},"_wpas_customize_per_network":false},"categories":[21],"tags":[204,8735,8734,6924],"class_list":["post-53283","post","type-post","status-publish","format-standard","has-post-thumbnail","hentry","category-deportes","tag-deportes-2","tag-hernan-ricaldoni","tag-poroto-pisoni","tag-tenis","generate-columns","tablet-grid-50","mobile-grid-100","grid-parent","grid-50"],"jetpack_publicize_connections":[],"jetpack_featured_media_url":"https:\/\/www.hoymercedes.com.ar\/principal\/wp-content\/uploads\/2016\/08\/08-tenis.jpg","wps_subtitle":"Tenis","jetpack_sharing_enabled":true,"_links":{"self":[{"href":"https:\/\/www.hoymercedes.com.ar\/principal\/wp-json\/wp\/v2\/posts\/53283","targetHints":{"allow":["GET"]}}],"collection":[{"href":"https:\/\/www.hoymercedes.com.ar\/principal\/wp-json\/wp\/v2\/posts"}],"about":[{"href":"https:\/\/www.hoymercedes.com.ar\/principal\/wp-json\/wp\/v2\/types\/post"}],"author":[{"embeddable":true,"href":"https:\/\/www.hoymercedes.com.ar\/principal\/wp-json\/wp\/v2\/users\/1"}],"replies":[{"embeddable":true,"href":"https:\/\/www.hoymercedes.com.ar\/principal\/wp-json\/wp\/v2\/comments?post=53283"}],"version-history":[{"count":0,"href":"https:\/\/www.hoymercedes.com.ar\/principal\/wp-json\/wp\/v2\/posts\/53283\/revisions"}],"wp:featuredmedia":[{"embeddable":true,"href":"https:\/\/www.hoymercedes.com.ar\/principal\/wp-json\/wp\/v2\/media\/53284"}],"wp:attachment":[{"href":"https:\/\/www.hoymercedes.com.ar\/principal\/wp-json\/wp\/v2\/media?parent=53283"}],"wp:term":[{"taxonomy":"category","embeddable":true,"href":"https:\/\/www.hoymercedes.com.ar\/principal\/wp-json\/wp\/v2\/categories?post=53283"},{"taxonomy":"post_tag","embeddable":true,"href":"https:\/\/www.hoymercedes.com.ar\/principal\/wp-json\/wp\/v2\/tags?post=53283"}],"curies":[{"name":"wp","href":"https:\/\/api.w.org\/{rel}","templated":true}]}}