{"id":53399,"date":"2016-08-13T17:06:16","date_gmt":"2016-08-13T20:06:16","guid":{"rendered":"http:\/\/www.hoymercedes.com.ar\/principal\/?p=53399"},"modified":"2016-08-12T09:42:33","modified_gmt":"2016-08-12T12:42:33","slug":"trio-clasico-de-buenos-aires-en-el-colegio-nacional","status":"publish","type":"post","link":"https:\/\/www.hoymercedes.com.ar\/principal\/2016\/08\/13\/trio-clasico-de-buenos-aires-en-el-colegio-nacional\/","title":{"rendered":"Tr\u00edo Cl\u00e1sico de Buenos Aires en el Colegio Nacional"},"content":{"rendered":"<p>Desde el Centro de Egresados del Colegio Nacional FLorentino Ameghino informaron que un nuevo concierto se dar\u00e1 el s\u00e1bado 20 de agosto en las instalaciones de la instituci\u00f3n educativa de avenida 17. En esta oportunidad, a partir de las 20:30 horas actuar\u00e1 el Tr\u00edo Cl\u00e1sico de Buenos Aires.<\/p>\n<p>Cristina Filoso en piano, Oleg Pish\u00e9nin en viol\u00edn y Carlos Nozzi en Violoncello, decidieron reunirse para formar el Tr\u00edo Cl\u00e1sico de Buenos Aires.<\/p>\n<p><img loading=\"lazy\" decoding=\"async\" data-attachment-id=\"53406\" data-permalink=\"https:\/\/www.hoymercedes.com.ar\/principal\/2016\/08\/13\/trio-clasico-de-buenos-aires-en-el-colegio-nacional\/12-colegio-nacional\/#main\" data-orig-file=\"https:\/\/www.hoymercedes.com.ar\/principal\/wp-content\/uploads\/2016\/08\/12-colegio-nacional.jpg\" data-orig-size=\"448,299\" data-comments-opened=\"1\" data-image-meta=\"{&quot;aperture&quot;:&quot;2.8&quot;,&quot;credit&quot;:&quot;&quot;,&quot;camera&quot;:&quot;Canon PowerShot A2500&quot;,&quot;caption&quot;:&quot;&quot;,&quot;created_timestamp&quot;:&quot;1435432900&quot;,&quot;copyright&quot;:&quot;&quot;,&quot;focal_length&quot;:&quot;5&quot;,&quot;iso&quot;:&quot;800&quot;,&quot;shutter_speed&quot;:&quot;0.125&quot;,&quot;title&quot;:&quot;&quot;,&quot;orientation&quot;:&quot;1&quot;}\" data-image-title=\"12 colegio nacional\" data-image-description=\"\" data-image-caption=\"\" data-large-file=\"https:\/\/www.hoymercedes.com.ar\/principal\/wp-content\/uploads\/2016\/08\/12-colegio-nacional.jpg\" class=\"aligncenter size-full wp-image-53406\" src=\"https:\/\/www.hoymercedes.com.ar\/principal\/wp-content\/uploads\/2016\/08\/12-colegio-nacional.jpg\" alt=\"12 colegio nacional\" width=\"448\" height=\"299\" srcset=\"https:\/\/www.hoymercedes.com.ar\/principal\/wp-content\/uploads\/2016\/08\/12-colegio-nacional.jpg 448w, https:\/\/www.hoymercedes.com.ar\/principal\/wp-content\/uploads\/2016\/08\/12-colegio-nacional-150x100.jpg 150w, https:\/\/www.hoymercedes.com.ar\/principal\/wp-content\/uploads\/2016\/08\/12-colegio-nacional-300x200.jpg 300w\" sizes=\"auto, (max-width: 448px) 100vw, 448px\" \/><\/p>\n<p>Desde entonces han tenido una actividad permanente con innumerables actuaciones en Argentina y en el extranjero. Sus conciertos, de variado repertorio, abarcan los diferentes per\u00edodos musicales, desde los cl\u00e1sicos hasta Piazzolla, incluyendo Mozart, Beethoven, Mendelssohn, Arensky, Schumann, Schubert, Brahms, Grieg, Dvorak, Shostakovich, Bloch, entre muchos otros compositores.<\/p>\n<p>De acuerdo a la informaci\u00f3n otorgada, el tr\u00edo realizar\u00e1 interpretaci\u00f3nes de Mozart, as\u00ed como de Astor Piazzolla y Antonin Dvorak<\/p>\n<p>&nbsp;<\/p>\n","protected":false},"excerpt":{"rendered":"<p>Desde el Centro de Egresados del Colegio Nacional FLorentino Ameghino informaron que un nuevo concierto se dar\u00e1 el s\u00e1bado 20 &#8230; <a title=\"Tr\u00edo Cl\u00e1sico de Buenos Aires en el Colegio Nacional\" class=\"read-more\" href=\"https:\/\/www.hoymercedes.com.ar\/principal\/2016\/08\/13\/trio-clasico-de-buenos-aires-en-el-colegio-nacional\/\" aria-label=\"Leer m\u00e1s sobre Tr\u00edo Cl\u00e1sico de Buenos Aires en el Colegio Nacional\">Leer m\u00e1s<\/a><\/p>\n","protected":false},"author":1,"featured_media":53406,"comment_status":"open","ping_status":"open","sticky":false,"template":"","format":"standard","meta":{"_monsterinsights_skip_tracking":false,"_monsterinsights_sitenote_active":false,"_monsterinsights_sitenote_note":"","_monsterinsights_sitenote_category":0,"jetpack_post_was_ever_published":false,"_jetpack_newsletter_access":"","_jetpack_dont_email_post_to_subs":false,"_jetpack_newsletter_tier_id":0,"_jetpack_memberships_contains_paywalled_content":false,"_jetpack_memberships_contains_paid_content":false,"footnotes":"","jetpack_publicize_message":"","jetpack_publicize_feature_enabled":true,"jetpack_social_post_already_shared":true,"jetpack_social_options":{"image_generator_settings":{"template":"highway","default_image_id":0,"font":"","enabled":false},"version":2},"_wpas_customize_per_network":false},"categories":[104],"tags":[9879,465,7805,8613,9878],"class_list":["post-53399","post","type-post","status-publish","format-standard","has-post-thumbnail","hentry","category-cultura","tag-ciclo-pro-arte","tag-colegio-nacional","tag-cultura","tag-egresados-del-colegio-nacional","tag-trio-clasico-de-buenos-aires","generate-columns","tablet-grid-50","mobile-grid-100","grid-parent","grid-50"],"jetpack_publicize_connections":[],"jetpack_featured_media_url":"https:\/\/www.hoymercedes.com.ar\/principal\/wp-content\/uploads\/2016\/08\/12-colegio-nacional.jpg","wps_subtitle":"Ciclo Pro Arte","jetpack_sharing_enabled":true,"_links":{"self":[{"href":"https:\/\/www.hoymercedes.com.ar\/principal\/wp-json\/wp\/v2\/posts\/53399","targetHints":{"allow":["GET"]}}],"collection":[{"href":"https:\/\/www.hoymercedes.com.ar\/principal\/wp-json\/wp\/v2\/posts"}],"about":[{"href":"https:\/\/www.hoymercedes.com.ar\/principal\/wp-json\/wp\/v2\/types\/post"}],"author":[{"embeddable":true,"href":"https:\/\/www.hoymercedes.com.ar\/principal\/wp-json\/wp\/v2\/users\/1"}],"replies":[{"embeddable":true,"href":"https:\/\/www.hoymercedes.com.ar\/principal\/wp-json\/wp\/v2\/comments?post=53399"}],"version-history":[{"count":0,"href":"https:\/\/www.hoymercedes.com.ar\/principal\/wp-json\/wp\/v2\/posts\/53399\/revisions"}],"wp:featuredmedia":[{"embeddable":true,"href":"https:\/\/www.hoymercedes.com.ar\/principal\/wp-json\/wp\/v2\/media\/53406"}],"wp:attachment":[{"href":"https:\/\/www.hoymercedes.com.ar\/principal\/wp-json\/wp\/v2\/media?parent=53399"}],"wp:term":[{"taxonomy":"category","embeddable":true,"href":"https:\/\/www.hoymercedes.com.ar\/principal\/wp-json\/wp\/v2\/categories?post=53399"},{"taxonomy":"post_tag","embeddable":true,"href":"https:\/\/www.hoymercedes.com.ar\/principal\/wp-json\/wp\/v2\/tags?post=53399"}],"curies":[{"name":"wp","href":"https:\/\/api.w.org\/{rel}","templated":true}]}}