{"id":53431,"date":"2016-08-12T18:51:13","date_gmt":"2016-08-12T21:51:13","guid":{"rendered":"http:\/\/www.hoymercedes.com.ar\/principal\/?p=53431"},"modified":"2016-08-12T18:02:22","modified_gmt":"2016-08-12T21:02:22","slug":"el-concejo-invita-personalmente-a-las-escuelas-a-participar","status":"publish","type":"post","link":"https:\/\/www.hoymercedes.com.ar\/principal\/2016\/08\/12\/el-concejo-invita-personalmente-a-las-escuelas-a-participar\/","title":{"rendered":"El Concejo invita personalmente a las escuelas a participar"},"content":{"rendered":"<p>En el marco del cumplimiento de la propuesta elaborada y aprobada por los concejales denominada \u00ab<a href=\"https:\/\/www.hoymercedes.com.ar\/principal\/2016\/07\/13\/aprueban-que-propuesta-de-escuelas-en-el-concejo\/\" target=\"_blank\">La Escuela va al Concejo<\/a>\u00ab, este viernes cuatro concejales, referentes de todos los bloques legislativos, se hicieron presentes en el Colegio Parroquial para presentar e invitar personalmente el proyecto del concejal Jos\u00e9 Cestari.<\/p>\n<p>Cestari (AVM), A\u00ecda \u00abPety\u00bb Laporta (Frente Cambiemos); Carlos Milhome (Frente Renovador) y Celeste Burone (Frente Mercedino para la Victoria) \u00a0se hicieron presentes en\u00a0el Colegio Parroquial. Los cuatro conforman la\u00a0Comisi\u00f3n de Concejales que se ocupe de promoci\u00f2nar la idea, recibir y organizar a los j\u00f3venes en el recinto.<\/p>\n<p>\u00abCon gran predisposici\u00f3n directivos y docentes, los alumnos concurrieron a la charla que, en forma amena e interactuada que se ofreci\u00f3 desde el Concejo Deliberante a la hora de presentar el proyecto, describiendo las funciones de los concejales,la necesidad de profundizar en el cuidado del Medio Ambiente, la responsabilidad compartida en la comunidad respecto de peque\u00f1as acciones cotidianas y la esperanzadora mirada juvenil a cerca del tiempo que viene y sus propuestas alentadoras\u00bb, contaron los concejales.<\/p>\n<p>\u00abLos j\u00f3venes se expresaron, preguntaron, contaron sus vivencias respecto del cuidado del medio ambiente y se acord\u00f3 en forma conjunta,\u00a0el trabajo en equipo y un encuentro pr\u00f3ximo en mira a los avances y la presentaci\u00f3n en el Concejo Deliberante de sus ideas para Mercedes\u00bb, agregaron.<\/p>\n<p>La semana pr\u00f3xima se visitar\u00e1n nuevos establecimientos educativos. Adem\u00e1s, realizar\u00e1n un encuentro general en noviembre de este a\u00f1o.<\/p>\n<p>Fuente: Concejales de Mercedes<\/p>\n<p>&nbsp;<\/p>\n","protected":false},"excerpt":{"rendered":"<p>En el marco del cumplimiento de la propuesta elaborada y aprobada por los concejales denominada \u00abLa Escuela va al Concejo\u00ab, &#8230; <a title=\"El Concejo invita personalmente a las escuelas a participar\" class=\"read-more\" href=\"https:\/\/www.hoymercedes.com.ar\/principal\/2016\/08\/12\/el-concejo-invita-personalmente-a-las-escuelas-a-participar\/\" aria-label=\"Leer m\u00e1s sobre El Concejo invita personalmente a las escuelas a participar\">Leer m\u00e1s<\/a><\/p>\n","protected":false},"author":1,"featured_media":53432,"comment_status":"open","ping_status":"open","sticky":false,"template":"","format":"standard","meta":{"_monsterinsights_skip_tracking":false,"_monsterinsights_sitenote_active":false,"_monsterinsights_sitenote_note":"","_monsterinsights_sitenote_category":0,"jetpack_post_was_ever_published":false,"_jetpack_newsletter_access":"","_jetpack_dont_email_post_to_subs":false,"_jetpack_newsletter_tier_id":0,"_jetpack_memberships_contains_paywalled_content":false,"_jetpack_memberships_contains_paid_content":false,"footnotes":"","jetpack_publicize_message":"","jetpack_publicize_feature_enabled":true,"jetpack_social_post_already_shared":true,"jetpack_social_options":{"image_generator_settings":{"template":"highway","default_image_id":0,"font":"","enabled":false},"version":2},"_wpas_customize_per_network":false},"categories":[5485],"tags":[9769,989,43],"class_list":["post-53431","post","type-post","status-publish","format-standard","has-post-thumbnail","hentry","category-comunidad","tag-concejo","tag-escuelas","tag-medio-ambiente","generate-columns","tablet-grid-50","mobile-grid-100","grid-parent","grid-50"],"jetpack_publicize_connections":[],"jetpack_featured_media_url":"https:\/\/www.hoymercedes.com.ar\/principal\/wp-content\/uploads\/2016\/08\/12-Concejo-Esculeas.jpg","wps_subtitle":"\"La Escuela va al Concejo\"","jetpack_sharing_enabled":true,"_links":{"self":[{"href":"https:\/\/www.hoymercedes.com.ar\/principal\/wp-json\/wp\/v2\/posts\/53431","targetHints":{"allow":["GET"]}}],"collection":[{"href":"https:\/\/www.hoymercedes.com.ar\/principal\/wp-json\/wp\/v2\/posts"}],"about":[{"href":"https:\/\/www.hoymercedes.com.ar\/principal\/wp-json\/wp\/v2\/types\/post"}],"author":[{"embeddable":true,"href":"https:\/\/www.hoymercedes.com.ar\/principal\/wp-json\/wp\/v2\/users\/1"}],"replies":[{"embeddable":true,"href":"https:\/\/www.hoymercedes.com.ar\/principal\/wp-json\/wp\/v2\/comments?post=53431"}],"version-history":[{"count":0,"href":"https:\/\/www.hoymercedes.com.ar\/principal\/wp-json\/wp\/v2\/posts\/53431\/revisions"}],"wp:featuredmedia":[{"embeddable":true,"href":"https:\/\/www.hoymercedes.com.ar\/principal\/wp-json\/wp\/v2\/media\/53432"}],"wp:attachment":[{"href":"https:\/\/www.hoymercedes.com.ar\/principal\/wp-json\/wp\/v2\/media?parent=53431"}],"wp:term":[{"taxonomy":"category","embeddable":true,"href":"https:\/\/www.hoymercedes.com.ar\/principal\/wp-json\/wp\/v2\/categories?post=53431"},{"taxonomy":"post_tag","embeddable":true,"href":"https:\/\/www.hoymercedes.com.ar\/principal\/wp-json\/wp\/v2\/tags?post=53431"}],"curies":[{"name":"wp","href":"https:\/\/api.w.org\/{rel}","templated":true}]}}