{"id":53453,"date":"2016-08-13T17:50:14","date_gmt":"2016-08-13T20:50:14","guid":{"rendered":"http:\/\/www.hoymercedes.com.ar\/principal\/?p=53453"},"modified":"2016-08-13T17:50:14","modified_gmt":"2016-08-13T20:50:14","slug":"la-comision-municipal-por-la-memoria-se-manifiesta-preocupada-por-la-actualidad-de-los-ddhh","status":"publish","type":"post","link":"https:\/\/www.hoymercedes.com.ar\/principal\/2016\/08\/13\/la-comision-municipal-por-la-memoria-se-manifiesta-preocupada-por-la-actualidad-de-los-ddhh\/","title":{"rendered":"La Comisi\u00f3n Municipal por la Memoria se manifiesta preocupada por la actualidad de los DDHH"},"content":{"rendered":"<p>A d\u00edas de una gran manifestaci\u00f3n en Capital Federal con participaci\u00f3n local por los Derechos Humanos y las 2000 rondas de las Madres de Plaza de Mayo la \u201cComisi\u00f3n Municipal por la Memoria\u201d de Mercedes se manifest\u00f3 contra los dichos del presidente Macri, la expresi\u00f3n \u201cGuerra Sucia\u201d y la b\u00fasqueda de \u201cdesprestigio\u201d a las luchas y reivindicaciones sociales.<\/p>\n<p>D\u00edas atr\u00e1s se conoci\u00f3 una entrevista a Mauricio Macri en la cual puso nuevamente en duda la cantidad de detenidos, desaparecidos y asesinados por la \u00faltima Dictadura C\u00edvico Miliar, habl\u00f3 de Guerra Sucia y despert\u00f3, seg\u00fan los organismos de Derechos Humanos, nuevamente la Teor\u00eda de los dos Demonios, entre otras cuestiones. Ante ello, la Comisi\u00f3n Municipal por la Memoria que regulariz\u00f3 su funcionamiento pleno hace cerca de dos meses se expres\u00f3 al respecto por medio de un comunicado emitido \u00e9ste viernes que afirma:<\/p>\n<p>\u201cAnte las declaraciones del Sr. Presidente de la Naci\u00f3n Ing. Mauricio Macri refiri\u00e9ndose a la cantidad de desaparecidos y a la que denomin\u00f3 como \u201cGuerra Sucia\u201d desde la Comisi\u00f3n Municipal por la Memoria nos vemos en la obligaci\u00f3n de denunciar lo siguiente:<\/p>\n<p>&#8211;\u00a0\u00a0\u00a0\u00a0\u00a0\u00a0\u00a0\u00a0\u00a0 Estas declaraciones se enmarcan en el contexto de una campa\u00f1a destinada a terminar con los avances y logros que en materia de derechos humanos hemos logrado como sociedad.<\/p>\n<p>&#8211;\u00a0\u00a0\u00a0\u00a0\u00a0\u00a0\u00a0\u00a0\u00a0 Como algunos ejemplos de esta campa\u00f1a se\u00f1alamos:<\/p>\n<p>o\u00a0\u00a0 El recorte de fondos para el funcionamiento de organismos de Derechos Humanos.<\/p>\n<p>o\u00a0\u00a0 El otorgamiento del beneficio de la prisi\u00f3n domiciliaria a m\u00e1s de 50 represores condenados por delitos de lesa humanidad (beneficio que no es autom\u00e1tico y depende del criterio del magistrado)<\/p>\n<p>o\u00a0\u00a0 El lento y casi nulo avance en los juicios pendientes por los delitos cometidos durante la Dictadura C\u00edvico Militar.<\/p>\n<p>o\u00a0\u00a0 La ofensiva contra la titular de Madres de Plaza de Mayo Hebe de Bonafini, queriendo hacerla aparecer como corrupta.<\/p>\n<p>Estos hechos y otros muchos m\u00e1s marcan con claridad que el objetivo es volver a instalar la teor\u00eda \u201cDe los dos demonios\u201d y lograr la impunidad de los represores y sus c\u00f3mplices civiles, y aqu\u00ed es de destacar que estos c\u00f3mplices civiles pertenecen a los grupos econ\u00f3micos que apuntalaron a la dictadura y le dieron sustento, y son hoy, junto al Presidente, que pertenece a esos grupos econ\u00f3micos quienes impulsan esta campa\u00f1a por los medios de comunicaci\u00f3n afines y el poder judicial adicto.<\/p>\n<p>Queremos resaltar, para finalizar, que repudiamos \u00e9sta campa\u00f1a y que no vamos a permitir el retroceso de las conquistas en materia de DDHH que nos permitieron el reconocimiento mundial en la construcci\u00f3n de un sentido claro de justicia\u201d<\/p>\n<p>De esta manera, en Mercedes, uno de los grupos con largo reconocimiento en la lucha, la tarea cotidiana por la defensa de los derechos humanos y la reivindicaci\u00f3n de la Memoria, Verdad y Justicia se manifest\u00f3 sobre un asunto pol\u00e9mico con un claro compromiso y definiciones firmes.<\/p>\n<p>Comunicaci\u00f3n Municipal por la Memoria<\/p>\n","protected":false},"excerpt":{"rendered":"<p>A d\u00edas de una gran manifestaci\u00f3n en Capital Federal con participaci\u00f3n local por los Derechos Humanos y las 2000 rondas &#8230; <a title=\"La Comisi\u00f3n Municipal por la Memoria se manifiesta preocupada por la actualidad de los DDHH\" class=\"read-more\" href=\"https:\/\/www.hoymercedes.com.ar\/principal\/2016\/08\/13\/la-comision-municipal-por-la-memoria-se-manifiesta-preocupada-por-la-actualidad-de-los-ddhh\/\" aria-label=\"Leer m\u00e1s sobre La Comisi\u00f3n Municipal por la Memoria se manifiesta preocupada por la actualidad de los DDHH\">Leer m\u00e1s<\/a><\/p>\n","protected":false},"author":1,"featured_media":47775,"comment_status":"open","ping_status":"open","sticky":false,"template":"","format":"standard","meta":{"_monsterinsights_skip_tracking":false,"_monsterinsights_sitenote_active":false,"_monsterinsights_sitenote_note":"","_monsterinsights_sitenote_category":0,"jetpack_post_was_ever_published":false,"_jetpack_newsletter_access":"","_jetpack_dont_email_post_to_subs":false,"_jetpack_newsletter_tier_id":0,"_jetpack_memberships_contains_paywalled_content":false,"_jetpack_memberships_contains_paid_content":false,"footnotes":"","jetpack_publicize_message":"","jetpack_publicize_feature_enabled":true,"jetpack_social_post_already_shared":true,"jetpack_social_options":{"image_generator_settings":{"template":"highway","default_image_id":0,"font":"","enabled":false},"version":2},"_wpas_customize_per_network":false},"categories":[8],"tags":[9884,9885],"class_list":["post-53453","post","type-post","status-publish","format-standard","has-post-thumbnail","hentry","category-sociedad","tag-comision-municipal-por-la-memoria","tag-comunicacio","generate-columns","tablet-grid-50","mobile-grid-100","grid-parent","grid-50"],"jetpack_publicize_connections":[],"jetpack_featured_media_url":"https:\/\/www.hoymercedes.com.ar\/principal\/wp-content\/uploads\/2016\/03\/mes-memoria.jpg","wps_subtitle":"Comunicaci\u00f3n","jetpack_sharing_enabled":true,"_links":{"self":[{"href":"https:\/\/www.hoymercedes.com.ar\/principal\/wp-json\/wp\/v2\/posts\/53453","targetHints":{"allow":["GET"]}}],"collection":[{"href":"https:\/\/www.hoymercedes.com.ar\/principal\/wp-json\/wp\/v2\/posts"}],"about":[{"href":"https:\/\/www.hoymercedes.com.ar\/principal\/wp-json\/wp\/v2\/types\/post"}],"author":[{"embeddable":true,"href":"https:\/\/www.hoymercedes.com.ar\/principal\/wp-json\/wp\/v2\/users\/1"}],"replies":[{"embeddable":true,"href":"https:\/\/www.hoymercedes.com.ar\/principal\/wp-json\/wp\/v2\/comments?post=53453"}],"version-history":[{"count":0,"href":"https:\/\/www.hoymercedes.com.ar\/principal\/wp-json\/wp\/v2\/posts\/53453\/revisions"}],"wp:featuredmedia":[{"embeddable":true,"href":"https:\/\/www.hoymercedes.com.ar\/principal\/wp-json\/wp\/v2\/media\/47775"}],"wp:attachment":[{"href":"https:\/\/www.hoymercedes.com.ar\/principal\/wp-json\/wp\/v2\/media?parent=53453"}],"wp:term":[{"taxonomy":"category","embeddable":true,"href":"https:\/\/www.hoymercedes.com.ar\/principal\/wp-json\/wp\/v2\/categories?post=53453"},{"taxonomy":"post_tag","embeddable":true,"href":"https:\/\/www.hoymercedes.com.ar\/principal\/wp-json\/wp\/v2\/tags?post=53453"}],"curies":[{"name":"wp","href":"https:\/\/api.w.org\/{rel}","templated":true}]}}