{"id":53535,"date":"2016-08-15T19:30:46","date_gmt":"2016-08-15T22:30:46","guid":{"rendered":"http:\/\/www.hoymercedes.com.ar\/principal\/?p=53535"},"modified":"2016-08-15T19:30:46","modified_gmt":"2016-08-15T22:30:46","slug":"pollada-solidaria-2","status":"publish","type":"post","link":"https:\/\/www.hoymercedes.com.ar\/principal\/2016\/08\/15\/pollada-solidaria-2\/","title":{"rendered":"Pollada solidaria"},"content":{"rendered":"<p>Desde las redes sociales, invitan a colaborar con Briana Layana. Es por eso que se organiza una pollada solidaria para el d\u00eda 21 de agosto. Los pollos a 150 pesos, se podr\u00e1n encargar al tel\u00e9fono 15544775 (Griselda) y retirar dicho d\u00eda en calle 18 entre 103 y 105 de 12 a 14:30 horas.<\/p>\n<p>Briana tiene s\u00f3lo 8 meses, vive en la calle 16 y 71 de nuestra ciudad y sufre una enfermedad llamada \u201cagenesia del cuerpo calloso\u201d. No tiene obra social y necesita hacerse estudios en su \u201ccabecita y son muy caros pero se deben hacer de forma urgente para poder operarla\u201d.<\/p>\n<p>\u201cSer\u00eda importante que con anterioridad compraran el vale comunic\u00e1ndose al tel\u00e9fono 15544775 (Griselda) para as\u00ed poder calcular la cantidad a cocinar. El vale cuesta $150. Un pollo con ensalada\u201d, destacan.<\/p>\n<p>Asimismo, invitan a quienes puedan acercarse y \u00a0colaborar directamente con su familia.<\/p>\n","protected":false},"excerpt":{"rendered":"<p>Desde las redes sociales, invitan a colaborar con Briana Layana. Es por eso que se organiza una pollada solidaria para &#8230; <a title=\"Pollada solidaria\" class=\"read-more\" href=\"https:\/\/www.hoymercedes.com.ar\/principal\/2016\/08\/15\/pollada-solidaria-2\/\" aria-label=\"Leer m\u00e1s sobre Pollada solidaria\">Leer m\u00e1s<\/a><\/p>\n","protected":false},"author":1,"featured_media":0,"comment_status":"open","ping_status":"open","sticky":false,"template":"","format":"standard","meta":{"_monsterinsights_skip_tracking":false,"_monsterinsights_sitenote_active":false,"_monsterinsights_sitenote_note":"","_monsterinsights_sitenote_category":0,"jetpack_post_was_ever_published":false,"_jetpack_newsletter_access":"","_jetpack_dont_email_post_to_subs":false,"_jetpack_newsletter_tier_id":0,"_jetpack_memberships_contains_paywalled_content":false,"_jetpack_memberships_contains_paid_content":false,"footnotes":"","jetpack_publicize_message":"","jetpack_publicize_feature_enabled":true,"jetpack_social_post_already_shared":true,"jetpack_social_options":{"image_generator_settings":{"template":"highway","default_image_id":0,"font":"","enabled":false},"version":2},"_wpas_customize_per_network":false},"categories":[11],"tags":[1734,9892,3361],"class_list":["post-53535","post","type-post","status-publish","format-standard","hentry","category-ciudad","tag-ciudad-2","tag-pollada","tag-solidaridad","generate-columns","tablet-grid-50","mobile-grid-100","grid-parent","grid-50"],"jetpack_publicize_connections":[],"jetpack_featured_media_url":"","wps_subtitle":"","jetpack_sharing_enabled":true,"_links":{"self":[{"href":"https:\/\/www.hoymercedes.com.ar\/principal\/wp-json\/wp\/v2\/posts\/53535","targetHints":{"allow":["GET"]}}],"collection":[{"href":"https:\/\/www.hoymercedes.com.ar\/principal\/wp-json\/wp\/v2\/posts"}],"about":[{"href":"https:\/\/www.hoymercedes.com.ar\/principal\/wp-json\/wp\/v2\/types\/post"}],"author":[{"embeddable":true,"href":"https:\/\/www.hoymercedes.com.ar\/principal\/wp-json\/wp\/v2\/users\/1"}],"replies":[{"embeddable":true,"href":"https:\/\/www.hoymercedes.com.ar\/principal\/wp-json\/wp\/v2\/comments?post=53535"}],"version-history":[{"count":0,"href":"https:\/\/www.hoymercedes.com.ar\/principal\/wp-json\/wp\/v2\/posts\/53535\/revisions"}],"wp:attachment":[{"href":"https:\/\/www.hoymercedes.com.ar\/principal\/wp-json\/wp\/v2\/media?parent=53535"}],"wp:term":[{"taxonomy":"category","embeddable":true,"href":"https:\/\/www.hoymercedes.com.ar\/principal\/wp-json\/wp\/v2\/categories?post=53535"},{"taxonomy":"post_tag","embeddable":true,"href":"https:\/\/www.hoymercedes.com.ar\/principal\/wp-json\/wp\/v2\/tags?post=53535"}],"curies":[{"name":"wp","href":"https:\/\/api.w.org\/{rel}","templated":true}]}}