{"id":5356,"date":"2011-07-04T00:48:52","date_gmt":"2011-07-04T00:48:52","guid":{"rendered":"http:\/\/www.hoymercedes.com.ar\/principal\/?p=5356"},"modified":"2011-07-04T01:38:09","modified_gmt":"2011-07-04T01:38:09","slug":"clausuraron-locales-nocturnos","status":"publish","type":"post","link":"https:\/\/www.hoymercedes.com.ar\/principal\/2011\/07\/04\/clausuraron-locales-nocturnos\/","title":{"rendered":"Clausuraron locales nocturnos"},"content":{"rendered":"<p>Efectivos de la DDI de Genral Rodr\u00edguez junto a personal de Policia Cient\u00edfica, de Policia Antisiniestros,\u00a0 integrantes \u00a0de la Departamental Mercedes con el aporte de Inspectores de los Ministerios de Econom\u00eda y de la Preoducci\u00f3n de la provincia concretaron controles en locales nocturnos de nuestra ciudad solicitando los certificados obligatorios que deben tener para poder expender bebidas alcoh\u00f3licas.<\/p>\n<p>Los operativos tambi\u00e9n contaron con la participaci\u00f3n del Director de Seguridad del Municipio, Esteban Rossi quien confirm\u00f3 la clausura preventiva de tres de los locales controlados en principio debido a faltas\u00a0 diversas\u00a0 que fueron comprobadas\u00a0 por lo inspectores como el caso de un local c\u00e9ntrico donde en principio se constat\u00f3 la falta de las c\u00e1maras de videos que son obligatorias tener en el interior del local como asi tambien en la parte exterior para controlar la entrada y salida de personas al lugar.<\/p>\n<p>Otro de los locales clasurados ser\u00eda un PUB que hace un tempo tambi\u00e9n se orden\u00f3 su cierre por no contar con la habilitaci\u00f3n correspondiente extendida por la autoridad de control del municipio y que reabri\u00f3 sus puertas sin cumplementar dicha exigencia.<\/p>\n<p>Oficialmente no dieron a conocer los detalles acerca de las posibles actas labradas como as\u00f1i\u00ed tampoco por que tiempo es la clausura efectuada en los locales nocturnos en los que se habr\u00edan encontrado anomal\u00edas.<\/p>\n","protected":false},"excerpt":{"rendered":"<p>Efectivos de la DDI de Genral Rodr\u00edguez junto a personal de Policia Cient\u00edfica, de Policia Antisiniestros,\u00a0 integrantes \u00a0de la Departamental &#8230; <a title=\"Clausuraron locales nocturnos\" class=\"read-more\" href=\"https:\/\/www.hoymercedes.com.ar\/principal\/2011\/07\/04\/clausuraron-locales-nocturnos\/\" aria-label=\"Leer m\u00e1s sobre Clausuraron locales nocturnos\">Leer m\u00e1s<\/a><\/p>\n","protected":false},"author":1,"featured_media":0,"comment_status":"open","ping_status":"open","sticky":false,"template":"","format":"standard","meta":{"_monsterinsights_skip_tracking":false,"_monsterinsights_sitenote_active":false,"_monsterinsights_sitenote_note":"","_monsterinsights_sitenote_category":0,"jetpack_post_was_ever_published":false,"_jetpack_newsletter_access":"","_jetpack_dont_email_post_to_subs":false,"_jetpack_newsletter_tier_id":0,"_jetpack_memberships_contains_paywalled_content":false,"_jetpack_memberships_contains_paid_content":false,"footnotes":"","jetpack_publicize_message":"","jetpack_publicize_feature_enabled":true,"jetpack_social_post_already_shared":false,"jetpack_social_options":{"image_generator_settings":{"template":"highway","default_image_id":0,"font":"","enabled":false},"version":2},"_wpas_customize_per_network":false},"categories":[85],"tags":[979,980],"class_list":["post-5356","post","type-post","status-publish","format-standard","hentry","category-policial","tag-le-front","tag-locales-nocturnos-mercedes","generate-columns","tablet-grid-50","mobile-grid-100","grid-parent","grid-50"],"jetpack_publicize_connections":[],"jetpack_featured_media_url":"","wps_subtitle":"","jetpack_sharing_enabled":true,"_links":{"self":[{"href":"https:\/\/www.hoymercedes.com.ar\/principal\/wp-json\/wp\/v2\/posts\/5356","targetHints":{"allow":["GET"]}}],"collection":[{"href":"https:\/\/www.hoymercedes.com.ar\/principal\/wp-json\/wp\/v2\/posts"}],"about":[{"href":"https:\/\/www.hoymercedes.com.ar\/principal\/wp-json\/wp\/v2\/types\/post"}],"author":[{"embeddable":true,"href":"https:\/\/www.hoymercedes.com.ar\/principal\/wp-json\/wp\/v2\/users\/1"}],"replies":[{"embeddable":true,"href":"https:\/\/www.hoymercedes.com.ar\/principal\/wp-json\/wp\/v2\/comments?post=5356"}],"version-history":[{"count":0,"href":"https:\/\/www.hoymercedes.com.ar\/principal\/wp-json\/wp\/v2\/posts\/5356\/revisions"}],"wp:attachment":[{"href":"https:\/\/www.hoymercedes.com.ar\/principal\/wp-json\/wp\/v2\/media?parent=5356"}],"wp:term":[{"taxonomy":"category","embeddable":true,"href":"https:\/\/www.hoymercedes.com.ar\/principal\/wp-json\/wp\/v2\/categories?post=5356"},{"taxonomy":"post_tag","embeddable":true,"href":"https:\/\/www.hoymercedes.com.ar\/principal\/wp-json\/wp\/v2\/tags?post=5356"}],"curies":[{"name":"wp","href":"https:\/\/api.w.org\/{rel}","templated":true}]}}