{"id":53595,"date":"2016-08-17T19:04:49","date_gmt":"2016-08-17T22:04:49","guid":{"rendered":"http:\/\/www.hoymercedes.com.ar\/principal\/?p=53595"},"modified":"2016-08-17T16:02:46","modified_gmt":"2016-08-17T19:02:46","slug":"53595","status":"publish","type":"post","link":"https:\/\/www.hoymercedes.com.ar\/principal\/2016\/08\/17\/53595\/","title":{"rendered":"Gol de Nicol\u00e1s Dematei en un amistoso"},"content":{"rendered":"<p><strong>eldiariodemadryn.com <em>Guillermo Brown igual\u00f3 en su primer juego amistoso en Bah\u00eda Blanca, por 1 \u2013 1 ante Villa Mitre. El gol lo hizo Nicol\u00e1s Dematei<\/em><\/strong><strong><em>.<\/em><\/strong><\/p>\n<p><img loading=\"lazy\" decoding=\"async\" data-attachment-id=\"53596\" data-permalink=\"https:\/\/www.hoymercedes.com.ar\/principal\/2016\/08\/17\/53595\/nicolas-dematei-guillermo-brown-2\/#main\" data-orig-file=\"https:\/\/www.hoymercedes.com.ar\/principal\/wp-content\/uploads\/2016\/08\/Nicolas-Dematei-Guillermo-Brown.jpg\" data-orig-size=\"960,638\" data-comments-opened=\"1\" data-image-meta=\"{&quot;aperture&quot;:&quot;0&quot;,&quot;credit&quot;:&quot;&quot;,&quot;camera&quot;:&quot;&quot;,&quot;caption&quot;:&quot;&quot;,&quot;created_timestamp&quot;:&quot;0&quot;,&quot;copyright&quot;:&quot;&quot;,&quot;focal_length&quot;:&quot;0&quot;,&quot;iso&quot;:&quot;0&quot;,&quot;shutter_speed&quot;:&quot;0&quot;,&quot;title&quot;:&quot;&quot;,&quot;orientation&quot;:&quot;0&quot;}\" data-image-title=\"Nicolas Dematei Guillermo Brown\" data-image-description=\"\" data-image-caption=\"\" data-large-file=\"https:\/\/www.hoymercedes.com.ar\/principal\/wp-content\/uploads\/2016\/08\/Nicolas-Dematei-Guillermo-Brown.jpg\" class=\"aligncenter size-full wp-image-53596\" src=\"https:\/\/www.hoymercedes.com.ar\/principal\/wp-content\/uploads\/2016\/08\/Nicolas-Dematei-Guillermo-Brown.jpg\" alt=\"Nicolas Dematei Guillermo Brown\" width=\"960\" height=\"638\" srcset=\"https:\/\/www.hoymercedes.com.ar\/principal\/wp-content\/uploads\/2016\/08\/Nicolas-Dematei-Guillermo-Brown.jpg 960w, https:\/\/www.hoymercedes.com.ar\/principal\/wp-content\/uploads\/2016\/08\/Nicolas-Dematei-Guillermo-Brown-150x100.jpg 150w, https:\/\/www.hoymercedes.com.ar\/principal\/wp-content\/uploads\/2016\/08\/Nicolas-Dematei-Guillermo-Brown-630x419.jpg 630w, https:\/\/www.hoymercedes.com.ar\/principal\/wp-content\/uploads\/2016\/08\/Nicolas-Dematei-Guillermo-Brown-300x200.jpg 300w\" sizes=\"auto, (max-width: 960px) 100vw, 960px\" \/><br \/>\n<strong><br \/>\nSaldo positivo en la visita al \u201cFort\u00edn\u201d <\/strong><br \/>\nUna muy buena performance cumpli\u00f3 Guillermo Brown en su primera presentaci\u00f3n en Bah\u00eda Blanca, al medirse el mi\u00e9rcoles por la noche ante Villa Mitre y en el Estadio \u201cEl Fort\u00edn\u201d.<br \/>\nEn el choque protagonizado por los conjuntos alternativos, hubo victoria de los brownianos, que por 1-0 se impusieron ante sus pares del \u201ctricolor\u201d, comandados por Sergio Priseajniuc. El gol de los portuarios fue anotado por Rom\u00e1n Strada.<br \/>\nEn el cotejo protagonizado por los equipos titulares, tambi\u00e9n fue bueno lo desarrollado por los dirigidos por Gabriel G\u00f3mez, que igualaron 1 \u2013 1 ante los bahienses que se alistan para su preparaci\u00f3n en el Torneo Federal A.<br \/>\nNicol\u00e1s Dematei puso en ventaja a \u201cLa Banda\u201d, pero sobre el final, a los 41`del segundo tiempo, fue igualdad para los locales a trav\u00e9s del tanto anotado por Juan Pablo Zarate.<\/p>\n<p><strong>Los nombres <\/strong><br \/>\nEn el conjunto alternativo, Gabriel G\u00f3mez decidi\u00f3 alinear a los jugadores Emanuel Bilbao en el arco; la defensa compuesta por Maximiliano Pereiro, Lucas Orozco, Cristian Sain y Jonathan Morales; en el medio se ubicaron Juan Ceballos, Sebasti\u00e1n Aciar, Lucas Arguello, Rom\u00e1n Strada; en tanto que los delanteros fueron Mat\u00edas Galvaliz y Jonathan Baumann.<br \/>\nEn lo que respecta a la formaci\u00f3n titular, \u201cla Banda\u201d dispuso a Andr\u00e9s Mehring en el arco; Franco Flores, Leandro Caballero, Tob\u00edas Albarrac\u00edn y Nicol\u00e1s Dematei; como volantes se posicionaron Marcos P\u00e9rez, Sergio S\u00e1nchez, Claudio Mosca; Santiago Giordana, Tob\u00edas Figueroa y Leonel Torres como atacantes.<\/p>\n","protected":false},"excerpt":{"rendered":"<p>eldiariodemadryn.com Guillermo Brown igual\u00f3 en su primer juego amistoso en Bah\u00eda Blanca, por 1 \u2013 1 ante Villa Mitre. El &#8230; <a title=\"Gol de Nicol\u00e1s Dematei en un amistoso\" class=\"read-more\" href=\"https:\/\/www.hoymercedes.com.ar\/principal\/2016\/08\/17\/53595\/\" aria-label=\"Leer m\u00e1s sobre Gol de Nicol\u00e1s Dematei en un amistoso\">Leer m\u00e1s<\/a><\/p>\n","protected":false},"author":1,"featured_media":53596,"comment_status":"open","ping_status":"open","sticky":false,"template":"","format":"standard","meta":{"_monsterinsights_skip_tracking":false,"_monsterinsights_sitenote_active":false,"_monsterinsights_sitenote_note":"","_monsterinsights_sitenote_category":0,"jetpack_post_was_ever_published":false,"_jetpack_newsletter_access":"","_jetpack_dont_email_post_to_subs":false,"_jetpack_newsletter_tier_id":0,"_jetpack_memberships_contains_paywalled_content":false,"_jetpack_memberships_contains_paid_content":false,"footnotes":"","jetpack_publicize_message":"","jetpack_publicize_feature_enabled":true,"jetpack_social_post_already_shared":true,"jetpack_social_options":{"image_generator_settings":{"template":"highway","default_image_id":0,"font":"","enabled":false},"version":2},"_wpas_customize_per_network":false},"categories":[21],"tags":[9900,3528],"class_list":["post-53595","post","type-post","status-publish","format-standard","has-post-thumbnail","hentry","category-deportes","tag-guillermo-brown","tag-nicolas-dematei","generate-columns","tablet-grid-50","mobile-grid-100","grid-parent","grid-50"],"jetpack_publicize_connections":[],"jetpack_featured_media_url":"https:\/\/www.hoymercedes.com.ar\/principal\/wp-content\/uploads\/2016\/08\/Nicolas-Dematei-Guillermo-Brown.jpg","wps_subtitle":"Guillermo Brown 1 \u2013 Villa Mitre 1","jetpack_sharing_enabled":true,"_links":{"self":[{"href":"https:\/\/www.hoymercedes.com.ar\/principal\/wp-json\/wp\/v2\/posts\/53595","targetHints":{"allow":["GET"]}}],"collection":[{"href":"https:\/\/www.hoymercedes.com.ar\/principal\/wp-json\/wp\/v2\/posts"}],"about":[{"href":"https:\/\/www.hoymercedes.com.ar\/principal\/wp-json\/wp\/v2\/types\/post"}],"author":[{"embeddable":true,"href":"https:\/\/www.hoymercedes.com.ar\/principal\/wp-json\/wp\/v2\/users\/1"}],"replies":[{"embeddable":true,"href":"https:\/\/www.hoymercedes.com.ar\/principal\/wp-json\/wp\/v2\/comments?post=53595"}],"version-history":[{"count":0,"href":"https:\/\/www.hoymercedes.com.ar\/principal\/wp-json\/wp\/v2\/posts\/53595\/revisions"}],"wp:featuredmedia":[{"embeddable":true,"href":"https:\/\/www.hoymercedes.com.ar\/principal\/wp-json\/wp\/v2\/media\/53596"}],"wp:attachment":[{"href":"https:\/\/www.hoymercedes.com.ar\/principal\/wp-json\/wp\/v2\/media?parent=53595"}],"wp:term":[{"taxonomy":"category","embeddable":true,"href":"https:\/\/www.hoymercedes.com.ar\/principal\/wp-json\/wp\/v2\/categories?post=53595"},{"taxonomy":"post_tag","embeddable":true,"href":"https:\/\/www.hoymercedes.com.ar\/principal\/wp-json\/wp\/v2\/tags?post=53595"}],"curies":[{"name":"wp","href":"https:\/\/api.w.org\/{rel}","templated":true}]}}