{"id":53612,"date":"2016-08-17T09:31:09","date_gmt":"2016-08-17T12:31:09","guid":{"rendered":"http:\/\/www.hoymercedes.com.ar\/principal\/?p=53612"},"modified":"2016-08-17T09:31:09","modified_gmt":"2016-08-17T12:31:09","slug":"43-anos-cumple-el-museo-historico-victor-miguez","status":"publish","type":"post","link":"https:\/\/www.hoymercedes.com.ar\/principal\/2016\/08\/17\/43-anos-cumple-el-museo-historico-victor-miguez\/","title":{"rendered":"43 a\u00f1os cumple el Museo Hist\u00f3rico V\u00edctor Miguez"},"content":{"rendered":"<p>Hoy el Museo Miguez cumple 43 a\u00f1os de su inauguraci\u00f3n, en esta fecha se recuerda a Sof\u00eda M\u00edguez, donante de la casa, quien con gran generosidad leg\u00f3 este espacio para que se constituyera en Museo Hist\u00f3rico de la ciudad conservando la memoria de su padre Dr. V\u00edctor E. M\u00edguez.<\/p>\n<p>Desde el Museo env\u00edan la transcripci\u00f3n de\u00a0un fragmento de texto publicado por el diario \u00abEl Oeste\u00bb el 19 de agosto de 1972, d\u00eda de la muerte de Sof\u00eda. \u201c\u2026. A la muerte de sus padres se consagr\u00f3 al culto de sus recuerdos. Mantuvo la tradicional casona tal como estaba durante su juventud, sin aceptar un cambio. El consultorio de su progenitor qued\u00f3 como cuando falleci\u00f3, hasta con la p\u00e1gina del calendario inamovible. Todo, desde el ambiente hasta los muebles y las plantas, lo defendi\u00f3 pese al paso de los a\u00f1os, en un porfiado intento de retener los a\u00f1os felices de su juventud hasta su propia vejez, cerrando la puerta a un mundo que cambiaba. Este af\u00e1n, su propia soledad, la vida que ella misma eligi\u00f3, hab\u00edan hecho de su persona y su casa un halo misterioso que los viejos mercedinos respetaban con cari\u00f1osa comprensi\u00f3n\u2026\u201d<\/p>\n<p><img loading=\"lazy\" decoding=\"async\" data-attachment-id=\"53613\" data-permalink=\"https:\/\/www.hoymercedes.com.ar\/principal\/2016\/08\/17\/43-anos-cumple-el-museo-historico-victor-miguez\/17-miguez-aniversario\/#main\" data-orig-file=\"https:\/\/www.hoymercedes.com.ar\/principal\/wp-content\/uploads\/2016\/08\/17-Miguez-aniversario.jpg\" data-orig-size=\"448,336\" data-comments-opened=\"1\" data-image-meta=\"{&quot;aperture&quot;:&quot;0&quot;,&quot;credit&quot;:&quot;&quot;,&quot;camera&quot;:&quot;&quot;,&quot;caption&quot;:&quot;&quot;,&quot;created_timestamp&quot;:&quot;0&quot;,&quot;copyright&quot;:&quot;&quot;,&quot;focal_length&quot;:&quot;0&quot;,&quot;iso&quot;:&quot;0&quot;,&quot;shutter_speed&quot;:&quot;0&quot;,&quot;title&quot;:&quot;&quot;,&quot;orientation&quot;:&quot;0&quot;}\" data-image-title=\"17 Miguez aniversario\" data-image-description=\"\" data-image-caption=\"\" data-large-file=\"https:\/\/www.hoymercedes.com.ar\/principal\/wp-content\/uploads\/2016\/08\/17-Miguez-aniversario.jpg\" class=\"aligncenter size-full wp-image-53613\" src=\"https:\/\/www.hoymercedes.com.ar\/principal\/wp-content\/uploads\/2016\/08\/17-Miguez-aniversario.jpg\" alt=\"17 Miguez aniversario\" width=\"448\" height=\"336\" srcset=\"https:\/\/www.hoymercedes.com.ar\/principal\/wp-content\/uploads\/2016\/08\/17-Miguez-aniversario.jpg 448w, https:\/\/www.hoymercedes.com.ar\/principal\/wp-content\/uploads\/2016\/08\/17-Miguez-aniversario-150x113.jpg 150w\" sizes=\"auto, (max-width: 448px) 100vw, 448px\" \/><\/p>\n","protected":false},"excerpt":{"rendered":"<p>Hoy el Museo Miguez cumple 43 a\u00f1os de su inauguraci\u00f3n, en esta fecha se recuerda a Sof\u00eda M\u00edguez, donante de &#8230; <a title=\"43 a\u00f1os cumple el Museo Hist\u00f3rico V\u00edctor Miguez\" class=\"read-more\" href=\"https:\/\/www.hoymercedes.com.ar\/principal\/2016\/08\/17\/43-anos-cumple-el-museo-historico-victor-miguez\/\" aria-label=\"Leer m\u00e1s sobre 43 a\u00f1os cumple el Museo Hist\u00f3rico V\u00edctor Miguez\">Leer m\u00e1s<\/a><\/p>\n","protected":false},"author":1,"featured_media":53613,"comment_status":"open","ping_status":"open","sticky":false,"template":"","format":"standard","meta":{"_monsterinsights_skip_tracking":false,"_monsterinsights_sitenote_active":false,"_monsterinsights_sitenote_note":"","_monsterinsights_sitenote_category":0,"jetpack_post_was_ever_published":false,"_jetpack_newsletter_access":"","_jetpack_dont_email_post_to_subs":false,"_jetpack_newsletter_tier_id":0,"_jetpack_memberships_contains_paywalled_content":false,"_jetpack_memberships_contains_paid_content":false,"footnotes":"","jetpack_publicize_message":"","jetpack_publicize_feature_enabled":true,"jetpack_social_post_already_shared":true,"jetpack_social_options":{"image_generator_settings":{"template":"highway","default_image_id":0,"font":"","enabled":false},"version":2},"_wpas_customize_per_network":false},"categories":[104],"tags":[8829,7805,3766],"class_list":["post-53612","post","type-post","status-publish","format-standard","has-post-thumbnail","hentry","category-cultura","tag-aniversario","tag-cultura","tag-museo-miguez","generate-columns","tablet-grid-50","mobile-grid-100","grid-parent","grid-50"],"jetpack_publicize_connections":[],"jetpack_featured_media_url":"https:\/\/www.hoymercedes.com.ar\/principal\/wp-content\/uploads\/2016\/08\/17-Miguez-aniversario.jpg","wps_subtitle":"El recuerdo a Sof\u00eda M\u00edguez","jetpack_sharing_enabled":true,"_links":{"self":[{"href":"https:\/\/www.hoymercedes.com.ar\/principal\/wp-json\/wp\/v2\/posts\/53612","targetHints":{"allow":["GET"]}}],"collection":[{"href":"https:\/\/www.hoymercedes.com.ar\/principal\/wp-json\/wp\/v2\/posts"}],"about":[{"href":"https:\/\/www.hoymercedes.com.ar\/principal\/wp-json\/wp\/v2\/types\/post"}],"author":[{"embeddable":true,"href":"https:\/\/www.hoymercedes.com.ar\/principal\/wp-json\/wp\/v2\/users\/1"}],"replies":[{"embeddable":true,"href":"https:\/\/www.hoymercedes.com.ar\/principal\/wp-json\/wp\/v2\/comments?post=53612"}],"version-history":[{"count":0,"href":"https:\/\/www.hoymercedes.com.ar\/principal\/wp-json\/wp\/v2\/posts\/53612\/revisions"}],"wp:featuredmedia":[{"embeddable":true,"href":"https:\/\/www.hoymercedes.com.ar\/principal\/wp-json\/wp\/v2\/media\/53613"}],"wp:attachment":[{"href":"https:\/\/www.hoymercedes.com.ar\/principal\/wp-json\/wp\/v2\/media?parent=53612"}],"wp:term":[{"taxonomy":"category","embeddable":true,"href":"https:\/\/www.hoymercedes.com.ar\/principal\/wp-json\/wp\/v2\/categories?post=53612"},{"taxonomy":"post_tag","embeddable":true,"href":"https:\/\/www.hoymercedes.com.ar\/principal\/wp-json\/wp\/v2\/tags?post=53612"}],"curies":[{"name":"wp","href":"https:\/\/api.w.org\/{rel}","templated":true}]}}