{"id":53735,"date":"2016-08-20T16:30:43","date_gmt":"2016-08-20T19:30:43","guid":{"rendered":"http:\/\/www.hoymercedes.com.ar\/principal\/?p=53735"},"modified":"2016-08-20T20:42:27","modified_gmt":"2016-08-20T23:42:27","slug":"perdida-total-en-incendio-de-una-vivienda","status":"publish","type":"post","link":"https:\/\/www.hoymercedes.com.ar\/principal\/2016\/08\/20\/perdida-total-en-incendio-de-una-vivienda\/","title":{"rendered":"P\u00e9rdida total en incendio de una vivienda"},"content":{"rendered":"<p>En las inmediaciones de las calles 49 y 16, una peque\u00f1a vivienda habitada solamente por un vecino de 76 a\u00f1os se incendi\u00f3 en la madrugada del viernes. El siniestro se habr\u00eda iniciado por el recalentamiento de un cable.<\/p>\n<p><img loading=\"lazy\" decoding=\"async\" data-attachment-id=\"53736\" data-permalink=\"https:\/\/www.hoymercedes.com.ar\/principal\/2016\/08\/20\/perdida-total-en-incendio-de-una-vivienda\/20-incendio\/#main\" data-orig-file=\"https:\/\/www.hoymercedes.com.ar\/principal\/wp-content\/uploads\/2016\/08\/20-incendio.jpg\" data-orig-size=\"448,252\" data-comments-opened=\"1\" data-image-meta=\"{&quot;aperture&quot;:&quot;2.4&quot;,&quot;credit&quot;:&quot;&quot;,&quot;camera&quot;:&quot;LG-H440AR&quot;,&quot;caption&quot;:&quot;&quot;,&quot;created_timestamp&quot;:&quot;1471611061&quot;,&quot;copyright&quot;:&quot;&quot;,&quot;focal_length&quot;:&quot;3.18&quot;,&quot;iso&quot;:&quot;300&quot;,&quot;shutter_speed&quot;:&quot;0.041666666666667&quot;,&quot;title&quot;:&quot;&quot;,&quot;orientation&quot;:&quot;1&quot;}\" data-image-title=\"20 incendio\" data-image-description=\"\" data-image-caption=\"\" data-large-file=\"https:\/\/www.hoymercedes.com.ar\/principal\/wp-content\/uploads\/2016\/08\/20-incendio.jpg\" class=\"aligncenter size-full wp-image-53736\" src=\"https:\/\/www.hoymercedes.com.ar\/principal\/wp-content\/uploads\/2016\/08\/20-incendio.jpg\" alt=\"20 incendio\" width=\"448\" height=\"252\" srcset=\"https:\/\/www.hoymercedes.com.ar\/principal\/wp-content\/uploads\/2016\/08\/20-incendio.jpg 448w, https:\/\/www.hoymercedes.com.ar\/principal\/wp-content\/uploads\/2016\/08\/20-incendio-150x84.jpg 150w\" sizes=\"auto, (max-width: 448px) 100vw, 448px\" \/><\/p>\n<p>Cerca de las dos de la ma\u00f1ana del viernes \u00faltimo, se incendi\u00f3 una peque\u00f1a casa en las inmediaciones de la intersecci\u00f3n de calles 49 y 16. Un hombre mayor, jubilado, de 76 a\u00f1os, fue el damnificado del incendio que presuntamente se habr\u00eda iniciado \u00aba causa de una sobre-carga en un enchufe de electricidad\u00bb.<\/p>\n<p>Las p\u00e9rdidas habr\u00eda sido totales, quedando el se\u00f1or sin sus pertenencias, ropa, documentos, un ciclomotor.<\/p>\n<p>De acuerdo a la informaci\u00f3n brindada, el incendio se produjo cuando el hombre estaba durmiendo. No obstante, pudo salir de la vivienda a la vereda en ropa interior a pedir ayuda a un familiar que vive al lado. \u00a0All\u00ed le brindaron ayuda mientras una dotaci\u00f3n de Bomberos sofocaba el fuego y buscaba que el incendio no se expendiese al sacar dos garrafas de\u00a0gas.<\/p>\n<p>Fuente y Foto: Diario El Oeste<\/p>\n","protected":false},"excerpt":{"rendered":"<p>En las inmediaciones de las calles 49 y 16, una peque\u00f1a vivienda habitada solamente por un vecino de 76 a\u00f1os &#8230; <a title=\"P\u00e9rdida total en incendio de una vivienda\" class=\"read-more\" href=\"https:\/\/www.hoymercedes.com.ar\/principal\/2016\/08\/20\/perdida-total-en-incendio-de-una-vivienda\/\" aria-label=\"Leer m\u00e1s sobre P\u00e9rdida total en incendio de una vivienda\">Leer m\u00e1s<\/a><\/p>\n","protected":false},"author":1,"featured_media":53736,"comment_status":"open","ping_status":"open","sticky":false,"template":"","format":"standard","meta":{"_monsterinsights_skip_tracking":false,"_monsterinsights_sitenote_active":false,"_monsterinsights_sitenote_note":"","_monsterinsights_sitenote_category":0,"jetpack_post_was_ever_published":false,"_jetpack_newsletter_access":"","_jetpack_dont_email_post_to_subs":false,"_jetpack_newsletter_tier_id":0,"_jetpack_memberships_contains_paywalled_content":false,"_jetpack_memberships_contains_paid_content":false,"footnotes":"","jetpack_publicize_message":"","jetpack_publicize_feature_enabled":true,"jetpack_social_post_already_shared":true,"jetpack_social_options":{"image_generator_settings":{"template":"highway","default_image_id":0,"font":"","enabled":false},"version":2},"_wpas_customize_per_network":false},"categories":[85],"tags":[286,9920],"class_list":["post-53735","post","type-post","status-publish","format-standard","has-post-thumbnail","hentry","category-policial","tag-incendio","tag-vivienda","generate-columns","tablet-grid-50","mobile-grid-100","grid-parent","grid-50"],"jetpack_publicize_connections":[],"jetpack_featured_media_url":"https:\/\/www.hoymercedes.com.ar\/principal\/wp-content\/uploads\/2016\/08\/20-incendio.jpg","wps_subtitle":"En la madrugada del viernes","jetpack_sharing_enabled":true,"_links":{"self":[{"href":"https:\/\/www.hoymercedes.com.ar\/principal\/wp-json\/wp\/v2\/posts\/53735","targetHints":{"allow":["GET"]}}],"collection":[{"href":"https:\/\/www.hoymercedes.com.ar\/principal\/wp-json\/wp\/v2\/posts"}],"about":[{"href":"https:\/\/www.hoymercedes.com.ar\/principal\/wp-json\/wp\/v2\/types\/post"}],"author":[{"embeddable":true,"href":"https:\/\/www.hoymercedes.com.ar\/principal\/wp-json\/wp\/v2\/users\/1"}],"replies":[{"embeddable":true,"href":"https:\/\/www.hoymercedes.com.ar\/principal\/wp-json\/wp\/v2\/comments?post=53735"}],"version-history":[{"count":0,"href":"https:\/\/www.hoymercedes.com.ar\/principal\/wp-json\/wp\/v2\/posts\/53735\/revisions"}],"wp:featuredmedia":[{"embeddable":true,"href":"https:\/\/www.hoymercedes.com.ar\/principal\/wp-json\/wp\/v2\/media\/53736"}],"wp:attachment":[{"href":"https:\/\/www.hoymercedes.com.ar\/principal\/wp-json\/wp\/v2\/media?parent=53735"}],"wp:term":[{"taxonomy":"category","embeddable":true,"href":"https:\/\/www.hoymercedes.com.ar\/principal\/wp-json\/wp\/v2\/categories?post=53735"},{"taxonomy":"post_tag","embeddable":true,"href":"https:\/\/www.hoymercedes.com.ar\/principal\/wp-json\/wp\/v2\/tags?post=53735"}],"curies":[{"name":"wp","href":"https:\/\/api.w.org\/{rel}","templated":true}]}}