{"id":53747,"date":"2016-08-21T12:51:04","date_gmt":"2016-08-21T15:51:04","guid":{"rendered":"http:\/\/www.hoymercedes.com.ar\/principal\/?p=53747"},"modified":"2016-08-20T21:56:05","modified_gmt":"2016-08-21T00:56:05","slug":"romina-del-pla-paramos-en-todo-el-pais-por-la-reapertura-de-la-paritaria-salarial","status":"publish","type":"post","link":"https:\/\/www.hoymercedes.com.ar\/principal\/2016\/08\/21\/romina-del-pla-paramos-en-todo-el-pais-por-la-reapertura-de-la-paritaria-salarial\/","title":{"rendered":"Romina Del Pl\u00e1: \u00abParamos en todo el pa\u00eds por la reapertura de la paritaria salarial\u00bb"},"content":{"rendered":"<p>De esta forma se expres\u00f3 la Dirigente Nacional de Tribuna Docente y Sec Gral del Suteba La Matanza en relaci\u00f3n al conflicto docente que recorre todo el pa\u00eds.<\/p>\n<p>A su vez, manifest\u00f3 que: \u00abEl Ministro Bullrich revelando que vive en un mundo de fantas\u00eda fue tajante al decir que no corresponde reabrir la paritaria porque los salarios le van ganando a la inflaci\u00f3n. Los gobernadores y sus funcionarios educativos repitieron el mismo gui\u00f3n frente al reclamo en cada provincia, incluyendo por supuesto a Vidal en la Provincia de Buenos Aires. La docencia bonaerense ya le hab\u00eda respondido con un parazo el 11 de Agosto impulsado desde un inicio por los Sutebas Multicolor\u00bb.<\/p>\n<p>\u00abEl descontento que recorre las escuelas es palpable. El ajuste en distintas \u00e1reas -infraestructura, falta de cargos, atraso en los pagos y la amenaza sobre el r\u00e9gimen jubilatorio se hacen sentir. La convocatoria a asambleas en algunas provincias y al Congreso de Ctera, que sesion\u00f3 el 17 de agosto, fue expresi\u00f3n de esta situaci\u00f3n. Votaron el paro nacional del 24 de Agosto, y cuando varios esperaban que lo contin\u00faen con otro, el 2 de Septiembre en el cierre de la marcha federal, lo convierten en una mezcla de paros provinciales, ceses de tareas o movilizaciones. Es decir que es un intento de la burocracia por descomprimir la tensi\u00f3n que se anida en los trabajadores\u00bb, finaliz\u00f3 Del Pl\u00e1.<\/p>\n<p>Por otro lado, Gabriel Lubo, Sec. Adjunto del sindicato Ademys se\u00f1al\u00f3: \u00abLa direcci\u00f3n celeste y kirchnerista de Ctera y Suteba no s\u00f3lo viabiliz\u00f3 las paritarias a la baja de inicios de a\u00f1o. Est\u00e1 dejando pasar la Evaluaci\u00f3n Educativa, antesala del salario por m\u00e9rito. Macristas y kirchneristas, y sus personeros en educaci\u00f3n, acuerdan en cuestiones estrat\u00e9gicas como la evaluaci\u00f3n. Por algo en la Ciudad le han votado todas y cada una de sus medidas.\u00bb<\/p>\n<p>\u00abLos Sutebas Multicolor le dar\u00e1n continuidad a su plan de lucha, organizando una movilizaci\u00f3n el d\u00eda anterior al paro, para redondear 48 horas de medidas de acci\u00f3n. Las asambleas distritales y de escuela, as\u00ed como el plenario provincial de delegados de la Provincia de Buenos Aires, que sesionar\u00e1 el 24, debatir\u00e1n la intervenci\u00f3n en la Marcha Federal\u00bb manifest\u00f3 Daniel Rapanelli, Secretario General del Suteba Ensenada.<\/p>\n<p>Mar\u00eda Elena Molina, Sec. Gremial de AMSAFE Rosario, destac\u00f3: \u00abTribuna Docente impulsar\u00e1 que se concrete el paro del 2 de Septiembre a nivel nacional, y la formaci\u00f3n de una columna independiente de los sindicatos clasistas y combativos, para intervenir con nuestro programa en la marcha federal. La reapertura de la paritaria salarial la lograran los docentes junto al sindicalismo docente combativo\u00bb.<\/p>\n<p>&nbsp;<\/p>\n<p>Fuente: Tribuna Docente Mercedes<\/p>\n","protected":false},"excerpt":{"rendered":"<p>De esta forma se expres\u00f3 la Dirigente Nacional de Tribuna Docente y Sec Gral del Suteba La Matanza en relaci\u00f3n &#8230; <a title=\"Romina Del Pl\u00e1: \u00abParamos en todo el pa\u00eds por la reapertura de la paritaria salarial\u00bb\" class=\"read-more\" href=\"https:\/\/www.hoymercedes.com.ar\/principal\/2016\/08\/21\/romina-del-pla-paramos-en-todo-el-pais-por-la-reapertura-de-la-paritaria-salarial\/\" aria-label=\"Leer m\u00e1s sobre Romina Del Pl\u00e1: \u00abParamos en todo el pa\u00eds por la reapertura de la paritaria salarial\u00bb\">Leer m\u00e1s<\/a><\/p>\n","protected":false},"author":1,"featured_media":53748,"comment_status":"open","ping_status":"open","sticky":false,"template":"","format":"standard","meta":{"_monsterinsights_skip_tracking":false,"_monsterinsights_sitenote_active":false,"_monsterinsights_sitenote_note":"","_monsterinsights_sitenote_category":0,"jetpack_post_was_ever_published":false,"_jetpack_newsletter_access":"","_jetpack_dont_email_post_to_subs":false,"_jetpack_newsletter_tier_id":0,"_jetpack_memberships_contains_paywalled_content":false,"_jetpack_memberships_contains_paid_content":false,"footnotes":"","jetpack_publicize_message":"","jetpack_publicize_feature_enabled":true,"jetpack_social_post_already_shared":true,"jetpack_social_options":{"image_generator_settings":{"template":"highway","default_image_id":0,"font":"","enabled":false},"version":2},"_wpas_customize_per_network":false},"categories":[23],"tags":[47,36,4783],"class_list":["post-53747","post","type-post","status-publish","format-standard","has-post-thumbnail","hentry","category-educacion","tag-educacion-2","tag-paro-docente","tag-tribuna-docente","generate-columns","tablet-grid-50","mobile-grid-100","grid-parent","grid-50"],"jetpack_publicize_connections":[],"jetpack_featured_media_url":"https:\/\/www.hoymercedes.com.ar\/principal\/wp-content\/uploads\/2016\/08\/21-romina-del-pla.jpg","wps_subtitle":"Paro Nacional Docente","jetpack_sharing_enabled":true,"_links":{"self":[{"href":"https:\/\/www.hoymercedes.com.ar\/principal\/wp-json\/wp\/v2\/posts\/53747","targetHints":{"allow":["GET"]}}],"collection":[{"href":"https:\/\/www.hoymercedes.com.ar\/principal\/wp-json\/wp\/v2\/posts"}],"about":[{"href":"https:\/\/www.hoymercedes.com.ar\/principal\/wp-json\/wp\/v2\/types\/post"}],"author":[{"embeddable":true,"href":"https:\/\/www.hoymercedes.com.ar\/principal\/wp-json\/wp\/v2\/users\/1"}],"replies":[{"embeddable":true,"href":"https:\/\/www.hoymercedes.com.ar\/principal\/wp-json\/wp\/v2\/comments?post=53747"}],"version-history":[{"count":0,"href":"https:\/\/www.hoymercedes.com.ar\/principal\/wp-json\/wp\/v2\/posts\/53747\/revisions"}],"wp:featuredmedia":[{"embeddable":true,"href":"https:\/\/www.hoymercedes.com.ar\/principal\/wp-json\/wp\/v2\/media\/53748"}],"wp:attachment":[{"href":"https:\/\/www.hoymercedes.com.ar\/principal\/wp-json\/wp\/v2\/media?parent=53747"}],"wp:term":[{"taxonomy":"category","embeddable":true,"href":"https:\/\/www.hoymercedes.com.ar\/principal\/wp-json\/wp\/v2\/categories?post=53747"},{"taxonomy":"post_tag","embeddable":true,"href":"https:\/\/www.hoymercedes.com.ar\/principal\/wp-json\/wp\/v2\/tags?post=53747"}],"curies":[{"name":"wp","href":"https:\/\/api.w.org\/{rel}","templated":true}]}}