{"id":53760,"date":"2016-08-21T12:01:27","date_gmt":"2016-08-21T15:01:27","guid":{"rendered":"http:\/\/www.hoymercedes.com.ar\/principal\/?p=53760"},"modified":"2016-08-22T08:46:31","modified_gmt":"2016-08-22T11:46:31","slug":"la-agrupacion-25-de-mayo-festejo-el-dia-del-nino","status":"publish","type":"post","link":"https:\/\/www.hoymercedes.com.ar\/principal\/2016\/08\/21\/la-agrupacion-25-de-mayo-festejo-el-dia-del-nino\/","title":{"rendered":"La Agrupaci\u00f3n 25 de Mayo festej\u00f3 el D\u00eda del Ni\u00f1o"},"content":{"rendered":"<p>El s\u00e1bado, la Agrupaci\u00f3n 25 de Mayo festej\u00f3 el D\u00eda del Ni\u00f1o en la tarde de ayer en el barrio Facundo Quiroga II. El encuentro cont\u00f3 con la participaci\u00f3n de Protecci\u00f3n Civil de la provincia de Buenos Aires, se entregaron regalos para los ni\u00f1os y hubo juegos e inflables para disfrutar.<\/p>\n<p>El d\u00eda acompa\u00f1\u00f3 la iniciativa y un gran n\u00famero de ni\u00f1os con sus familias se acercaron al lugar. La fiesta tambi\u00e9n convoc\u00f3 a los peque\u00f1os que acuden al merendero que funciona todos los s\u00e1bados en el lugar gracias a la iniciativa de vecinos.<\/p>\n<p class=\"jetpack-slideshow-noscript robots-nocontent\">El pase de diapositivas requiere JavaScript.<\/p><div id=\"gallery-53760-1-slideshow\" class=\"jetpack-slideshow-window jetpack-slideshow jetpack-slideshow-black\" data-trans=\"fade\" data-autostart=\"1\" data-gallery=\"[{&quot;src&quot;:&quot;https:\\\/\\\/www.hoymercedes.com.ar\\\/principal\\\/wp-content\\\/uploads\\\/2016\\\/08\\\/dianio-1.jpeg&quot;,&quot;id&quot;:&quot;53761&quot;,&quot;title&quot;:&quot;dianio (1)&quot;,&quot;alt&quot;:&quot;&quot;,&quot;caption&quot;:&quot;&quot;,&quot;itemprop&quot;:&quot;image&quot;},{&quot;src&quot;:&quot;https:\\\/\\\/www.hoymercedes.com.ar\\\/principal\\\/wp-content\\\/uploads\\\/2016\\\/08\\\/dianio-6.jpeg&quot;,&quot;id&quot;:&quot;53766&quot;,&quot;title&quot;:&quot;dianio (6)&quot;,&quot;alt&quot;:&quot;&quot;,&quot;caption&quot;:&quot;&quot;,&quot;itemprop&quot;:&quot;image&quot;},{&quot;src&quot;:&quot;https:\\\/\\\/www.hoymercedes.com.ar\\\/principal\\\/wp-content\\\/uploads\\\/2016\\\/08\\\/dianio-2.jpeg&quot;,&quot;id&quot;:&quot;53762&quot;,&quot;title&quot;:&quot;dianio (2)&quot;,&quot;alt&quot;:&quot;&quot;,&quot;caption&quot;:&quot;&quot;,&quot;itemprop&quot;:&quot;image&quot;},{&quot;src&quot;:&quot;https:\\\/\\\/www.hoymercedes.com.ar\\\/principal\\\/wp-content\\\/uploads\\\/2016\\\/08\\\/dianio-3.jpeg&quot;,&quot;id&quot;:&quot;53763&quot;,&quot;title&quot;:&quot;dianio (3)&quot;,&quot;alt&quot;:&quot;&quot;,&quot;caption&quot;:&quot;&quot;,&quot;itemprop&quot;:&quot;image&quot;},{&quot;src&quot;:&quot;https:\\\/\\\/www.hoymercedes.com.ar\\\/principal\\\/wp-content\\\/uploads\\\/2016\\\/08\\\/dianio-4.jpeg&quot;,&quot;id&quot;:&quot;53764&quot;,&quot;title&quot;:&quot;dianio (4)&quot;,&quot;alt&quot;:&quot;&quot;,&quot;caption&quot;:&quot;&quot;,&quot;itemprop&quot;:&quot;image&quot;},{&quot;src&quot;:&quot;https:\\\/\\\/www.hoymercedes.com.ar\\\/principal\\\/wp-content\\\/uploads\\\/2016\\\/08\\\/dianio-5.jpeg&quot;,&quot;id&quot;:&quot;53765&quot;,&quot;title&quot;:&quot;dianio (5)&quot;,&quot;alt&quot;:&quot;&quot;,&quot;caption&quot;:&quot;&quot;,&quot;itemprop&quot;:&quot;image&quot;}]\" itemscope itemtype=\"https:\/\/schema.org\/ImageGallery\"><\/div>\n","protected":false},"excerpt":{"rendered":"<p>El s\u00e1bado, la Agrupaci\u00f3n 25 de Mayo festej\u00f3 el D\u00eda del Ni\u00f1o en la tarde de ayer en el barrio &#8230; <a title=\"La Agrupaci\u00f3n 25 de Mayo festej\u00f3 el D\u00eda del Ni\u00f1o\" class=\"read-more\" href=\"https:\/\/www.hoymercedes.com.ar\/principal\/2016\/08\/21\/la-agrupacion-25-de-mayo-festejo-el-dia-del-nino\/\" aria-label=\"Leer m\u00e1s sobre La Agrupaci\u00f3n 25 de Mayo festej\u00f3 el D\u00eda del Ni\u00f1o\">Leer m\u00e1s<\/a><\/p>\n","protected":false},"author":1,"featured_media":53764,"comment_status":"open","ping_status":"open","sticky":false,"template":"","format":"standard","meta":{"_monsterinsights_skip_tracking":false,"_monsterinsights_sitenote_active":false,"_monsterinsights_sitenote_note":"","_monsterinsights_sitenote_category":0,"jetpack_post_was_ever_published":false,"_jetpack_newsletter_access":"","_jetpack_dont_email_post_to_subs":false,"_jetpack_newsletter_tier_id":0,"_jetpack_memberships_contains_paywalled_content":false,"_jetpack_memberships_contains_paid_content":false,"footnotes":"","jetpack_publicize_message":"","jetpack_publicize_feature_enabled":true,"jetpack_social_post_already_shared":true,"jetpack_social_options":{"image_generator_settings":{"template":"highway","default_image_id":0,"font":"","enabled":false},"version":2},"_wpas_customize_per_network":false},"categories":[5485],"tags":[9923,1174,8922],"class_list":["post-53760","post","type-post","status-publish","format-standard","has-post-thumbnail","hentry","category-comunidad","tag-agrupacion-25-de-mayo","tag-dia-del-nino","tag-festejo","generate-columns","tablet-grid-50","mobile-grid-100","grid-parent","grid-50"],"jetpack_publicize_connections":[],"jetpack_featured_media_url":"https:\/\/www.hoymercedes.com.ar\/principal\/wp-content\/uploads\/2016\/08\/dianio-4.jpeg","wps_subtitle":"Ayer por la tarde","jetpack_sharing_enabled":true,"_links":{"self":[{"href":"https:\/\/www.hoymercedes.com.ar\/principal\/wp-json\/wp\/v2\/posts\/53760","targetHints":{"allow":["GET"]}}],"collection":[{"href":"https:\/\/www.hoymercedes.com.ar\/principal\/wp-json\/wp\/v2\/posts"}],"about":[{"href":"https:\/\/www.hoymercedes.com.ar\/principal\/wp-json\/wp\/v2\/types\/post"}],"author":[{"embeddable":true,"href":"https:\/\/www.hoymercedes.com.ar\/principal\/wp-json\/wp\/v2\/users\/1"}],"replies":[{"embeddable":true,"href":"https:\/\/www.hoymercedes.com.ar\/principal\/wp-json\/wp\/v2\/comments?post=53760"}],"version-history":[{"count":0,"href":"https:\/\/www.hoymercedes.com.ar\/principal\/wp-json\/wp\/v2\/posts\/53760\/revisions"}],"wp:featuredmedia":[{"embeddable":true,"href":"https:\/\/www.hoymercedes.com.ar\/principal\/wp-json\/wp\/v2\/media\/53764"}],"wp:attachment":[{"href":"https:\/\/www.hoymercedes.com.ar\/principal\/wp-json\/wp\/v2\/media?parent=53760"}],"wp:term":[{"taxonomy":"category","embeddable":true,"href":"https:\/\/www.hoymercedes.com.ar\/principal\/wp-json\/wp\/v2\/categories?post=53760"},{"taxonomy":"post_tag","embeddable":true,"href":"https:\/\/www.hoymercedes.com.ar\/principal\/wp-json\/wp\/v2\/tags?post=53760"}],"curies":[{"name":"wp","href":"https:\/\/api.w.org\/{rel}","templated":true}]}}