{"id":53800,"date":"2016-08-22T20:17:16","date_gmt":"2016-08-22T23:17:16","guid":{"rendered":"http:\/\/www.hoymercedes.com.ar\/principal\/?p=53800"},"modified":"2016-08-22T14:31:47","modified_gmt":"2016-08-22T17:31:47","slug":"colaboracion-con-los-festejos-barriales-por-el-dia-del-nino","status":"publish","type":"post","link":"https:\/\/www.hoymercedes.com.ar\/principal\/2016\/08\/22\/colaboracion-con-los-festejos-barriales-por-el-dia-del-nino\/","title":{"rendered":"Colaboraci\u00f3n con los festejos barriales por el D\u00eda del Ni\u00f1o"},"content":{"rendered":"<p>La Municipalidad de Mercedes a trav\u00e9s de la Secretar\u00eda de Desarrollo Social, entreg\u00f3 diferentes elementos y productos para las Sociedades de Fomentos e instituciones barriales con el objetivo de colaborar con las celebraciones del D\u00eda del Ni\u00f1o en los barrios.<\/p>\n<p>El Jefe Comunal Juan Ignacio Ustarroz, junto a la Secretaria de Desarrollo Social Jorgelina Silva y otros funcionarios del \u00e1rea, entregaron golosinas, leche, cacao y golosinas a representantes de distintas barriadas, seg\u00fan lo solicitado por cada fomentista.<\/p>\n<p>El barrio Virgen del Rosario recibi\u00f3 productos para \u00a0cerca de\u00a020 chicos; mientras que el Ravello para 50 chicos, el barrio Am\u00e9rica para 50 chicos, Lomas del Pac\u00edfico para 30 chicos, Almafuerte para 50 chicos, Los Robles para aproximadamente 50 chicos, el G\u00fcemes para 50 chicos, el barrio San Antonio para 50 chicos, Unidad y Progreso para aproximadamente 100 chicos, lo mismo que en la localidad de Gowland, en Goldney para 20 chicos y \u00a0el grupo Scout para 30 chicos aproximadamente.<\/p>\n<p>Tambi\u00e9n se hizo la entrega de otros elementos a los integrantes del Sindicato de Trabajadores Municipales, quienes llevaran adelante la fiesta del D\u00eda del Ni\u00f1o el\u00a0s\u00e1bado pasado, en el predio de La Trocha.<\/p>\n<p>&nbsp;<\/p>\n","protected":false},"excerpt":{"rendered":"<p>La Municipalidad de Mercedes a trav\u00e9s de la Secretar\u00eda de Desarrollo Social, entreg\u00f3 diferentes elementos y productos para las Sociedades &#8230; <a title=\"Colaboraci\u00f3n con los festejos barriales por el D\u00eda del Ni\u00f1o\" class=\"read-more\" href=\"https:\/\/www.hoymercedes.com.ar\/principal\/2016\/08\/22\/colaboracion-con-los-festejos-barriales-por-el-dia-del-nino\/\" aria-label=\"Leer m\u00e1s sobre Colaboraci\u00f3n con los festejos barriales por el D\u00eda del Ni\u00f1o\">Leer m\u00e1s<\/a><\/p>\n","protected":false},"author":1,"featured_media":53802,"comment_status":"open","ping_status":"open","sticky":false,"template":"","format":"standard","meta":{"_monsterinsights_skip_tracking":false,"_monsterinsights_sitenote_active":false,"_monsterinsights_sitenote_note":"","_monsterinsights_sitenote_category":0,"jetpack_post_was_ever_published":false,"_jetpack_newsletter_access":"","_jetpack_dont_email_post_to_subs":false,"_jetpack_newsletter_tier_id":0,"_jetpack_memberships_contains_paywalled_content":false,"_jetpack_memberships_contains_paid_content":false,"footnotes":"","jetpack_publicize_message":"","jetpack_publicize_feature_enabled":true,"jetpack_social_post_already_shared":true,"jetpack_social_options":{"image_generator_settings":{"template":"highway","default_image_id":0,"font":"","enabled":false},"version":2},"_wpas_customize_per_network":false},"categories":[30],"tags":[870,1174,197],"class_list":["post-53800","post","type-post","status-publish","format-standard","has-post-thumbnail","hentry","category-municipio","tag-desarrollo-social","tag-dia-del-nino","tag-municipalidad-de-mercedes","generate-columns","tablet-grid-50","mobile-grid-100","grid-parent","grid-50"],"jetpack_publicize_connections":[],"jetpack_featured_media_url":"https:\/\/www.hoymercedes.com.ar\/principal\/wp-content\/uploads\/2016\/08\/22-desarrollo-social.jpg","wps_subtitle":"Desarrollo Social Municipal","jetpack_sharing_enabled":true,"_links":{"self":[{"href":"https:\/\/www.hoymercedes.com.ar\/principal\/wp-json\/wp\/v2\/posts\/53800","targetHints":{"allow":["GET"]}}],"collection":[{"href":"https:\/\/www.hoymercedes.com.ar\/principal\/wp-json\/wp\/v2\/posts"}],"about":[{"href":"https:\/\/www.hoymercedes.com.ar\/principal\/wp-json\/wp\/v2\/types\/post"}],"author":[{"embeddable":true,"href":"https:\/\/www.hoymercedes.com.ar\/principal\/wp-json\/wp\/v2\/users\/1"}],"replies":[{"embeddable":true,"href":"https:\/\/www.hoymercedes.com.ar\/principal\/wp-json\/wp\/v2\/comments?post=53800"}],"version-history":[{"count":0,"href":"https:\/\/www.hoymercedes.com.ar\/principal\/wp-json\/wp\/v2\/posts\/53800\/revisions"}],"wp:featuredmedia":[{"embeddable":true,"href":"https:\/\/www.hoymercedes.com.ar\/principal\/wp-json\/wp\/v2\/media\/53802"}],"wp:attachment":[{"href":"https:\/\/www.hoymercedes.com.ar\/principal\/wp-json\/wp\/v2\/media?parent=53800"}],"wp:term":[{"taxonomy":"category","embeddable":true,"href":"https:\/\/www.hoymercedes.com.ar\/principal\/wp-json\/wp\/v2\/categories?post=53800"},{"taxonomy":"post_tag","embeddable":true,"href":"https:\/\/www.hoymercedes.com.ar\/principal\/wp-json\/wp\/v2\/tags?post=53800"}],"curies":[{"name":"wp","href":"https:\/\/api.w.org\/{rel}","templated":true}]}}