{"id":53814,"date":"2016-08-23T14:57:59","date_gmt":"2016-08-23T17:57:59","guid":{"rendered":"http:\/\/www.hoymercedes.com.ar\/principal\/?p=53814"},"modified":"2016-08-22T15:18:29","modified_gmt":"2016-08-22T18:18:29","slug":"estudiantes-se-quedo-con-todo-ante-cef-40","status":"publish","type":"post","link":"https:\/\/www.hoymercedes.com.ar\/principal\/2016\/08\/23\/estudiantes-se-quedo-con-todo-ante-cef-40\/","title":{"rendered":"Estudiantes se qued\u00f3 con todo ante CEF 40"},"content":{"rendered":"<p><em><strong>El s\u00e1bado se jugaron cuatro partidos por la Liga del Noroeste Bonaerense de Hockey de los cuales tres sirvieron para completar la novena fecha y el restante para seguir poniendo al d\u00eda la primera en un certamen que todav\u00eda tiene siete partidos pendientes que ya tienen fecha de reprogramaci\u00f3n.<\/strong><\/em><\/p>\n<p><img loading=\"lazy\" decoding=\"async\" data-attachment-id=\"53815\" data-permalink=\"https:\/\/www.hoymercedes.com.ar\/principal\/2016\/08\/23\/estudiantes-se-quedo-con-todo-ante-cef-40\/copa-de-clubes-3\/#main\" data-orig-file=\"https:\/\/www.hoymercedes.com.ar\/principal\/wp-content\/uploads\/2016\/08\/Copa-de-Clubes.png\" data-orig-size=\"674,375\" data-comments-opened=\"1\" data-image-meta=\"{&quot;aperture&quot;:&quot;0&quot;,&quot;credit&quot;:&quot;&quot;,&quot;camera&quot;:&quot;&quot;,&quot;caption&quot;:&quot;&quot;,&quot;created_timestamp&quot;:&quot;0&quot;,&quot;copyright&quot;:&quot;&quot;,&quot;focal_length&quot;:&quot;0&quot;,&quot;iso&quot;:&quot;0&quot;,&quot;shutter_speed&quot;:&quot;0&quot;,&quot;title&quot;:&quot;&quot;,&quot;orientation&quot;:&quot;0&quot;}\" data-image-title=\"Copa de Clubes\" data-image-description=\"\" data-image-caption=\"\" data-large-file=\"https:\/\/www.hoymercedes.com.ar\/principal\/wp-content\/uploads\/2016\/08\/Copa-de-Clubes.png\" class=\"aligncenter size-medium wp-image-53815\" src=\"https:\/\/www.hoymercedes.com.ar\/principal\/wp-content\/uploads\/2016\/08\/Copa-de-Clubes-630x351.png\" alt=\"Copa de Clubes\" width=\"630\" height=\"351\" srcset=\"https:\/\/www.hoymercedes.com.ar\/principal\/wp-content\/uploads\/2016\/08\/Copa-de-Clubes-630x351.png 630w, https:\/\/www.hoymercedes.com.ar\/principal\/wp-content\/uploads\/2016\/08\/Copa-de-Clubes-150x83.png 150w, https:\/\/www.hoymercedes.com.ar\/principal\/wp-content\/uploads\/2016\/08\/Copa-de-Clubes.png 674w\" sizes=\"auto, (max-width: 630px) 100vw, 630px\" \/><\/p>\n<p>Los dos mercedinos que jugaron fueron Estudiantes Vs. CEF 40, que se midieron por la primera fecha del torneo. Adem\u00e1s, cerraron la novena jornada Luj\u00e1n ante Suipacha, Dorrego frente a Villa Manchi y Hurac\u00e1n ante El Front\u00f3n.<\/p>\n<p>&nbsp;<\/p>\n<p><strong>S\u00edntesis<\/strong><\/p>\n<p><strong>Primera Divisi\u00f3n<\/strong><\/p>\n<p>Dorrego\u00a08: Mar\u00eda Eugenia Trillini (3), Georgina Sedari (3) y Magdalena Castillo (2)<\/p>\n<p>Villa Manchi 0<\/p>\n<p>&nbsp;<\/p>\n<p>Hurac\u00e1n\u00a04: Malena Farbo (3) y Mariana Lascio<\/p>\n<p>El Front\u00f3n\u00a02: Julia Allende y Macarena Elso<\/p>\n<p>&nbsp;<\/p>\n<p><strong>Quinta Divisi\u00f3n<\/strong><\/p>\n<p>Estudiantes\u00a02: Candelaria Delezica<\/p>\n<p>CEF 40 0<\/p>\n<p>&nbsp;<\/p>\n<p>Luj\u00e1n 0<\/p>\n<p>Suipacha\u00a03: Juana Capucci (2) y Juana P\u00e9rez Aguirre<\/p>\n<p>&nbsp;<\/p>\n<p>Hurac\u00e1n\u00a02: Yanella Griguelo (2)<\/p>\n<p>El Front\u00f3n 0<\/p>\n<p>&nbsp;<\/p>\n<p><strong>Sexta Divisi\u00f3n<\/strong><\/p>\n<p>Estudiantes\u00a02: Catalina Far\u00edas, Camila Picone<\/p>\n<p>CEF 40 1: Fiama Vola<\/p>\n<p>&nbsp;<\/p>\n<p>Hurac\u00e1n\u00a04: Yanella Griguelo, Roc\u00edo Retucci, Eugenia De Rosa y Sof\u00eda Difelippo<\/p>\n<p>El Front\u00f3n 0<\/p>\n<p>&nbsp;<\/p>\n<p><strong>S\u00e9ptima Divisi\u00f3n<\/strong><\/p>\n<p>Estudiantes\u00a04: Sof\u00eda Culicigno y Sof\u00eda Miranda, Agustina L\u00f3pez (2)<\/p>\n<p>CEF 40 0<\/p>\n<p>&nbsp;<\/p>\n<p>Luj\u00e1n 0<\/p>\n<p>Suipacha\u00a01: Mar\u00eda Clara Echeverr\u00eda<\/p>\n<p>&nbsp;<\/p>\n<p>Dorrego\u00a09: Mora Silvera (8) y Dana Campusano<\/p>\n<p>Villa Manchi 0<\/p>\n<p>&nbsp;<\/p>\n<p>Hurac\u00e1n\u00a06: Martina Laurens (2), Candelaria Farbo, Lara Mezzalotta (2) y Eugenia Farbo<\/p>\n<p>El Front\u00f3n 0<\/p>\n<p>&nbsp;<\/p>\n<p><strong>Mami Hockey<\/strong><\/p>\n<p>Luj\u00e1n\u00a01: Gisela Villalba<\/p>\n<p>Suipacha 0<\/p>\n<p>&nbsp;<\/p>\n<p><strong>Pr\u00f3ximo s\u00e1bado 27<\/strong><\/p>\n<p><strong>Fecha 10<\/strong><br \/>\nCEF 40 Vs. Hurac\u00e1n<br \/>\nEstudiantes Vs. Ateneo<br \/>\nSan Miguel Vs. Ateneo (Mami)<br \/>\nSan Andr\u00e9s Vs. El Tim\u00f3n<\/p>\n<p><strong>Fecha 1<\/strong><\/p>\n<p>El Front\u00f3n Vs. MRC<\/p>\n<p>&nbsp;<\/p>\n<p><img loading=\"lazy\" decoding=\"async\" data-attachment-id=\"53816\" data-permalink=\"https:\/\/www.hoymercedes.com.ar\/principal\/2016\/08\/23\/estudiantes-se-quedo-con-todo-ante-cef-40\/mami-3\/#main\" data-orig-file=\"https:\/\/www.hoymercedes.com.ar\/principal\/wp-content\/uploads\/2016\/08\/Mami.png\" data-orig-size=\"632,229\" data-comments-opened=\"1\" data-image-meta=\"{&quot;aperture&quot;:&quot;0&quot;,&quot;credit&quot;:&quot;&quot;,&quot;camera&quot;:&quot;&quot;,&quot;caption&quot;:&quot;&quot;,&quot;created_timestamp&quot;:&quot;0&quot;,&quot;copyright&quot;:&quot;&quot;,&quot;focal_length&quot;:&quot;0&quot;,&quot;iso&quot;:&quot;0&quot;,&quot;shutter_speed&quot;:&quot;0&quot;,&quot;title&quot;:&quot;&quot;,&quot;orientation&quot;:&quot;0&quot;}\" data-image-title=\"Mami\" data-image-description=\"\" data-image-caption=\"\" data-large-file=\"https:\/\/www.hoymercedes.com.ar\/principal\/wp-content\/uploads\/2016\/08\/Mami.png\" class=\"aligncenter size-medium wp-image-53816\" src=\"https:\/\/www.hoymercedes.com.ar\/principal\/wp-content\/uploads\/2016\/08\/Mami-630x228.png\" alt=\"Mami\" width=\"630\" height=\"228\" srcset=\"https:\/\/www.hoymercedes.com.ar\/principal\/wp-content\/uploads\/2016\/08\/Mami-630x228.png 630w, https:\/\/www.hoymercedes.com.ar\/principal\/wp-content\/uploads\/2016\/08\/Mami-150x54.png 150w, https:\/\/www.hoymercedes.com.ar\/principal\/wp-content\/uploads\/2016\/08\/Mami.png 632w\" sizes=\"auto, (max-width: 630px) 100vw, 630px\" \/> <img loading=\"lazy\" decoding=\"async\" data-attachment-id=\"53817\" data-permalink=\"https:\/\/www.hoymercedes.com.ar\/principal\/2016\/08\/23\/estudiantes-se-quedo-con-todo-ante-cef-40\/primera-10\/#main\" data-orig-file=\"https:\/\/www.hoymercedes.com.ar\/principal\/wp-content\/uploads\/2016\/08\/Primera-1.png\" data-orig-size=\"632,302\" data-comments-opened=\"1\" data-image-meta=\"{&quot;aperture&quot;:&quot;0&quot;,&quot;credit&quot;:&quot;&quot;,&quot;camera&quot;:&quot;&quot;,&quot;caption&quot;:&quot;&quot;,&quot;created_timestamp&quot;:&quot;0&quot;,&quot;copyright&quot;:&quot;&quot;,&quot;focal_length&quot;:&quot;0&quot;,&quot;iso&quot;:&quot;0&quot;,&quot;shutter_speed&quot;:&quot;0&quot;,&quot;title&quot;:&quot;&quot;,&quot;orientation&quot;:&quot;0&quot;}\" data-image-title=\"Primera\" data-image-description=\"\" data-image-caption=\"\" data-large-file=\"https:\/\/www.hoymercedes.com.ar\/principal\/wp-content\/uploads\/2016\/08\/Primera-1.png\" class=\"aligncenter size-medium wp-image-53817\" src=\"https:\/\/www.hoymercedes.com.ar\/principal\/wp-content\/uploads\/2016\/08\/Primera-1-630x301.png\" alt=\"Primera\" width=\"630\" height=\"301\" srcset=\"https:\/\/www.hoymercedes.com.ar\/principal\/wp-content\/uploads\/2016\/08\/Primera-1-630x301.png 630w, https:\/\/www.hoymercedes.com.ar\/principal\/wp-content\/uploads\/2016\/08\/Primera-1-150x72.png 150w, https:\/\/www.hoymercedes.com.ar\/principal\/wp-content\/uploads\/2016\/08\/Primera-1.png 632w\" sizes=\"auto, (max-width: 630px) 100vw, 630px\" \/> <img loading=\"lazy\" decoding=\"async\" data-attachment-id=\"53818\" data-permalink=\"https:\/\/www.hoymercedes.com.ar\/principal\/2016\/08\/23\/estudiantes-se-quedo-con-todo-ante-cef-40\/quinta-3\/#main\" data-orig-file=\"https:\/\/www.hoymercedes.com.ar\/principal\/wp-content\/uploads\/2016\/08\/Quinta.png\" data-orig-size=\"632,348\" data-comments-opened=\"1\" data-image-meta=\"{&quot;aperture&quot;:&quot;0&quot;,&quot;credit&quot;:&quot;&quot;,&quot;camera&quot;:&quot;&quot;,&quot;caption&quot;:&quot;&quot;,&quot;created_timestamp&quot;:&quot;0&quot;,&quot;copyright&quot;:&quot;&quot;,&quot;focal_length&quot;:&quot;0&quot;,&quot;iso&quot;:&quot;0&quot;,&quot;shutter_speed&quot;:&quot;0&quot;,&quot;title&quot;:&quot;&quot;,&quot;orientation&quot;:&quot;0&quot;}\" data-image-title=\"Quinta\" data-image-description=\"\" data-image-caption=\"\" data-large-file=\"https:\/\/www.hoymercedes.com.ar\/principal\/wp-content\/uploads\/2016\/08\/Quinta.png\" class=\"aligncenter size-medium wp-image-53818\" src=\"https:\/\/www.hoymercedes.com.ar\/principal\/wp-content\/uploads\/2016\/08\/Quinta-630x347.png\" alt=\"Quinta\" width=\"630\" height=\"347\" srcset=\"https:\/\/www.hoymercedes.com.ar\/principal\/wp-content\/uploads\/2016\/08\/Quinta-630x347.png 630w, https:\/\/www.hoymercedes.com.ar\/principal\/wp-content\/uploads\/2016\/08\/Quinta-150x83.png 150w, https:\/\/www.hoymercedes.com.ar\/principal\/wp-content\/uploads\/2016\/08\/Quinta.png 632w\" sizes=\"auto, (max-width: 630px) 100vw, 630px\" \/> <img loading=\"lazy\" decoding=\"async\" data-attachment-id=\"53819\" data-permalink=\"https:\/\/www.hoymercedes.com.ar\/principal\/2016\/08\/23\/estudiantes-se-quedo-con-todo-ante-cef-40\/septima-3\/#main\" data-orig-file=\"https:\/\/www.hoymercedes.com.ar\/principal\/wp-content\/uploads\/2016\/08\/Septima.png\" data-orig-size=\"632,374\" data-comments-opened=\"1\" data-image-meta=\"{&quot;aperture&quot;:&quot;0&quot;,&quot;credit&quot;:&quot;&quot;,&quot;camera&quot;:&quot;&quot;,&quot;caption&quot;:&quot;&quot;,&quot;created_timestamp&quot;:&quot;0&quot;,&quot;copyright&quot;:&quot;&quot;,&quot;focal_length&quot;:&quot;0&quot;,&quot;iso&quot;:&quot;0&quot;,&quot;shutter_speed&quot;:&quot;0&quot;,&quot;title&quot;:&quot;&quot;,&quot;orientation&quot;:&quot;0&quot;}\" data-image-title=\"Septima\" data-image-description=\"\" data-image-caption=\"\" data-large-file=\"https:\/\/www.hoymercedes.com.ar\/principal\/wp-content\/uploads\/2016\/08\/Septima.png\" class=\"aligncenter size-medium wp-image-53819\" src=\"https:\/\/www.hoymercedes.com.ar\/principal\/wp-content\/uploads\/2016\/08\/Septima-630x373.png\" alt=\"Septima\" width=\"630\" height=\"373\" srcset=\"https:\/\/www.hoymercedes.com.ar\/principal\/wp-content\/uploads\/2016\/08\/Septima-630x373.png 630w, https:\/\/www.hoymercedes.com.ar\/principal\/wp-content\/uploads\/2016\/08\/Septima-150x89.png 150w, https:\/\/www.hoymercedes.com.ar\/principal\/wp-content\/uploads\/2016\/08\/Septima.png 632w\" sizes=\"auto, (max-width: 630px) 100vw, 630px\" \/> <img loading=\"lazy\" decoding=\"async\" data-attachment-id=\"53820\" data-permalink=\"https:\/\/www.hoymercedes.com.ar\/principal\/2016\/08\/23\/estudiantes-se-quedo-con-todo-ante-cef-40\/sexta-3\/#main\" data-orig-file=\"https:\/\/www.hoymercedes.com.ar\/principal\/wp-content\/uploads\/2016\/08\/Sexta.png\" data-orig-size=\"632,324\" data-comments-opened=\"1\" data-image-meta=\"{&quot;aperture&quot;:&quot;0&quot;,&quot;credit&quot;:&quot;&quot;,&quot;camera&quot;:&quot;&quot;,&quot;caption&quot;:&quot;&quot;,&quot;created_timestamp&quot;:&quot;0&quot;,&quot;copyright&quot;:&quot;&quot;,&quot;focal_length&quot;:&quot;0&quot;,&quot;iso&quot;:&quot;0&quot;,&quot;shutter_speed&quot;:&quot;0&quot;,&quot;title&quot;:&quot;&quot;,&quot;orientation&quot;:&quot;0&quot;}\" data-image-title=\"Sexta\" data-image-description=\"\" data-image-caption=\"\" data-large-file=\"https:\/\/www.hoymercedes.com.ar\/principal\/wp-content\/uploads\/2016\/08\/Sexta.png\" class=\"aligncenter size-medium wp-image-53820\" src=\"https:\/\/www.hoymercedes.com.ar\/principal\/wp-content\/uploads\/2016\/08\/Sexta-630x323.png\" alt=\"Sexta\" width=\"630\" height=\"323\" srcset=\"https:\/\/www.hoymercedes.com.ar\/principal\/wp-content\/uploads\/2016\/08\/Sexta-630x323.png 630w, https:\/\/www.hoymercedes.com.ar\/principal\/wp-content\/uploads\/2016\/08\/Sexta-150x77.png 150w, https:\/\/www.hoymercedes.com.ar\/principal\/wp-content\/uploads\/2016\/08\/Sexta.png 632w\" sizes=\"auto, (max-width: 630px) 100vw, 630px\" \/><\/p>\n","protected":false},"excerpt":{"rendered":"<p>El s\u00e1bado se jugaron cuatro partidos por la Liga del Noroeste Bonaerense de Hockey de los cuales tres sirvieron para &#8230; <a title=\"Estudiantes se qued\u00f3 con todo ante CEF 40\" class=\"read-more\" href=\"https:\/\/www.hoymercedes.com.ar\/principal\/2016\/08\/23\/estudiantes-se-quedo-con-todo-ante-cef-40\/\" aria-label=\"Leer m\u00e1s sobre Estudiantes se qued\u00f3 con todo ante CEF 40\">Leer m\u00e1s<\/a><\/p>\n","protected":false},"author":1,"featured_media":53815,"comment_status":"open","ping_status":"open","sticky":false,"template":"","format":"standard","meta":{"_monsterinsights_skip_tracking":false,"_monsterinsights_sitenote_active":false,"_monsterinsights_sitenote_note":"","_monsterinsights_sitenote_category":0,"jetpack_post_was_ever_published":false,"_jetpack_newsletter_access":"","_jetpack_dont_email_post_to_subs":false,"_jetpack_newsletter_tier_id":0,"_jetpack_memberships_contains_paywalled_content":false,"_jetpack_memberships_contains_paid_content":false,"footnotes":"","jetpack_publicize_message":"","jetpack_publicize_feature_enabled":true,"jetpack_social_post_already_shared":true,"jetpack_social_options":{"image_generator_settings":{"template":"highway","default_image_id":0,"font":"","enabled":false},"version":2},"_wpas_customize_per_network":false},"categories":[21],"tags":[],"class_list":["post-53814","post","type-post","status-publish","format-standard","has-post-thumbnail","hentry","category-deportes","generate-columns","tablet-grid-50","mobile-grid-100","grid-parent","grid-50"],"jetpack_publicize_connections":[],"jetpack_featured_media_url":"https:\/\/www.hoymercedes.com.ar\/principal\/wp-content\/uploads\/2016\/08\/Copa-de-Clubes.png","wps_subtitle":"Hockey Femenino","jetpack_sharing_enabled":true,"_links":{"self":[{"href":"https:\/\/www.hoymercedes.com.ar\/principal\/wp-json\/wp\/v2\/posts\/53814","targetHints":{"allow":["GET"]}}],"collection":[{"href":"https:\/\/www.hoymercedes.com.ar\/principal\/wp-json\/wp\/v2\/posts"}],"about":[{"href":"https:\/\/www.hoymercedes.com.ar\/principal\/wp-json\/wp\/v2\/types\/post"}],"author":[{"embeddable":true,"href":"https:\/\/www.hoymercedes.com.ar\/principal\/wp-json\/wp\/v2\/users\/1"}],"replies":[{"embeddable":true,"href":"https:\/\/www.hoymercedes.com.ar\/principal\/wp-json\/wp\/v2\/comments?post=53814"}],"version-history":[{"count":0,"href":"https:\/\/www.hoymercedes.com.ar\/principal\/wp-json\/wp\/v2\/posts\/53814\/revisions"}],"wp:featuredmedia":[{"embeddable":true,"href":"https:\/\/www.hoymercedes.com.ar\/principal\/wp-json\/wp\/v2\/media\/53815"}],"wp:attachment":[{"href":"https:\/\/www.hoymercedes.com.ar\/principal\/wp-json\/wp\/v2\/media?parent=53814"}],"wp:term":[{"taxonomy":"category","embeddable":true,"href":"https:\/\/www.hoymercedes.com.ar\/principal\/wp-json\/wp\/v2\/categories?post=53814"},{"taxonomy":"post_tag","embeddable":true,"href":"https:\/\/www.hoymercedes.com.ar\/principal\/wp-json\/wp\/v2\/tags?post=53814"}],"curies":[{"name":"wp","href":"https:\/\/api.w.org\/{rel}","templated":true}]}}