{"id":53845,"date":"2016-08-23T10:59:19","date_gmt":"2016-08-23T13:59:19","guid":{"rendered":"http:\/\/www.hoymercedes.com.ar\/principal\/?p=53845"},"modified":"2016-08-23T09:21:03","modified_gmt":"2016-08-23T12:21:03","slug":"alumnos-de-la-fadu-uba-de-recorrida-por-la-ciudad","status":"publish","type":"post","link":"https:\/\/www.hoymercedes.com.ar\/principal\/2016\/08\/23\/alumnos-de-la-fadu-uba-de-recorrida-por-la-ciudad\/","title":{"rendered":"Alumnos de la FADU-UBA de recorrida por la ciudad"},"content":{"rendered":"<p>En el marco del acuerdo realizado por el municipio de Mercedes y la C\u00e1tedra Arqto. Guillermo Tella, materia: \u201cCiudades Para Armar\u201d, del sexto a\u00f1o de la Facultad de Arquitectura, Dise\u00f1o y Urbanismo de la Universidad de Buenos Aires, un conjunto de docentes y alrededor de cuarenta alumnos, se hicieron presentes en nuestra ciudad el pasado s\u00e1bado en plaza San Mart\u00edn, siendo recibidos por el Intendente Municipal Dr. Juan Ignacio Ustarroz, acompa\u00f1ado por el\u00a0 Director de Planeamiento de la Municipalidad de Mercedes Arq. Miguel Brady.<\/p>\n<p>Luego de las palabras de bienvenida, el Arq. Brady se encarg\u00f3 de brindar un pantallazo general de lo que es el Partido de Mercedes, incluyendo sus localidades, expresando particularidades diversas de los distintos sectores que ocupa la ciudad, caracter\u00edsticas topogr\u00e1ficas, hist\u00f3ricas, haciendo hincapi\u00e9 en la zona Gowland-Agote, donde se estudia el impacto ambiental que ocasionara la instalaci\u00f3n de la C\u00e1rcel Federal y el traslado de la Unidad Penitenciaria N\u00ba 5, adem\u00e1s de brindar datos del Sector Industrial Planificado y la caracter\u00edsticas que adopta la cuenca \u00a0del R\u00edo Lujan, en su paso por la planta urbana y las zonas que a ra\u00edz de los \u00faltimos fen\u00f3menos clim\u00e1ticos fueron afectadas por su desborde.<\/p>\n<p>El Jefe Comunal, puso a disposici\u00f3n recursos municipales y toda la colaboraci\u00f3n para la tarea que los alumnos y docentes vienen a realizar a la ciudad, sabiendo que esta ha sido solo la primer visita, y teniendo en cuanta que los datos y estudios que realicen, pueden ser realmente beneficiosos para el desarrollo de pol\u00edticas a futuro, para aplicarse en la ciudad.<\/p>\n<p>El grupo tiene previsto un calendario de nuevas visitas para cumplir con el trabajo de campo necesario y a su vez est\u00e1 comprometida la presencia de las autoridades municipales y organizaciones intermedias de la ciudad, para asistir a una clase en la sede de la FADU, a modo de interactuaci\u00f3n de los representantes y ciudadanos locales con los docentes y alumnos que llevan adelante la tarea.<\/p>\n<p>Llegada la etapa de finalizaci\u00f3n de la materia, est\u00e1 prevista la presentaci\u00f3n de las conclusiones de los trabajos realizados, por parte de los alumnos, en el sal\u00f3n del Honorable Concejo Deliberante de nuestra ciudad, la cual ser\u00e1 abierto a toda la comunidad.<\/p>\n<p>Fuente: Prensa Municipal<\/p>\n","protected":false},"excerpt":{"rendered":"<p>En el marco del acuerdo realizado por el municipio de Mercedes y la C\u00e1tedra Arqto. Guillermo Tella, materia: \u201cCiudades Para &#8230; <a title=\"Alumnos de la FADU-UBA de recorrida por la ciudad\" class=\"read-more\" href=\"https:\/\/www.hoymercedes.com.ar\/principal\/2016\/08\/23\/alumnos-de-la-fadu-uba-de-recorrida-por-la-ciudad\/\" aria-label=\"Leer m\u00e1s sobre Alumnos de la FADU-UBA de recorrida por la ciudad\">Leer m\u00e1s<\/a><\/p>\n","protected":false},"author":1,"featured_media":53846,"comment_status":"open","ping_status":"open","sticky":false,"template":"","format":"standard","meta":{"_monsterinsights_skip_tracking":false,"_monsterinsights_sitenote_active":false,"_monsterinsights_sitenote_note":"","_monsterinsights_sitenote_category":0,"jetpack_post_was_ever_published":false,"_jetpack_newsletter_access":"","_jetpack_dont_email_post_to_subs":false,"_jetpack_newsletter_tier_id":0,"_jetpack_memberships_contains_paywalled_content":false,"_jetpack_memberships_contains_paid_content":false,"footnotes":"","jetpack_publicize_message":"","jetpack_publicize_feature_enabled":true,"jetpack_social_post_already_shared":true,"jetpack_social_options":{"image_generator_settings":{"template":"highway","default_image_id":0,"font":"","enabled":false},"version":2},"_wpas_customize_per_network":false},"categories":[30],"tags":[9926,244],"class_list":["post-53845","post","type-post","status-publish","format-standard","has-post-thumbnail","hentry","category-municipio","tag-fadu-uba","tag-municipio-2","generate-columns","tablet-grid-50","mobile-grid-100","grid-parent","grid-50"],"jetpack_publicize_connections":[],"jetpack_featured_media_url":"https:\/\/www.hoymercedes.com.ar\/principal\/wp-content\/uploads\/2016\/08\/23-FADU-UBA.jpg","wps_subtitle":"C\u00e1tedra \"Ciudades para Armar\"","jetpack_sharing_enabled":true,"_links":{"self":[{"href":"https:\/\/www.hoymercedes.com.ar\/principal\/wp-json\/wp\/v2\/posts\/53845","targetHints":{"allow":["GET"]}}],"collection":[{"href":"https:\/\/www.hoymercedes.com.ar\/principal\/wp-json\/wp\/v2\/posts"}],"about":[{"href":"https:\/\/www.hoymercedes.com.ar\/principal\/wp-json\/wp\/v2\/types\/post"}],"author":[{"embeddable":true,"href":"https:\/\/www.hoymercedes.com.ar\/principal\/wp-json\/wp\/v2\/users\/1"}],"replies":[{"embeddable":true,"href":"https:\/\/www.hoymercedes.com.ar\/principal\/wp-json\/wp\/v2\/comments?post=53845"}],"version-history":[{"count":0,"href":"https:\/\/www.hoymercedes.com.ar\/principal\/wp-json\/wp\/v2\/posts\/53845\/revisions"}],"wp:featuredmedia":[{"embeddable":true,"href":"https:\/\/www.hoymercedes.com.ar\/principal\/wp-json\/wp\/v2\/media\/53846"}],"wp:attachment":[{"href":"https:\/\/www.hoymercedes.com.ar\/principal\/wp-json\/wp\/v2\/media?parent=53845"}],"wp:term":[{"taxonomy":"category","embeddable":true,"href":"https:\/\/www.hoymercedes.com.ar\/principal\/wp-json\/wp\/v2\/categories?post=53845"},{"taxonomy":"post_tag","embeddable":true,"href":"https:\/\/www.hoymercedes.com.ar\/principal\/wp-json\/wp\/v2\/tags?post=53845"}],"curies":[{"name":"wp","href":"https:\/\/api.w.org\/{rel}","templated":true}]}}