{"id":53848,"date":"2016-08-23T09:39:52","date_gmt":"2016-08-23T12:39:52","guid":{"rendered":"http:\/\/www.hoymercedes.com.ar\/principal\/?p=53848"},"modified":"2016-08-23T09:39:52","modified_gmt":"2016-08-23T12:39:52","slug":"capacitacion-como-vender-en-internet","status":"publish","type":"post","link":"https:\/\/www.hoymercedes.com.ar\/principal\/2016\/08\/23\/capacitacion-como-vender-en-internet\/","title":{"rendered":"Capacitaci\u00f3n: C\u00f3mo vender en internet"},"content":{"rendered":"<p>Desde la C\u00e1mara Econ\u00f3mica Mercedina invitaron a una nueva capacitaci\u00f3n para emprendedores. En esta oportunidad la tem\u00e1tica es \u00abC\u00f3mo Vender en Internet\u00bb y estar\u00e1 a cargo de Marcelo Far\u00edas. El curso ser\u00e1 el viernes 26 de agosto, a la hora 13, en la sede de la CEM. \u00a0Con entrada libre y gratuita.<\/p>\n<p>Buscando alternativas para poder hacer crecer nuestro negocio, peque\u00f1o o gran empresa; debemos adecuarnos a los tiempos que corren y aprovechar al m\u00e1ximo el potencial que nos brindan los nuevos sistemas globales. Hoy donde la tecnolog\u00eda est\u00e1 al alcance de cualquiera, vender o darnos a conocer es mas sencillo; pero al momento de poder hacerlo nos encontramos con un abanico tan grande de posibilidades que se nos hace engorroso, por lo que este \u201cCurso \u2013 capacitaci\u00f3n\u201d, viene a allanarnos este camino, para poder comprender de manera sencilla todas las aristas que se nos brinda y t\u00e9cnicas de c\u00f3mo \u201cVender en Internet\u201d.<\/p>\n<p>C\u00f3mo realizar campa\u00f1as de e-mail marketing; cat\u00e1logos online; redes sociales (como utilizarlas de manera provechosa y automatizar mis post); ventas en Mercado Libre; Google adwords; utilizaci\u00f3n de recursos m\u00f3viles; entre otros temas, ser\u00e1n tratados en esta charla en La C\u00e1mara Econ\u00f3mica de Mercedes, en calle 29 entre 26 y 28. El d\u00eda viernes 26, a partir de las 13 hs. Con entrada libre y gratuita.<\/p>\n","protected":false},"excerpt":{"rendered":"<p>Desde la C\u00e1mara Econ\u00f3mica Mercedina invitaron a una nueva capacitaci\u00f3n para emprendedores. En esta oportunidad la tem\u00e1tica es \u00abC\u00f3mo Vender &#8230; <a title=\"Capacitaci\u00f3n: C\u00f3mo vender en internet\" class=\"read-more\" href=\"https:\/\/www.hoymercedes.com.ar\/principal\/2016\/08\/23\/capacitacion-como-vender-en-internet\/\" aria-label=\"Leer m\u00e1s sobre Capacitaci\u00f3n: C\u00f3mo vender en internet\">Leer m\u00e1s<\/a><\/p>\n","protected":false},"author":1,"featured_media":0,"comment_status":"open","ping_status":"open","sticky":false,"template":"","format":"standard","meta":{"_monsterinsights_skip_tracking":false,"_monsterinsights_sitenote_active":false,"_monsterinsights_sitenote_note":"","_monsterinsights_sitenote_category":0,"jetpack_post_was_ever_published":false,"_jetpack_newsletter_access":"","_jetpack_dont_email_post_to_subs":false,"_jetpack_newsletter_tier_id":0,"_jetpack_memberships_contains_paywalled_content":false,"_jetpack_memberships_contains_paid_content":false,"footnotes":"","jetpack_publicize_message":"","jetpack_publicize_feature_enabled":true,"jetpack_social_post_already_shared":true,"jetpack_social_options":{"image_generator_settings":{"template":"highway","default_image_id":0,"font":"","enabled":false},"version":2},"_wpas_customize_per_network":false},"categories":[11],"tags":[8656,682,1734],"class_list":["post-53848","post","type-post","status-publish","format-standard","hentry","category-ciudad","tag-capacitacion","tag-cem","tag-ciudad-2","generate-columns","tablet-grid-50","mobile-grid-100","grid-parent","grid-50"],"jetpack_publicize_connections":[],"jetpack_featured_media_url":"","wps_subtitle":"","jetpack_sharing_enabled":true,"_links":{"self":[{"href":"https:\/\/www.hoymercedes.com.ar\/principal\/wp-json\/wp\/v2\/posts\/53848","targetHints":{"allow":["GET"]}}],"collection":[{"href":"https:\/\/www.hoymercedes.com.ar\/principal\/wp-json\/wp\/v2\/posts"}],"about":[{"href":"https:\/\/www.hoymercedes.com.ar\/principal\/wp-json\/wp\/v2\/types\/post"}],"author":[{"embeddable":true,"href":"https:\/\/www.hoymercedes.com.ar\/principal\/wp-json\/wp\/v2\/users\/1"}],"replies":[{"embeddable":true,"href":"https:\/\/www.hoymercedes.com.ar\/principal\/wp-json\/wp\/v2\/comments?post=53848"}],"version-history":[{"count":0,"href":"https:\/\/www.hoymercedes.com.ar\/principal\/wp-json\/wp\/v2\/posts\/53848\/revisions"}],"wp:attachment":[{"href":"https:\/\/www.hoymercedes.com.ar\/principal\/wp-json\/wp\/v2\/media?parent=53848"}],"wp:term":[{"taxonomy":"category","embeddable":true,"href":"https:\/\/www.hoymercedes.com.ar\/principal\/wp-json\/wp\/v2\/categories?post=53848"},{"taxonomy":"post_tag","embeddable":true,"href":"https:\/\/www.hoymercedes.com.ar\/principal\/wp-json\/wp\/v2\/tags?post=53848"}],"curies":[{"name":"wp","href":"https:\/\/api.w.org\/{rel}","templated":true}]}}