{"id":53851,"date":"2016-08-23T09:58:33","date_gmt":"2016-08-23T12:58:33","guid":{"rendered":"http:\/\/www.hoymercedes.com.ar\/principal\/?p=53851"},"modified":"2016-08-23T17:39:42","modified_gmt":"2016-08-23T20:39:42","slug":"polemica-por-una-cadete-de-la-local-que-no-fue-nombrada","status":"publish","type":"post","link":"https:\/\/www.hoymercedes.com.ar\/principal\/2016\/08\/23\/polemica-por-una-cadete-de-la-local-que-no-fue-nombrada\/","title":{"rendered":"Mercedina solicita a Provincia sea nombrada en la Polic\u00eda"},"content":{"rendered":"<p><img loading=\"lazy\" decoding=\"async\" data-attachment-id=\"53717\" data-permalink=\"https:\/\/www.hoymercedes.com.ar\/principal\/2016\/08\/19\/hidraulica-bonaerense-proyecta-obras-de-puentes-del-rio-lujan\/19-poli-denunca\/#main\" data-orig-file=\"https:\/\/www.hoymercedes.com.ar\/principal\/wp-content\/uploads\/2016\/08\/19-poli-denunca.jpg\" data-orig-size=\"448,299\" data-comments-opened=\"1\" data-image-meta=\"{&quot;aperture&quot;:&quot;6.3&quot;,&quot;credit&quot;:&quot;&quot;,&quot;camera&quot;:&quot;NIKON D3100&quot;,&quot;caption&quot;:&quot;&quot;,&quot;created_timestamp&quot;:&quot;1471608389&quot;,&quot;copyright&quot;:&quot;&quot;,&quot;focal_length&quot;:&quot;40&quot;,&quot;iso&quot;:&quot;100&quot;,&quot;shutter_speed&quot;:&quot;0.00625&quot;,&quot;title&quot;:&quot;&quot;,&quot;orientation&quot;:&quot;1&quot;}\" data-image-title=\"19 poli denunca\" data-image-description=\"\" data-image-caption=\"\" data-large-file=\"https:\/\/www.hoymercedes.com.ar\/principal\/wp-content\/uploads\/2016\/08\/19-poli-denunca.jpg\" class=\"aligncenter wp-image-53717\" src=\"https:\/\/www.hoymercedes.com.ar\/principal\/wp-content\/uploads\/2016\/08\/19-poli-denunca.jpg\" alt=\"19 poli denunca\" width=\"620\" height=\"414\" srcset=\"https:\/\/www.hoymercedes.com.ar\/principal\/wp-content\/uploads\/2016\/08\/19-poli-denunca.jpg 448w, https:\/\/www.hoymercedes.com.ar\/principal\/wp-content\/uploads\/2016\/08\/19-poli-denunca-150x100.jpg 150w, https:\/\/www.hoymercedes.com.ar\/principal\/wp-content\/uploads\/2016\/08\/19-poli-denunca-300x200.jpg 300w\" sizes=\"auto, (max-width: 620px) 100vw, 620px\" \/><\/p>\n<p>Una joven denunci\u00f3 p\u00fablicamente una situaci\u00f3n por la que est\u00e1 atravesando: era cadete de la Polic\u00eda Local el a\u00f1o pasado, sobre el final de la cursada debi\u00f3 ser intervenida quir\u00fargicamente en tres ocasiones por padecer hidrocefalia qu\u00edstica. La Provincia de Buenos Aires nunca le dio el nombramiento y desea ser parte de la fuerza y el puesto de trabajo.<\/p>\n<p>Hoy est\u00e1 a la espera de respuestas ya que en la Junta M\u00e9dica platense le dijeron que no era apta para ser nombrada ya que por su condici\u00f3n no pod\u00eda trabajar en el servicio de calle.<\/p>\n<p>Ella afirma\u00a0 que las autoridades locales cuyo responsable es el Comisario Gimeno, le habr\u00edan manifestado la posibilidad de ser nombrada para el servicio administrativo, ya que hab\u00eda concluido la capacitaci\u00f3n. Actualmente\u00a0sigue con situaci\u00f3n de revista de cadete, pero no sabe hasta cu\u00e1ndo y espera una respuesta, sobre todo por el tratamiento m\u00e9dico que deber\u00e1 continuar.<\/p>\n<p><strong>Sandra Barrera<\/strong> cont\u00f3 que el a\u00f1o pasado \u2013a fines de junio &#8211; ingres\u00f3 como cadete de la Polic\u00eda Local. \u201cYo termin\u00e9 el curso, faltaba un mes para recibirme. Dos meses antes tuve un accidente dentro de lo que fueron las jornadas de formaci\u00f3n y sufr\u00ed un golpe en la cabeza. Empec\u00e9 a tener descompensaciones, problemas de presi\u00f3n arterial y en una de las clases de educaci\u00f3n f\u00edsica me descompuse y tuve convulsiones. Termin\u00e9 en el hospital gracias a mis compa\u00f1eros que me auxiliaron. Me hicieron una tomograf\u00eda y la m\u00e9dica me dijo que fuera a un especialista para que me diera un mejor diagn\u00f3stico porque no me vio bien. Me hice atender en La Plata, me dijeron que ten\u00eda hidrocefalia qu\u00edstica, que es l\u00edquido en la cabeza, y que ten\u00eda que ir lo antes posible para que me intervengan. Comuniqu\u00e9 todo esto a mis superiores. La ART me dio de baja, me tuve que manejar por IOMA pero tuve que dar un mont\u00f3n de vueltas para lograr una soluci\u00f3n que \u2013si hubiera tenido la ART \u2013 no hubiese sido tan complicado\u201d.<\/p>\n<p>Se hizo tratar con el doctor Molla en la cl\u00ednica Nueva Cruz Azul. \u201cEstuve internada en el hospital de General Rodr\u00edguez y en observaci\u00f3n. Tuve una descompensaci\u00f3n y me tuvieron que operar de urgencia. Me ten\u00edan que colocar una v\u00e1lvula que tard\u00f3 m\u00e1s tiempo del esperado. Me tuve que operar tres veces en total\u201d, indic\u00f3.<\/p>\n<p>Adem\u00e1s, cont\u00f3 que \u201ccuando estaba en toda esta situaci\u00f3n me llamaron de la Polic\u00eda Local y me dijeron que me quedara tranquila, que el nombramiento ya lo ten\u00eda; que cuando me dieran el alta m\u00e9dica iba a poder empezar a trabajar. Pas\u00f3 el tiempo y me present\u00e9. Faltaban quince d\u00edas para que la Polic\u00eda Local saliera a la calle y de pronto me dijeron que no ten\u00eda el nombramiento. Fui a una reuni\u00f3n m\u00e9dica en La Plata y me encontr\u00e9 con que no me brindaban trabajo\u201d.<\/p>\n<p>&nbsp;<\/p>\n<p><strong>El accidente seg\u00fan Barrera<\/strong><\/p>\n<p>Seg\u00fan cont\u00f3 Barrera el golpe que le ocasion\u00f3 todo esto ocurri\u00f3 el 7 de noviembre \u201ccuando est\u00e1bamos en una jornada en el Tiro Federal que dur\u00f3 ocho horas. Hicimos un simulacro de disturbio, en el que est\u00e1bamos con escudos. Uno de mis compa\u00f1eros me empuj\u00f3 \u2013como parte de este simulacro \u2013 y el escudo me termin\u00f3 dando fuertemente en la cabeza. Qued\u00e9 descompuesta. Me levantaron y me exigieron que terminara la jornada. Pude hacerlo, pero cuando volv\u00ed a mi casa me desmay\u00e9 y estuve descompuesta. En esos primeros d\u00edas no le di mucha importancia porque pens\u00e9 que era por cansancio o algo as\u00ed. A la semana, cuando fui a la clase de educaci\u00f3n f\u00edsica termin\u00e9 en el hospital por una convulsi\u00f3n y ah\u00ed me descubrieron todo esto\u201d.<\/p>\n<p>Fue intervenida en el hospital de General Rodr\u00edguez. Tras su recuperaci\u00f3n retom\u00f3 las charlas que se dieron en el \u00faltimo periodo previo a los nombramientos de los oficiales de la Polic\u00eda Local. Sin embargo, a la hora del egreso le comunicaron que ella \u201cno era apta\u201d.<\/p>\n<p>\u201cTuve que ir a junta m\u00e9dica en La Plata y me dijeron que no me daban el \u201capto\u201d porque ten\u00eda una v\u00e1lvula en la cabeza y el Polic\u00eda Local s\u00ed o s\u00ed tiene que cumplir el servicio de calle. No me quieren brindar el lugar de oficina directamente para hacer tareas no operativas\u201d, expres\u00f3.<\/p>\n<p>En tanto, indic\u00f3 que \u201choy estoy con un sueldo de cadete y no s\u00e9 hasta cu\u00e1ndo. Los superiores me dijeron que me iban a brindar ayuda pero nunca m\u00e1s me dijeron nada. Hace cuatro meses y medio que estoy sin trabajo. Ni tampoco s\u00e9 si me van a seguir brindando la obra social que es gracias a la cual me puedo hacer los estudios porque son car\u00edsimos si los tengo que hacer particular y hoy otro ingreso no tengo\u201d.<\/p>\n<p>La joven considera que podr\u00eda efectuar tareas en la parte de administraci\u00f3n: \u201cYo hice toda la formaci\u00f3n y el mes que falt\u00e9 ya hab\u00edan terminado las jornadas de estudio. Adem\u00e1s me dijeron en ese momento que me quedara tranquila porque me hab\u00eda llegado el nombramiento. Y ahora me dijeron que no y estoy en la nada\u201d y a\u00f1adi\u00f3: \u201cHabl\u00e9 con las autoridades locales y me dijeron que me iban a gestionar un puesto, que me iban a llamar pero hace ya m\u00e1s de cuatro meses y todav\u00eda no supe nada ni tuve soluci\u00f3n alguna\u201d<\/p>\n<p>Barrera tampoco tendr\u00eda alternativas legales. \u201cLos abogados con los que hable no se quieren hacer cargo del caso. Por lo \u00fanico que pude conseguir es por la ART para que me hagan un reintegro\u201d.<\/p>\n<p>&nbsp;<\/p>\n<p><strong>Hablo el subcomisario Gimeno<\/strong><\/p>\n<p>El titular de la Polic\u00eda Local, subcomisario <strong>Jos\u00e9 Luis Gimeno<\/strong> indic\u00f3 que se sorprendi\u00f3 con las declaraciones p\u00fablicas de la joven. \u201cLa acompa\u00f1amos a todos lados, le llevamos el sueldo cuando estuvo internada, compa\u00f1eros juntaron dinero para ayudarla, la visitaron al hospital. Yo hice la denuncia a la ART pero no le dan la prestaci\u00f3n porque no era un accidente laboral\u201d, asegur\u00f3 el jefe de la Local.<\/p>\n<p>Adem\u00e1s, indic\u00f3: \u201cYo le coment\u00e9 en su momento que iba a averiguar si pod\u00eda quedar como administrativa de polic\u00eda. Pero por su condici\u00f3n le expliqu\u00e9 que de La Plata me se\u00f1alaron que no pod\u00eda serlo y se lo manifest\u00e9\u201d.<\/p>\n<p>Seg\u00fan cont\u00f3 Gimeno \u201cesta chica se desmay\u00f3 un d\u00eda. No era algo fuera de lo com\u00fan porque sucedi\u00f3 mucho que los chicos no desayunaban como corresponde antes de ir a los entrenamientos. Al tiempo se desmaya nuevamente, se la llev\u00f3 al hospital y la ven deteriorada en el sentido de la salud ya que ten\u00eda fuert\u00edsimos dolores de cabeza. Le mandaron a hacer los estudios y le detectan un tumor en el cerebro. Comenz\u00f3 a hacerse estudios y con Esteban Rossi le conseguimos turno en Chivilcoy. Ella dice que el tumor es por un golpe que tuvo: yo no soy m\u00e9dico para asegurarlo\u201d.<\/p>\n<p>Luego indic\u00f3 que se la atendi\u00f3 en el sector de sanidad a la delegaci\u00f3n Mercedes, fue monitoreada, se le dieron las carpetas que necesitaba y fue a Junta M\u00e9dica Superior en La Plata. \u201cEn la \u00faltima Junta le dicen que no puede ejercer la funci\u00f3n policial\u201d, lament\u00f3 y agreg\u00f3: \u201cElla ten\u00eda muchas ilusiones de entrar en polic\u00eda. Lamentablemente su salud no se lo permite. Yo estoy seguro que ella cree poder, pero la Junta M\u00e9dica dice que no. A m\u00ed me encantar\u00eda que pueda tener esa posibilidad, pero lamentablemente su condici\u00f3n se lo impide y las directivas vienen de la superioridad\u201d.<\/p>\n<p>Por otro lado, consultado sobre la posibilidad de que tuviera dicha afectaci\u00f3n previamente indic\u00f3: \u201cEn los estudios previos no sali\u00f3 nada porque no se piden resonancia de la cabeza. Muchas veces si no hay s\u00edntomas no se detectan los tumores. No tenemos constancia de que se haya golpeado tan fuerte, pero si se la asisti\u00f3 cuando se le descompens\u00f3 en educaci\u00f3n f\u00edsica. Nosotros enviamos toda la documentaci\u00f3n a La Plata y tenemos copia de todas las actuaciones que se hicieron en su caso\u201d.<\/p>\n<p>(Fuente: El Nuevo Cronista)<\/p>\n","protected":false},"excerpt":{"rendered":"<p>Una joven denunci\u00f3 p\u00fablicamente una situaci\u00f3n por la que est\u00e1 atravesando: era cadete de la Polic\u00eda Local el a\u00f1o pasado, &#8230; <a title=\"Mercedina solicita a Provincia sea nombrada en la Polic\u00eda\" class=\"read-more\" href=\"https:\/\/www.hoymercedes.com.ar\/principal\/2016\/08\/23\/polemica-por-una-cadete-de-la-local-que-no-fue-nombrada\/\" aria-label=\"Leer m\u00e1s sobre Mercedina solicita a Provincia sea nombrada en la Polic\u00eda\">Leer m\u00e1s<\/a><\/p>\n","protected":false},"author":1,"featured_media":53717,"comment_status":"open","ping_status":"open","sticky":false,"template":"","format":"standard","meta":{"_monsterinsights_skip_tracking":false,"_monsterinsights_sitenote_active":false,"_monsterinsights_sitenote_note":"","_monsterinsights_sitenote_category":0,"jetpack_post_was_ever_published":false,"_jetpack_newsletter_access":"","_jetpack_dont_email_post_to_subs":false,"_jetpack_newsletter_tier_id":0,"_jetpack_memberships_contains_paywalled_content":false,"_jetpack_memberships_contains_paid_content":false,"footnotes":"","jetpack_publicize_message":"","jetpack_publicize_feature_enabled":true,"jetpack_social_post_already_shared":true,"jetpack_social_options":{"image_generator_settings":{"template":"highway","default_image_id":0,"font":"","enabled":false},"version":2},"_wpas_customize_per_network":false},"categories":[85],"tags":[7033,9929,7854,9928],"class_list":["post-53851","post","type-post","status-publish","format-standard","has-post-thumbnail","hentry","category-policial","tag-denuncia","tag-jose-luis-gimeno","tag-policia-local","tag-sandra-barrera","generate-columns","tablet-grid-50","mobile-grid-100","grid-parent","grid-50"],"jetpack_publicize_connections":[],"jetpack_featured_media_url":"https:\/\/www.hoymercedes.com.ar\/principal\/wp-content\/uploads\/2016\/08\/19-poli-denunca.jpg","wps_subtitle":"Pide ayuda para poder tener su trabajo","jetpack_sharing_enabled":true,"_links":{"self":[{"href":"https:\/\/www.hoymercedes.com.ar\/principal\/wp-json\/wp\/v2\/posts\/53851","targetHints":{"allow":["GET"]}}],"collection":[{"href":"https:\/\/www.hoymercedes.com.ar\/principal\/wp-json\/wp\/v2\/posts"}],"about":[{"href":"https:\/\/www.hoymercedes.com.ar\/principal\/wp-json\/wp\/v2\/types\/post"}],"author":[{"embeddable":true,"href":"https:\/\/www.hoymercedes.com.ar\/principal\/wp-json\/wp\/v2\/users\/1"}],"replies":[{"embeddable":true,"href":"https:\/\/www.hoymercedes.com.ar\/principal\/wp-json\/wp\/v2\/comments?post=53851"}],"version-history":[{"count":0,"href":"https:\/\/www.hoymercedes.com.ar\/principal\/wp-json\/wp\/v2\/posts\/53851\/revisions"}],"wp:featuredmedia":[{"embeddable":true,"href":"https:\/\/www.hoymercedes.com.ar\/principal\/wp-json\/wp\/v2\/media\/53717"}],"wp:attachment":[{"href":"https:\/\/www.hoymercedes.com.ar\/principal\/wp-json\/wp\/v2\/media?parent=53851"}],"wp:term":[{"taxonomy":"category","embeddable":true,"href":"https:\/\/www.hoymercedes.com.ar\/principal\/wp-json\/wp\/v2\/categories?post=53851"},{"taxonomy":"post_tag","embeddable":true,"href":"https:\/\/www.hoymercedes.com.ar\/principal\/wp-json\/wp\/v2\/tags?post=53851"}],"curies":[{"name":"wp","href":"https:\/\/api.w.org\/{rel}","templated":true}]}}