{"id":53857,"date":"2016-08-23T15:01:01","date_gmt":"2016-08-23T18:01:01","guid":{"rendered":"http:\/\/www.hoymercedes.com.ar\/principal\/?p=53857"},"modified":"2016-08-23T10:07:41","modified_gmt":"2016-08-23T13:07:41","slug":"nuevos-proyectos-presentados-por-el-partido-vecinal-mercedino","status":"publish","type":"post","link":"https:\/\/www.hoymercedes.com.ar\/principal\/2016\/08\/23\/nuevos-proyectos-presentados-por-el-partido-vecinal-mercedino\/","title":{"rendered":"Nuevos proyectos presentados por el Partido Vecinal Mercedino"},"content":{"rendered":"<p>Desde el Partido Vecinal Mercedino, contaron que en la sesi\u00f3n del \u00faltimo lunes, realizada en Garc\u00eda, ingresaron proyectos de su autor\u00eda y que por estas horas est\u00e1n siendo analizados por los Concejales en las Comisiones de trabajo del cuerpo deliberativo.<\/p>\n<p>\u201cEl m\u00e9todo de trabajo es dialogar con los vecinos y tomar nota de las distintas problem\u00e1ticas que padecen en su barrio para luego elaborar proyectos y presentarlos como petici\u00f3n particular ya que no contamos con concejales en el Honorable Concejo Deliberante\u201d coment\u00f3, quien es el referente de la fuerza vecinalista, Hugo Valenzuela.<\/p>\n<p>El listado de proyectos presentados incluye:<\/p>\n<ul>\n<li>Barrio Seminario: arreglo de las calles 110 de 15 a 19 y 112 de 11 a 15.<\/li>\n<li>Barrio Facundo Quiroga: reponer los juegos de la plaza ubicada en 75 entre 12 y 16. Nivelaci\u00f3n de varias calles del barrio.<\/li>\n<li>Barrio San Justo: reparaci\u00f3n de ca\u00f1o de agua corriente ubicado en calle 36 entre 51 y 53.<\/li>\n<li>Barrio La Amistad: zanjeo y nivelaci\u00f3n de las calles 49 entre 12 y 16, calle 14 de 47 a 51. Y colocaci\u00f3n de cartel de advertencia en el zanj\u00f3n a cielo abierto de calle 8 y 49.<\/li>\n<li>Barrio Lomas del Pacifico: arreglo de la calle 45 entre 2 y 110.<\/li>\n<\/ul>\n<p>&nbsp;<\/p>\n<p>Fuente: Prensa Partido Vecinal<\/p>\n","protected":false},"excerpt":{"rendered":"<p>Desde el Partido Vecinal Mercedino, contaron que en la sesi\u00f3n del \u00faltimo lunes, realizada en Garc\u00eda, ingresaron proyectos de su &#8230; <a title=\"Nuevos proyectos presentados por el Partido Vecinal Mercedino\" class=\"read-more\" href=\"https:\/\/www.hoymercedes.com.ar\/principal\/2016\/08\/23\/nuevos-proyectos-presentados-por-el-partido-vecinal-mercedino\/\" aria-label=\"Leer m\u00e1s sobre Nuevos proyectos presentados por el Partido Vecinal Mercedino\">Leer m\u00e1s<\/a><\/p>\n","protected":false},"author":1,"featured_media":53858,"comment_status":"open","ping_status":"open","sticky":false,"template":"","format":"standard","meta":{"_monsterinsights_skip_tracking":false,"_monsterinsights_sitenote_active":false,"_monsterinsights_sitenote_note":"","_monsterinsights_sitenote_category":0,"jetpack_post_was_ever_published":false,"_jetpack_newsletter_access":"","_jetpack_dont_email_post_to_subs":false,"_jetpack_newsletter_tier_id":0,"_jetpack_memberships_contains_paywalled_content":false,"_jetpack_memberships_contains_paid_content":false,"footnotes":"","jetpack_publicize_message":"","jetpack_publicize_feature_enabled":true,"jetpack_social_post_already_shared":true,"jetpack_social_options":{"image_generator_settings":{"template":"highway","default_image_id":0,"font":"","enabled":false},"version":2},"_wpas_customize_per_network":false},"categories":[5],"tags":[8663,5319,9308],"class_list":["post-53857","post","type-post","status-publish","format-standard","has-post-thumbnail","hentry","category-politica","tag-partido-vecinal","tag-politica-2","tag-proyectos-hcd","generate-columns","tablet-grid-50","mobile-grid-100","grid-parent","grid-50"],"jetpack_publicize_connections":[],"jetpack_featured_media_url":"https:\/\/www.hoymercedes.com.ar\/principal\/wp-content\/uploads\/2016\/08\/23-Valenzuela-MIC.jpg","wps_subtitle":"Para ser tratados por el HCD","jetpack_sharing_enabled":true,"_links":{"self":[{"href":"https:\/\/www.hoymercedes.com.ar\/principal\/wp-json\/wp\/v2\/posts\/53857","targetHints":{"allow":["GET"]}}],"collection":[{"href":"https:\/\/www.hoymercedes.com.ar\/principal\/wp-json\/wp\/v2\/posts"}],"about":[{"href":"https:\/\/www.hoymercedes.com.ar\/principal\/wp-json\/wp\/v2\/types\/post"}],"author":[{"embeddable":true,"href":"https:\/\/www.hoymercedes.com.ar\/principal\/wp-json\/wp\/v2\/users\/1"}],"replies":[{"embeddable":true,"href":"https:\/\/www.hoymercedes.com.ar\/principal\/wp-json\/wp\/v2\/comments?post=53857"}],"version-history":[{"count":0,"href":"https:\/\/www.hoymercedes.com.ar\/principal\/wp-json\/wp\/v2\/posts\/53857\/revisions"}],"wp:featuredmedia":[{"embeddable":true,"href":"https:\/\/www.hoymercedes.com.ar\/principal\/wp-json\/wp\/v2\/media\/53858"}],"wp:attachment":[{"href":"https:\/\/www.hoymercedes.com.ar\/principal\/wp-json\/wp\/v2\/media?parent=53857"}],"wp:term":[{"taxonomy":"category","embeddable":true,"href":"https:\/\/www.hoymercedes.com.ar\/principal\/wp-json\/wp\/v2\/categories?post=53857"},{"taxonomy":"post_tag","embeddable":true,"href":"https:\/\/www.hoymercedes.com.ar\/principal\/wp-json\/wp\/v2\/tags?post=53857"}],"curies":[{"name":"wp","href":"https:\/\/api.w.org\/{rel}","templated":true}]}}