{"id":53873,"date":"2016-08-24T08:19:09","date_gmt":"2016-08-24T11:19:09","guid":{"rendered":"http:\/\/www.hoymercedes.com.ar\/principal\/?p=53873"},"modified":"2016-08-23T21:25:29","modified_gmt":"2016-08-24T00:25:29","slug":"realizan-cambios-en-los-canos-cloacales","status":"publish","type":"post","link":"https:\/\/www.hoymercedes.com.ar\/principal\/2016\/08\/24\/realizan-cambios-en-los-canos-cloacales\/","title":{"rendered":"Realizan cambios en los ca\u00f1os cloacales"},"content":{"rendered":"<p>Desde la Secretaria de Obras P\u00fablicas, se est\u00e1 llevando adelante una serie de trabajos, En esta oportunidad, las tareas de arreglos en los ca\u00f1os cloacales est\u00e1n realiz\u00e1ndose\u00a0en calle 25 entre 46 y 48.<\/p>\n<p>Alberto Navarrete, Secretario de Obras P\u00fablicas, explic\u00f3 que \u201clos vecinos, solamente de una mano, estaban conectados a un ca\u00f1o muy viejo obstruido, por partes derrumbado. Los trabajos que estamos realizando en este lugar, constan tambi\u00e9n de llevar las conexiones al ca\u00f1o nuevo que pasa por enfrente, de la otra mano,\u00a0 aliviando as\u00ed la carga de obstrucciones que ven\u00edan teniendo\u201d.<\/p>\n<p>Por su parte, Abel Adorno, vecino del lugar, explic\u00f3 la experiencia diaria de los vecinos \u201cSiempre tenemos todo tapado, todo obstruido. Calculo que la tierra absorber\u00eda el agua y los l\u00edquidos, por que estaba todo roto. Imag\u00ednense el ba\u00f1o, todo un desastre y en la cocina el agua sub\u00eda, se manten\u00eda un tiempo, y despu\u00e9s lograba bajar muy de a poco. Y hemos reclamado desde hace a\u00f1os. Por eso nos alegra tanto que por fin se hagan los trabajos que deben hacerse y bien\u201d.<\/p>\n<p>\u201cEstamos haciendo revisiones permanentes de trabajos anteriores referidos a diferentes temas, buscando dar soluci\u00f3n a los inconvenientes que tienen los vecinos\u201d afirm\u00f3 Navarrete<\/p>\n<p>Respecto al tiempo de obra, y una programaci\u00f3n a seguir, se inform\u00f3 que \u201csi el clima lo permite, los trabajos se van a extender por solo unos cuatro d\u00edas, aproximadamente. Tambi\u00e9n se estar\u00e1 cumpliendo con las tareas correspondientes para dejar en condiciones la calle, y as\u00ed habilitar el tr\u00e1nsito vehicular r\u00e1pidamente.\u201d<\/p>\n<p>Pudo saberse adem\u00e1s que las tareas tienen una continuidad programada, y una vez finalizado este trabajo, se estar\u00e1n trasladando para concretar las acciones que deban tomarse para dar soluci\u00f3n a los inconvenientes que se dan en la zona de calle 37 esquina 28.<\/p>\n<p>&nbsp;<\/p>\n<p>Fuente: Prensa Municipal<\/p>\n","protected":false},"excerpt":{"rendered":"<p>Desde la Secretaria de Obras P\u00fablicas, se est\u00e1 llevando adelante una serie de trabajos, En esta oportunidad, las tareas de &#8230; <a title=\"Realizan cambios en los ca\u00f1os cloacales\" class=\"read-more\" href=\"https:\/\/www.hoymercedes.com.ar\/principal\/2016\/08\/24\/realizan-cambios-en-los-canos-cloacales\/\" aria-label=\"Leer m\u00e1s sobre Realizan cambios en los ca\u00f1os cloacales\">Leer m\u00e1s<\/a><\/p>\n","protected":false},"author":1,"featured_media":53874,"comment_status":"open","ping_status":"open","sticky":false,"template":"","format":"standard","meta":{"_monsterinsights_skip_tracking":false,"_monsterinsights_sitenote_active":false,"_monsterinsights_sitenote_note":"","_monsterinsights_sitenote_category":0,"jetpack_post_was_ever_published":false,"_jetpack_newsletter_access":"","_jetpack_dont_email_post_to_subs":false,"_jetpack_newsletter_tier_id":0,"_jetpack_memberships_contains_paywalled_content":false,"_jetpack_memberships_contains_paid_content":false,"footnotes":"","jetpack_publicize_message":"","jetpack_publicize_feature_enabled":true,"jetpack_social_post_already_shared":true,"jetpack_social_options":{"image_generator_settings":{"template":"highway","default_image_id":0,"font":"","enabled":false},"version":2},"_wpas_customize_per_network":false},"categories":[30],"tags":[9901,244,8628],"class_list":["post-53873","post","type-post","status-publish","format-standard","has-post-thumbnail","hentry","category-municipio","tag-cloacas","tag-municipio-2","tag-servicios-publicos","generate-columns","tablet-grid-50","mobile-grid-100","grid-parent","grid-50"],"jetpack_publicize_connections":[],"jetpack_featured_media_url":"https:\/\/www.hoymercedes.com.ar\/principal\/wp-content\/uploads\/2016\/08\/24-CLOACAS-3.jpg","wps_subtitle":"Servicios P\u00fablicos","jetpack_sharing_enabled":true,"_links":{"self":[{"href":"https:\/\/www.hoymercedes.com.ar\/principal\/wp-json\/wp\/v2\/posts\/53873","targetHints":{"allow":["GET"]}}],"collection":[{"href":"https:\/\/www.hoymercedes.com.ar\/principal\/wp-json\/wp\/v2\/posts"}],"about":[{"href":"https:\/\/www.hoymercedes.com.ar\/principal\/wp-json\/wp\/v2\/types\/post"}],"author":[{"embeddable":true,"href":"https:\/\/www.hoymercedes.com.ar\/principal\/wp-json\/wp\/v2\/users\/1"}],"replies":[{"embeddable":true,"href":"https:\/\/www.hoymercedes.com.ar\/principal\/wp-json\/wp\/v2\/comments?post=53873"}],"version-history":[{"count":0,"href":"https:\/\/www.hoymercedes.com.ar\/principal\/wp-json\/wp\/v2\/posts\/53873\/revisions"}],"wp:featuredmedia":[{"embeddable":true,"href":"https:\/\/www.hoymercedes.com.ar\/principal\/wp-json\/wp\/v2\/media\/53874"}],"wp:attachment":[{"href":"https:\/\/www.hoymercedes.com.ar\/principal\/wp-json\/wp\/v2\/media?parent=53873"}],"wp:term":[{"taxonomy":"category","embeddable":true,"href":"https:\/\/www.hoymercedes.com.ar\/principal\/wp-json\/wp\/v2\/categories?post=53873"},{"taxonomy":"post_tag","embeddable":true,"href":"https:\/\/www.hoymercedes.com.ar\/principal\/wp-json\/wp\/v2\/tags?post=53873"}],"curies":[{"name":"wp","href":"https:\/\/api.w.org\/{rel}","templated":true}]}}