{"id":53941,"date":"2016-08-25T19:57:00","date_gmt":"2016-08-25T22:57:00","guid":{"rendered":"http:\/\/www.hoymercedes.com.ar\/principal\/?p=53941"},"modified":"2016-08-25T19:57:00","modified_gmt":"2016-08-25T22:57:00","slug":"entregaran-arboles-en-el-dia-del-arbol","status":"publish","type":"post","link":"https:\/\/www.hoymercedes.com.ar\/principal\/2016\/08\/25\/entregaran-arboles-en-el-dia-del-arbol\/","title":{"rendered":"Entregar\u00e1n \u00e1rboles en el D\u00eda del \u00c1rbol"},"content":{"rendered":"<p>&nbsp;<\/p>\n<p>En el marco del D\u00eda del \u00c1rbol a celebrarse el pr\u00f3ximo 29 de agosto,\u00a0la Direcci\u00f3n de Espacios Verdes de la Municipalidad de Mercedes llevar\u00e1 adelante una jornada de concientizaci\u00f3n con folleter\u00eda que explica el procedimiento de plantar correctamente un \u00e1rbol, y sus cuidados.<\/p>\n<p>Adem\u00e1s se estar\u00e1n entregando \u00e1rboles, de manera gratuita, fresnos americanos, pl\u00e1tanos, Jacaranda y hacer burgeriano, algunas de las variedades que estar\u00e1n entregando a los interesados que se acerquen a Plaza San Mart\u00edn ese d\u00eda, en el puesto que se instalara desde las 9hs hasta las 19hs. Tambi\u00e9n, para quienes opten por ellas, se estar\u00e1n entregando plantas de duraznos.<\/p>\n<p>El\u00a0D\u00eda del \u00c1rbol\u00a0o\u00a0Fiesta del \u00c1rbol\u00a0es un recordatorio de la importancia de proteger las superficies arboladas. Los \u00e1rboles, entre otros muchos beneficios, transforman el\u00a0di\u00f3xido de carbono, responsable del\u00a0efecto invernadero, minimizan los riesgos de\u00a0inundaci\u00f3n, evitan la\u00a0erosi\u00f3n, etc.<\/p>\n<p>Esta celebraci\u00f3n se realiz\u00f3 por primera vez en la Argentina en\u00a01901, luego de que el\u00a0Consejo Nacional de Educaci\u00f3n\u00a0la estableciera el 29 de agosto de 1900, gracias a la iniciativa de\u00a0Estanislao Zeballos. Desde el\u00a0siglo XIX\u00a0se promovi\u00f3 la actividad forestal, siendo su principal impulsor\u00a0Domingo Faustino Sarmiento.<\/p>\n<p>&nbsp;<\/p>\n<p>Fuente: Prensa Municipal<\/p>\n","protected":false},"excerpt":{"rendered":"<p>&nbsp; En el marco del D\u00eda del \u00c1rbol a celebrarse el pr\u00f3ximo 29 de agosto,\u00a0la Direcci\u00f3n de Espacios Verdes de &#8230; <a title=\"Entregar\u00e1n \u00e1rboles en el D\u00eda del \u00c1rbol\" class=\"read-more\" href=\"https:\/\/www.hoymercedes.com.ar\/principal\/2016\/08\/25\/entregaran-arboles-en-el-dia-del-arbol\/\" aria-label=\"Leer m\u00e1s sobre Entregar\u00e1n \u00e1rboles en el D\u00eda del \u00c1rbol\">Leer m\u00e1s<\/a><\/p>\n","protected":false},"author":1,"featured_media":53942,"comment_status":"open","ping_status":"open","sticky":false,"template":"","format":"standard","meta":{"_monsterinsights_skip_tracking":false,"_monsterinsights_sitenote_active":false,"_monsterinsights_sitenote_note":"","_monsterinsights_sitenote_category":0,"jetpack_post_was_ever_published":false,"_jetpack_newsletter_access":"","_jetpack_dont_email_post_to_subs":false,"_jetpack_newsletter_tier_id":0,"_jetpack_memberships_contains_paywalled_content":false,"_jetpack_memberships_contains_paid_content":false,"footnotes":"","jetpack_publicize_message":"","jetpack_publicize_feature_enabled":true,"jetpack_social_post_already_shared":true,"jetpack_social_options":{"image_generator_settings":{"template":"highway","default_image_id":0,"font":"","enabled":false},"version":2},"_wpas_customize_per_network":false},"categories":[30],"tags":[3826,244],"class_list":["post-53941","post","type-post","status-publish","format-standard","has-post-thumbnail","hentry","category-municipio","tag-dia-del-arbol","tag-municipio-2","generate-columns","tablet-grid-50","mobile-grid-100","grid-parent","grid-50"],"jetpack_publicize_connections":[],"jetpack_featured_media_url":"https:\/\/www.hoymercedes.com.ar\/principal\/wp-content\/uploads\/2016\/08\/25-belforte.jpg","wps_subtitle":"Desde el Municipio","jetpack_sharing_enabled":true,"_links":{"self":[{"href":"https:\/\/www.hoymercedes.com.ar\/principal\/wp-json\/wp\/v2\/posts\/53941","targetHints":{"allow":["GET"]}}],"collection":[{"href":"https:\/\/www.hoymercedes.com.ar\/principal\/wp-json\/wp\/v2\/posts"}],"about":[{"href":"https:\/\/www.hoymercedes.com.ar\/principal\/wp-json\/wp\/v2\/types\/post"}],"author":[{"embeddable":true,"href":"https:\/\/www.hoymercedes.com.ar\/principal\/wp-json\/wp\/v2\/users\/1"}],"replies":[{"embeddable":true,"href":"https:\/\/www.hoymercedes.com.ar\/principal\/wp-json\/wp\/v2\/comments?post=53941"}],"version-history":[{"count":0,"href":"https:\/\/www.hoymercedes.com.ar\/principal\/wp-json\/wp\/v2\/posts\/53941\/revisions"}],"wp:featuredmedia":[{"embeddable":true,"href":"https:\/\/www.hoymercedes.com.ar\/principal\/wp-json\/wp\/v2\/media\/53942"}],"wp:attachment":[{"href":"https:\/\/www.hoymercedes.com.ar\/principal\/wp-json\/wp\/v2\/media?parent=53941"}],"wp:term":[{"taxonomy":"category","embeddable":true,"href":"https:\/\/www.hoymercedes.com.ar\/principal\/wp-json\/wp\/v2\/categories?post=53941"},{"taxonomy":"post_tag","embeddable":true,"href":"https:\/\/www.hoymercedes.com.ar\/principal\/wp-json\/wp\/v2\/tags?post=53941"}],"curies":[{"name":"wp","href":"https:\/\/api.w.org\/{rel}","templated":true}]}}