{"id":53944,"date":"2016-08-26T10:52:39","date_gmt":"2016-08-26T13:52:39","guid":{"rendered":"http:\/\/www.hoymercedes.com.ar\/principal\/?p=53944"},"modified":"2016-08-25T20:52:57","modified_gmt":"2016-08-25T23:52:57","slug":"los-dts-correa-y-blanco-palpitan-el-clasico","status":"publish","type":"post","link":"https:\/\/www.hoymercedes.com.ar\/principal\/2016\/08\/26\/los-dts-correa-y-blanco-palpitan-el-clasico\/","title":{"rendered":"Los DT\u00b4s Correa y Blanco palpitan el cl\u00e1sico"},"content":{"rendered":"<p><em><strong>El s\u00e1bado, si el tiempo lo permite, y a puertas cerradas, se jugar\u00e1 esta s\u00e1bado el cl\u00e1sico de la ciudad entre V\u00e9lez y Mercedes y en el programa El Pulso, que se emite de lunes a viernes de 8 a 12 por FM La Tribuna hablaron los entrenadores de ambos equipos.<\/strong><\/em><\/p>\n<p><img loading=\"lazy\" decoding=\"async\" data-attachment-id=\"53948\" data-permalink=\"https:\/\/www.hoymercedes.com.ar\/principal\/2016\/08\/26\/los-dts-correa-y-blanco-palpitan-el-clasico\/mercedesprimera\/#main\" data-orig-file=\"https:\/\/www.hoymercedes.com.ar\/principal\/wp-content\/uploads\/2016\/08\/MercedesPrimera.jpg\" data-orig-size=\"1024,683\" data-comments-opened=\"1\" data-image-meta=\"{&quot;aperture&quot;:&quot;11&quot;,&quot;credit&quot;:&quot;&quot;,&quot;camera&quot;:&quot;Canon EOS DIGITAL REBEL XSi&quot;,&quot;caption&quot;:&quot;&quot;,&quot;created_timestamp&quot;:&quot;1457799201&quot;,&quot;copyright&quot;:&quot;&quot;,&quot;focal_length&quot;:&quot;18&quot;,&quot;iso&quot;:&quot;200&quot;,&quot;shutter_speed&quot;:&quot;0.003125&quot;,&quot;title&quot;:&quot;&quot;,&quot;orientation&quot;:&quot;1&quot;}\" data-image-title=\"MercedesPrimera\" data-image-description=\"\" data-image-caption=\"\" data-large-file=\"https:\/\/www.hoymercedes.com.ar\/principal\/wp-content\/uploads\/2016\/08\/MercedesPrimera-1024x683.jpg\" class=\"aligncenter size-medium wp-image-53948\" src=\"https:\/\/www.hoymercedes.com.ar\/principal\/wp-content\/uploads\/2016\/08\/MercedesPrimera-630x420.jpg\" alt=\"MercedesPrimera\" width=\"630\" height=\"420\" srcset=\"https:\/\/www.hoymercedes.com.ar\/principal\/wp-content\/uploads\/2016\/08\/MercedesPrimera-630x420.jpg 630w, https:\/\/www.hoymercedes.com.ar\/principal\/wp-content\/uploads\/2016\/08\/MercedesPrimera-150x100.jpg 150w, https:\/\/www.hoymercedes.com.ar\/principal\/wp-content\/uploads\/2016\/08\/MercedesPrimera.jpg 1024w, https:\/\/www.hoymercedes.com.ar\/principal\/wp-content\/uploads\/2016\/08\/MercedesPrimera-300x200.jpg 300w\" sizes=\"auto, (max-width: 630px) 100vw, 630px\" \/><\/p>\n<p>Daniel Correa, de Mercedes, dijo que\u00a0\u00abes un cl\u00e1sico de la ciudad. Nos estamos preparando bien, esperando enfrentar a un rival complicado porque V\u00e9lez tiene muy buen equipo, como todos los de la Liga, es un torneo muy parejo\u00bb.<\/p>\n<p>Mercedes viene de vencer a Pabell\u00f3n de Marcos Paz por 1 a 0 y sobre este partido dijo que \u00abnos expulsados a Solano Espil y Nicol\u00e1s Contardi. Seg\u00fan me dijeron hac\u00eda mucho que el Club no obten\u00eda un resultado positivo all\u00e1, en una cancha complicada, que no est\u00e1 en buenas condiciones, pero que en definitiva es igual para todos. Fue un buen resultado. No nos crearon muchas situaciones a pesar de que jugamos gran parte del segundo tiempo con nueve hombres. Se gan\u00f3 con coraz\u00f3n, como le dije al Presidente\u00bb.<\/p>\n<p>Tambi\u00e9n dijo:<\/p>\n<p>\u2022 \u00abEstamos trabajando muy bien, conformes, con mucha predisposici\u00f3n de los chicos. Tenemos una defensa segura, el tema es que nos cuesta generar juego, estamos muy partidos en la mitad de la cancha, pero el tiempo pondr\u00e1 las cosas en su lugar. Est\u00e1n viniendo a entrenar jugadores que por diferentes motivos no estaban antes y eso ayuda mucho. Hay recambio, se entiende la idea que planteamos y responden, que es lo m\u00e1s importante\u00bb<\/p>\n<p>\u2022 \u00abVolvi\u00f3 a entrenar Agust\u00edn Juanicotena, Francisco Larumbe, va a debutar en Primera \u00abPancho\u00bb Silvestre, un pibe de 5\u00b0 con muy buena proyecci\u00f3n y que ya debut\u00f3 con un gol en la Reserva\u00bb<\/p>\n<p>\u2022 \u00abTenemos que mejorar lo hecho en el primer torneo, estamos camino a eso. Es duro. El hecho de hacerme cargo en la segunda mitad del a\u00f1o me hizo perder la posibilidad de incluir a otros jugadores y nos enfrentamos a rivales que ya est\u00e1n armados. Uno depende de los resultados, pero yo estoy muy tranquilo\u00bb<\/p>\n<p><img loading=\"lazy\" decoding=\"async\" data-attachment-id=\"53949\" data-permalink=\"https:\/\/www.hoymercedes.com.ar\/principal\/2016\/08\/26\/los-dts-correa-y-blanco-palpitan-el-clasico\/velezprimera\/#main\" data-orig-file=\"https:\/\/www.hoymercedes.com.ar\/principal\/wp-content\/uploads\/2016\/08\/VelezPrimera.jpg\" data-orig-size=\"797,498\" data-comments-opened=\"1\" data-image-meta=\"{&quot;aperture&quot;:&quot;10&quot;,&quot;credit&quot;:&quot;&quot;,&quot;camera&quot;:&quot;Canon EOS DIGITAL REBEL XSi&quot;,&quot;caption&quot;:&quot;&quot;,&quot;created_timestamp&quot;:&quot;1471174975&quot;,&quot;copyright&quot;:&quot;&quot;,&quot;focal_length&quot;:&quot;22&quot;,&quot;iso&quot;:&quot;200&quot;,&quot;shutter_speed&quot;:&quot;0.005&quot;,&quot;title&quot;:&quot;&quot;,&quot;orientation&quot;:&quot;1&quot;}\" data-image-title=\"VelezPrimera\" data-image-description=\"\" data-image-caption=\"\" data-large-file=\"https:\/\/www.hoymercedes.com.ar\/principal\/wp-content\/uploads\/2016\/08\/VelezPrimera.jpg\" class=\"aligncenter size-medium wp-image-53949\" src=\"https:\/\/www.hoymercedes.com.ar\/principal\/wp-content\/uploads\/2016\/08\/VelezPrimera-630x394.jpg\" alt=\"VelezPrimera\" width=\"630\" height=\"394\" srcset=\"https:\/\/www.hoymercedes.com.ar\/principal\/wp-content\/uploads\/2016\/08\/VelezPrimera-630x394.jpg 630w, https:\/\/www.hoymercedes.com.ar\/principal\/wp-content\/uploads\/2016\/08\/VelezPrimera-150x94.jpg 150w, https:\/\/www.hoymercedes.com.ar\/principal\/wp-content\/uploads\/2016\/08\/VelezPrimera-400x250.jpg 400w, https:\/\/www.hoymercedes.com.ar\/principal\/wp-content\/uploads\/2016\/08\/VelezPrimera.jpg 797w\" sizes=\"auto, (max-width: 630px) 100vw, 630px\" \/><\/p>\n<p>Por su parte, Germ\u00e1n Blanco, entrenador de V\u00e9lez, respecto al encuentro del s\u00e1bado a las 13 dijo que \u00abva a salir un partido lindo, trabado. Los dos quieren ganar el cl\u00e1sico, ser\u00e1 parejo, con jugadores de experiencia en cada lado. Tenemos dos expulsados, pero la base del equipo est\u00e1 y lo har\u00e1n muy bien. Por suerte se sumaron muchos chicos que eran del club y hay muy buenos jugadores que durante el a\u00f1o tendr\u00e1n su posibilidad\u00bb.<\/p>\n<p>Adem\u00e1s, destac\u00f3 que \u00abel equipo est\u00e1 bien. El fin de semana pasado no tuvimos suerte, nos descompensamos cuando nos expulsaron un jugador, perdimos la br\u00fajula y en los \u00faltimos veinte minutos nos hicieron tres goles y lo perdimos\u00bb<\/p>\n<p>Tambi\u00e9n dijo:<\/p>\n<p>\u2022 \u00abNuestro objetivo es clasificar a la Liguilla, despu\u00e9s en el mano a mano es otro cantar. No importa en qu\u00e9 posici\u00f3n, queremos clasificar\u00bb<\/p>\n<p>\u2022 \u00abLa base de V\u00e9lez es muy buena, tenemos equipo para pelear hasta lo \u00faltimo. El Front\u00f3n tuvo una cuota de suerte en la Liguilla contra nosotros y nos ganaron faltando 15 minutos y nosotros jugamos una hora con uno menos\u00bb<\/p>\n<p>&nbsp;<\/p>\n","protected":false},"excerpt":{"rendered":"<p>El s\u00e1bado, si el tiempo lo permite, y a puertas cerradas, se jugar\u00e1 esta s\u00e1bado el cl\u00e1sico de la ciudad &#8230; <a title=\"Los DT\u00b4s Correa y Blanco palpitan el cl\u00e1sico\" class=\"read-more\" href=\"https:\/\/www.hoymercedes.com.ar\/principal\/2016\/08\/26\/los-dts-correa-y-blanco-palpitan-el-clasico\/\" aria-label=\"Leer m\u00e1s sobre Los DT\u00b4s Correa y Blanco palpitan el cl\u00e1sico\">Leer m\u00e1s<\/a><\/p>\n","protected":false},"author":1,"featured_media":53948,"comment_status":"open","ping_status":"open","sticky":false,"template":"","format":"standard","meta":{"_monsterinsights_skip_tracking":false,"_monsterinsights_sitenote_active":false,"_monsterinsights_sitenote_note":"","_monsterinsights_sitenote_category":0,"jetpack_post_was_ever_published":false,"_jetpack_newsletter_access":"","_jetpack_dont_email_post_to_subs":false,"_jetpack_newsletter_tier_id":0,"_jetpack_memberships_contains_paywalled_content":false,"_jetpack_memberships_contains_paid_content":false,"footnotes":"","jetpack_publicize_message":"","jetpack_publicize_feature_enabled":true,"jetpack_social_post_already_shared":true,"jetpack_social_options":{"image_generator_settings":{"template":"highway","default_image_id":0,"font":"","enabled":false},"version":2},"_wpas_customize_per_network":false},"categories":[21],"tags":[],"class_list":["post-53944","post","type-post","status-publish","format-standard","has-post-thumbnail","hentry","category-deportes","generate-columns","tablet-grid-50","mobile-grid-100","grid-parent","grid-50"],"jetpack_publicize_connections":[],"jetpack_featured_media_url":"https:\/\/www.hoymercedes.com.ar\/principal\/wp-content\/uploads\/2016\/08\/MercedesPrimera.jpg","wps_subtitle":"Mercedes Vs. V\u00e9lez","jetpack_sharing_enabled":true,"_links":{"self":[{"href":"https:\/\/www.hoymercedes.com.ar\/principal\/wp-json\/wp\/v2\/posts\/53944","targetHints":{"allow":["GET"]}}],"collection":[{"href":"https:\/\/www.hoymercedes.com.ar\/principal\/wp-json\/wp\/v2\/posts"}],"about":[{"href":"https:\/\/www.hoymercedes.com.ar\/principal\/wp-json\/wp\/v2\/types\/post"}],"author":[{"embeddable":true,"href":"https:\/\/www.hoymercedes.com.ar\/principal\/wp-json\/wp\/v2\/users\/1"}],"replies":[{"embeddable":true,"href":"https:\/\/www.hoymercedes.com.ar\/principal\/wp-json\/wp\/v2\/comments?post=53944"}],"version-history":[{"count":0,"href":"https:\/\/www.hoymercedes.com.ar\/principal\/wp-json\/wp\/v2\/posts\/53944\/revisions"}],"wp:featuredmedia":[{"embeddable":true,"href":"https:\/\/www.hoymercedes.com.ar\/principal\/wp-json\/wp\/v2\/media\/53948"}],"wp:attachment":[{"href":"https:\/\/www.hoymercedes.com.ar\/principal\/wp-json\/wp\/v2\/media?parent=53944"}],"wp:term":[{"taxonomy":"category","embeddable":true,"href":"https:\/\/www.hoymercedes.com.ar\/principal\/wp-json\/wp\/v2\/categories?post=53944"},{"taxonomy":"post_tag","embeddable":true,"href":"https:\/\/www.hoymercedes.com.ar\/principal\/wp-json\/wp\/v2\/tags?post=53944"}],"curies":[{"name":"wp","href":"https:\/\/api.w.org\/{rel}","templated":true}]}}