{"id":53989,"date":"2016-08-27T13:21:44","date_gmt":"2016-08-27T16:21:44","guid":{"rendered":"http:\/\/www.hoymercedes.com.ar\/principal\/?p=53989"},"modified":"2016-08-26T19:26:27","modified_gmt":"2016-08-26T22:26:27","slug":"suelta-de-poemas-en-el-dia-del-lector","status":"publish","type":"post","link":"https:\/\/www.hoymercedes.com.ar\/principal\/2016\/08\/27\/suelta-de-poemas-en-el-dia-del-lector\/","title":{"rendered":"Suelta de poemas en el D\u00eda del Lector"},"content":{"rendered":"<p>El pasado\u00a024 de agosto, instituido como D\u00eda del Lector por el natalicio de Jorge Luis Borges, la Sociedad Argentina de Escritores Filial Mercedes en consonancia con las 84 filiales de todo el pa\u00eds, llev\u00f3 a cabo la denominada \u00abSuelta de Poemas\u00bb en la Plaza San Mart\u00edn.<\/p>\n<p>En \u00e9xito result\u00f3 ser entreg\u00e1ndose a los transe\u00fantes, centenares de poemas de autores locales actuales y fallecidos, la gaceta literaria, frases para reflexionar y algunos cuentos breves. Algunas personas eleg\u00edan su tema preferido para leer.<\/p>\n<p>Se cumpli\u00f3 as\u00ed, una jornada de tres horas en las cuales participaron Aurora Traverso de Lares, Mar\u00eda Rosa Ar\u00e9valo, Teresita Gallardo, Lidia S\u00e1nchez (Suipacha), Leonor Ocampo, Mar\u00eda Amelia Dinova Castro, Miguel \u00c1ngel Dipieri y Jorge Citr\u00e1ngolo Casal.<\/p>\n<p>La instituci\u00f3n agradece el apoyo de toda la ciudad de Mercedes.<\/p>\n","protected":false},"excerpt":{"rendered":"<p>El pasado\u00a024 de agosto, instituido como D\u00eda del Lector por el natalicio de Jorge Luis Borges, la Sociedad Argentina de &#8230; <a title=\"Suelta de poemas en el D\u00eda del Lector\" class=\"read-more\" href=\"https:\/\/www.hoymercedes.com.ar\/principal\/2016\/08\/27\/suelta-de-poemas-en-el-dia-del-lector\/\" aria-label=\"Leer m\u00e1s sobre Suelta de poemas en el D\u00eda del Lector\">Leer m\u00e1s<\/a><\/p>\n","protected":false},"author":1,"featured_media":53990,"comment_status":"open","ping_status":"open","sticky":false,"template":"","format":"standard","meta":{"_monsterinsights_skip_tracking":false,"_monsterinsights_sitenote_active":false,"_monsterinsights_sitenote_note":"","_monsterinsights_sitenote_category":0,"jetpack_post_was_ever_published":false,"_jetpack_newsletter_access":"","_jetpack_dont_email_post_to_subs":false,"_jetpack_newsletter_tier_id":0,"_jetpack_memberships_contains_paywalled_content":false,"_jetpack_memberships_contains_paid_content":false,"footnotes":"","jetpack_publicize_message":"","jetpack_publicize_feature_enabled":true,"jetpack_social_post_already_shared":true,"jetpack_social_options":{"image_generator_settings":{"template":"highway","default_image_id":0,"font":"","enabled":false},"version":2},"_wpas_customize_per_network":false},"categories":[104],"tags":[7805,5148],"class_list":["post-53989","post","type-post","status-publish","format-standard","has-post-thumbnail","hentry","category-cultura","tag-cultura","tag-sade-mercedes","generate-columns","tablet-grid-50","mobile-grid-100","grid-parent","grid-50"],"jetpack_publicize_connections":[],"jetpack_featured_media_url":"https:\/\/www.hoymercedes.com.ar\/principal\/wp-content\/uploads\/2016\/08\/27-Plaza-3-bis.jpg","wps_subtitle":"SADE Mercedes","jetpack_sharing_enabled":true,"_links":{"self":[{"href":"https:\/\/www.hoymercedes.com.ar\/principal\/wp-json\/wp\/v2\/posts\/53989","targetHints":{"allow":["GET"]}}],"collection":[{"href":"https:\/\/www.hoymercedes.com.ar\/principal\/wp-json\/wp\/v2\/posts"}],"about":[{"href":"https:\/\/www.hoymercedes.com.ar\/principal\/wp-json\/wp\/v2\/types\/post"}],"author":[{"embeddable":true,"href":"https:\/\/www.hoymercedes.com.ar\/principal\/wp-json\/wp\/v2\/users\/1"}],"replies":[{"embeddable":true,"href":"https:\/\/www.hoymercedes.com.ar\/principal\/wp-json\/wp\/v2\/comments?post=53989"}],"version-history":[{"count":0,"href":"https:\/\/www.hoymercedes.com.ar\/principal\/wp-json\/wp\/v2\/posts\/53989\/revisions"}],"wp:featuredmedia":[{"embeddable":true,"href":"https:\/\/www.hoymercedes.com.ar\/principal\/wp-json\/wp\/v2\/media\/53990"}],"wp:attachment":[{"href":"https:\/\/www.hoymercedes.com.ar\/principal\/wp-json\/wp\/v2\/media?parent=53989"}],"wp:term":[{"taxonomy":"category","embeddable":true,"href":"https:\/\/www.hoymercedes.com.ar\/principal\/wp-json\/wp\/v2\/categories?post=53989"},{"taxonomy":"post_tag","embeddable":true,"href":"https:\/\/www.hoymercedes.com.ar\/principal\/wp-json\/wp\/v2\/tags?post=53989"}],"curies":[{"name":"wp","href":"https:\/\/api.w.org\/{rel}","templated":true}]}}