{"id":54052,"date":"2016-08-29T10:36:58","date_gmt":"2016-08-29T13:36:58","guid":{"rendered":"http:\/\/www.hoymercedes.com.ar\/principal\/?p=54052"},"modified":"2016-08-29T19:41:07","modified_gmt":"2016-08-29T22:41:07","slug":"piedrazos-en-el-alma","status":"publish","type":"post","link":"https:\/\/www.hoymercedes.com.ar\/principal\/2016\/08\/29\/piedrazos-en-el-alma\/","title":{"rendered":"Piedrazos en el Alma"},"content":{"rendered":"<p style=\"text-align: right;\">Si buscas venganza prepara dos tumbas<\/p>\n<p style=\"text-align: right;\">(Proverbio chino)<\/p>\n<p><img loading=\"lazy\" decoding=\"async\" data-attachment-id=\"54053\" data-permalink=\"https:\/\/www.hoymercedes.com.ar\/principal\/2016\/08\/29\/piedrazos-en-el-alma\/29-piedrazos-en-el-alma-foto1\/#main\" data-orig-file=\"https:\/\/www.hoymercedes.com.ar\/principal\/wp-content\/uploads\/2016\/08\/29-PIEDRAZOS-EN-EL-ALMA-foto1.jpg\" data-orig-size=\"293,187\" data-comments-opened=\"1\" data-image-meta=\"{&quot;aperture&quot;:&quot;0&quot;,&quot;credit&quot;:&quot;Picasa&quot;,&quot;camera&quot;:&quot;&quot;,&quot;caption&quot;:&quot;&quot;,&quot;created_timestamp&quot;:&quot;1471987432&quot;,&quot;copyright&quot;:&quot;&quot;,&quot;focal_length&quot;:&quot;0&quot;,&quot;iso&quot;:&quot;0&quot;,&quot;shutter_speed&quot;:&quot;0&quot;,&quot;title&quot;:&quot;&quot;,&quot;orientation&quot;:&quot;0&quot;}\" data-image-title=\"29 PIEDRAZOS EN EL ALMA foto1\" data-image-description=\"\" data-image-caption=\"\" data-large-file=\"https:\/\/www.hoymercedes.com.ar\/principal\/wp-content\/uploads\/2016\/08\/29-PIEDRAZOS-EN-EL-ALMA-foto1.jpg\" class=\"aligncenter size-full wp-image-54053\" src=\"https:\/\/www.hoymercedes.com.ar\/principal\/wp-content\/uploads\/2016\/08\/29-PIEDRAZOS-EN-EL-ALMA-foto1.jpg\" alt=\"29 PIEDRAZOS EN EL ALMA foto1\" width=\"293\" height=\"187\" srcset=\"https:\/\/www.hoymercedes.com.ar\/principal\/wp-content\/uploads\/2016\/08\/29-PIEDRAZOS-EN-EL-ALMA-foto1.jpg 293w, https:\/\/www.hoymercedes.com.ar\/principal\/wp-content\/uploads\/2016\/08\/29-PIEDRAZOS-EN-EL-ALMA-foto1-150x96.jpg 150w\" sizes=\"auto, (max-width: 293px) 100vw, 293px\" \/>El viernes 19 de Agosto muri\u00f3 nuestra t\u00eda Betty. La llevamos a descansar junto a sus hermanos. Volv\u00edamos buscando la serenidad de la casa paterna para charlar en familia, para mi madre era la \u00faltima de su generaci\u00f3n que se iba, para los dem\u00e1s tambi\u00e9n.<\/p>\n<p>Pero no pudimos estar entre nosotros. Llegando al barrio de nuestra infancia un vendaval de furia y violencia juvenil se desat\u00f3 justo delante de nuestros ojos. De pronto la querida calle 7 de nuestra ni\u00f1ez, aquella que he retratado con dulces an\u00e9cdotas en mis libros, se vio tapizada de cascotes y baldosas que j\u00f3venes de colegios mercedinos se lanzaban salvajemente, procurando da\u00f1arse mutuamente.<\/p>\n<p>Mi barrio parec\u00eda Beirut, as\u00ed de golpe. Y los David eran decenas de pares que lanzaban sus piedras sin tener enfrente a ning\u00fan Goliath, ni causas, ni ideales, ni injusticias, s\u00f3lo adolescentes de la misma edad procurando otro a qui\u00e9n da\u00f1ar, a quien herir.<\/p>\n<p>Una Intifada intercolegial que no lleva a ninguna parte, salvo al desastre. Porque s\u00ed.<\/p>\n<p>Sus proyectiles, cargados en mochilas que deb\u00edan llevar libros, pudieron impactar sobre la cabeza de un anciano o un ni\u00f1o desprevenido que acertara a estar en el lugar equivocado. S\u00f3lo un milagro hizo que no fuera infinitamente peor de lo que fue.<\/p>\n<p>La polic\u00eda, por doquier, completaba el escenario impensado, muchachos contra una pared como en nuestras peores \u00e9pocas, s\u00f3lo que esta historia se ha construido en democracia, entre j\u00f3venes que debieran ser amigos, compartir una ciudad, una \u00e9poca y mil cosas agradables. Pero han determinado ser sus propios enemigos.<\/p>\n<p>Existen razones de todo tipo. Las existen sociales y pol\u00edticas. Hist\u00f3ricas si se quiere. No es casual que hace 25 a\u00f1os que tenemos presidentes y dirigentes encauzados judicialmente por diferentes causas y razones. No es el contexto ideal para sembrar valores. No lo es.<\/p>\n<p>Hay incumbencias institucionales; los j\u00f3venes se agrupan en torno a la identidad de determinados colegios o clubes deportivos. Han creado una m\u00edstica de la violencia que dichas instituciones rechazan y no desean en absoluto, pero que se originaron en torno a ellas y hoy ya son una realidad. Realidad que se debe revertir.<\/p>\n<p>Por sus historias y por el espacio social que representan.<\/p>\n<p>Muchas de estas instituciones han trabajado con ah\u00ednco este grave problema pero deben redoblar sus esfuerzos, convocar-nos al resto de la sociedad para colaborar en desarmar estos odios que han ganado, casi inconcebiblemente, a una parte de nuestra juventud.<\/p>\n<p>Por supuesto el Municipio tiene un lugar de privilegio para integrar a las partes en un di\u00e1logo, a las instituciones para trabajar codo a codo, a mediadores, a los propios j\u00f3venes. Desde la cabeza del Estado local pueden sostenerse iniciativas comunitarias como una Marcha por la Paz por ejemplo, prevenir, hacer docencia permanente, charlas, talleres.<\/p>\n<p>Su rol es estrat\u00e9gico e irremplazable.<\/p>\n<p>Y finalmente hay responsabilidades individuales y familiares. Los j\u00f3venes ya mayores de edad deben responder ante la Justicia por da\u00f1os y perjuicios ocasionados a terceros. Para el resto, esta situaci\u00f3n requiere del urgente compromiso activo de padres, hacerse cargo de sus hijos y sus acciones. Requerir ayuda a personas id\u00f3neas es un acto de humildad y autocr\u00edtica que a nadie deber\u00eda avergonzar. Reunirse con otros padres, -de cualquier instituci\u00f3n- es mostrar a nuestros hijos que son nuestros vecinos, no soldados de otro ej\u00e9rcito. Nadie puede s\u00f3lo en definitiva.<\/p>\n<p>Ninguno debe ser indiferente o ponerse a un costado de lo que est\u00e1 pasando desde hace varios a\u00f1os en nuestra querida Mercedes. Cada uno, desde nuestro lugar, podemos sumar un grano de arena, indispensable para re-construir la paz tan necesaria a nuestras vidas.<\/p>\n<p>De lo contrario un d\u00eda tocar\u00e1n a nuestra puerta tray\u00e9ndonos la peor noticia. Las piedras no s\u00f3lo golpear\u00e1n nuestras almas sino a nuestros seres queridos o a cualquier ser.<\/p>\n<p>Que es lo mismo. Nunca es una la v\u00edctima.<\/p>\n<p>Pero ya ser\u00e1 tarde.<\/p>\n<p>&nbsp;<\/p>\n<p style=\"text-align: right;\">\u00a0 \u00a0 Oscar Dinova \u2013 Escritor &#8211;\u00a0Egresado 1973 &#8211; Colegio San Patricio<\/p>\n","protected":false},"excerpt":{"rendered":"<p>Si buscas venganza prepara dos tumbas (Proverbio chino) El viernes 19 de Agosto muri\u00f3 nuestra t\u00eda Betty. La llevamos a &#8230; <a title=\"Piedrazos en el Alma\" class=\"read-more\" href=\"https:\/\/www.hoymercedes.com.ar\/principal\/2016\/08\/29\/piedrazos-en-el-alma\/\" aria-label=\"Leer m\u00e1s sobre Piedrazos en el Alma\">Leer m\u00e1s<\/a><\/p>\n","protected":false},"author":1,"featured_media":54053,"comment_status":"open","ping_status":"open","sticky":false,"template":"","format":"standard","meta":{"_monsterinsights_skip_tracking":false,"_monsterinsights_sitenote_active":false,"_monsterinsights_sitenote_note":"","_monsterinsights_sitenote_category":0,"jetpack_post_was_ever_published":false,"_jetpack_newsletter_access":"","_jetpack_dont_email_post_to_subs":false,"_jetpack_newsletter_tier_id":0,"_jetpack_memberships_contains_paywalled_content":false,"_jetpack_memberships_contains_paid_content":false,"footnotes":"","jetpack_publicize_message":"","jetpack_publicize_feature_enabled":true,"jetpack_social_post_already_shared":true,"jetpack_social_options":{"image_generator_settings":{"template":"highway","default_image_id":0,"font":"","enabled":false},"version":2},"_wpas_customize_per_network":false},"categories":[1,8],"tags":[8748,1288],"class_list":["post-54052","post","type-post","status-publish","format-standard","has-post-thumbnail","hentry","category-opinion","category-sociedad","tag-opinion","tag-oscar-dinova","generate-columns","tablet-grid-50","mobile-grid-100","grid-parent","grid-50"],"jetpack_publicize_connections":[],"jetpack_featured_media_url":"https:\/\/www.hoymercedes.com.ar\/principal\/wp-content\/uploads\/2016\/08\/29-PIEDRAZOS-EN-EL-ALMA-foto1.jpg","wps_subtitle":"Por Oscar Dinova","jetpack_sharing_enabled":true,"_links":{"self":[{"href":"https:\/\/www.hoymercedes.com.ar\/principal\/wp-json\/wp\/v2\/posts\/54052","targetHints":{"allow":["GET"]}}],"collection":[{"href":"https:\/\/www.hoymercedes.com.ar\/principal\/wp-json\/wp\/v2\/posts"}],"about":[{"href":"https:\/\/www.hoymercedes.com.ar\/principal\/wp-json\/wp\/v2\/types\/post"}],"author":[{"embeddable":true,"href":"https:\/\/www.hoymercedes.com.ar\/principal\/wp-json\/wp\/v2\/users\/1"}],"replies":[{"embeddable":true,"href":"https:\/\/www.hoymercedes.com.ar\/principal\/wp-json\/wp\/v2\/comments?post=54052"}],"version-history":[{"count":0,"href":"https:\/\/www.hoymercedes.com.ar\/principal\/wp-json\/wp\/v2\/posts\/54052\/revisions"}],"wp:featuredmedia":[{"embeddable":true,"href":"https:\/\/www.hoymercedes.com.ar\/principal\/wp-json\/wp\/v2\/media\/54053"}],"wp:attachment":[{"href":"https:\/\/www.hoymercedes.com.ar\/principal\/wp-json\/wp\/v2\/media?parent=54052"}],"wp:term":[{"taxonomy":"category","embeddable":true,"href":"https:\/\/www.hoymercedes.com.ar\/principal\/wp-json\/wp\/v2\/categories?post=54052"},{"taxonomy":"post_tag","embeddable":true,"href":"https:\/\/www.hoymercedes.com.ar\/principal\/wp-json\/wp\/v2\/tags?post=54052"}],"curies":[{"name":"wp","href":"https:\/\/api.w.org\/{rel}","templated":true}]}}